{"id":7869,"date":"2026-01-13T16:07:00","date_gmt":"2026-01-13T15:07:00","guid":{"rendered":"https:\/\/tragento.com\/?p=7869"},"modified":"2026-01-13T16:07:00","modified_gmt":"2026-01-13T15:07:00","slug":"passengers-are-already-securing-rental-cars-for-spring-and-summer-2026","status":"publish","type":"post","link":"https:\/\/tragento.com\/en\/rent-a-car-trziste-putnici-vec-sada-osiguravaju-rent-a-car-za-proljece-i-ljeto-2026\/","title":{"rendered":"Rent-a-car market: Travellers are already securing rental cars for Spring and Summer 2026"},"content":{"rendered":"<p class=\"wp-block-paragraph\"><a href=\"https:\/\/tragento.com\/en\/category\/transport\/car-rental\/\">In the car rental market<\/a> A quiet but important change is happening. According to Sunny Cars' analysis for December 2025, more than half of all bookings are already for travel from March 2026 onwards. Guests are not waiting until the last minute. While 44 percent of bookings were for winter departures until February, an even larger portion went to the warmer months. As much as 28 percent are for spring and 19 percent for summer 2026. This is a clear sign that next season is filling up significantly earlier than before.<\/p>\n\n\n\n<p class=\"wp-block-paragraph\">Advance booking is becoming a new habit. Travellers who book in advance get a wider choice of vehicles, find it easier to get an automatic, SUV or family model, and, as a rule, get a better price. In a period of constantly growing demand, this is increasingly important.<\/p>\n\n\n\n<p class=\"wp-block-paragraph\">Greece stands out in particular. In December, it recorded strong growth and overtook Italy and the USA in terms of car rental reservations. This placed it third among the most popular markets.<\/p>\n\n\n\n<p class=\"wp-block-paragraph\">The most searched-for car hire destinations currently are:<br>Spain<br>Portugal<br>Greece<br>Sad<br>Italy<\/p>\n\n\n\n<p class=\"wp-block-paragraph\">It is also interesting that colder destinations like Canada, Norway and Iceland are increasingly appearing among the top ten most sought-after. This shows how much road trips, nature and active holidays have become an important part of travel plans.<\/p>\n\n\n\n<p class=\"wp-block-paragraph\">Prices are seeing a slight increase. The average rental price for eight days in December 2025 was \u20ac468, up from \u20ac444 in November. However, this is still around \u20ac20 less than at the same time last year. In other words, prices are going up, but the market is still more favourable than in 2024.<\/p>\n\n\n\n<p class=\"wp-block-paragraph\"><\/p>","protected":false},"excerpt":{"rendered":"<p>Na tr\u017ei\u0161tu najma automobila doga\u0111a se tiha, ali va\u017ena promjena. Prema analizi Sunny Carsa za prosinac 2025., vi\u0161e od polovice svih rezervacija ve\u0107 se odnosi na putovanja od o\u017eujka 2026. nadalje. Gosti ne \u010dekaju zadnji trenutak. Iako je 44 posto rezervacija bilo za zimske odlaske&#8230;<\/p>","protected":false},"author":2,"featured_media":5449,"comment_status":"open","ping_status":"open","sticky":false,"template":"","format":"standard","meta":{"_tragento_display_category":0,"footnotes":""},"categories":[228,251,89],"tags":[179,123,183,77],"class_list":["post-7869","post","type-post","status-publish","format-standard","has-post-thumbnail","hentry","category-prijevoz","category-rentacar","category-vijesti","tag-destinacije","tag-dmc","tag-rentacar","tag-trendovi-2026"],"yoast_head":"<!-- This site is optimized with the Yoast SEO Premium plugin v28.4 (Yoast SEO v28.4) - https:\/\/yoast.com\/product\/yoast-seo-premium-wordpress\/ -->\n<title>Rent-a-car tr\u017ei\u0161te: Osigurajte svoj automobili unaprijed - Tragento<\/title>\n<meta name=\"description\" content=\"Rani booking na rent-a-car tr\u017ei\u0161tu postaje nova norma. Otkrijte kako rezervacije postaju klju\u010d za putovanja 2026.\" \/>\n<meta name=\"robots\" content=\"index, follow, max-snippet:-1, max-image-preview:large, max-video-preview:-1\" \/>\n<link rel=\"canonical\" href=\"https:\/\/tragento.com\/en\/passengers-are-already-securing-rental-cars-for-spring-and-summer-2026\/\" \/>\n<meta property=\"og:locale\" content=\"en_GB\" \/>\n<meta property=\"og:type\" content=\"article\" \/>\n<meta property=\"og:title\" content=\"Rent-a-car tr\u017ei\u0161te: Putnici ve\u0107 sada osiguravaju rent-a-car za prolje\u0107e i ljeto 2026\" \/>\n<meta property=\"og:description\" content=\"Rani booking na rent-a-car tr\u017ei\u0161tu postaje nova norma. Otkrijte kako rezervacije postaju klju\u010d za putovanja 2026.\" \/>\n<meta property=\"og:url\" content=\"https:\/\/tragento.com\/en\/passengers-are-already-securing-rental-cars-for-spring-and-summer-2026\/\" \/>\n<meta property=\"og:site_name\" content=\"Tragento\" \/>\n<meta property=\"article:publisher\" content=\"https:\/\/www.facebook.com\/profile.php?id=61567461024345\" \/>\n<meta property=\"article:published_time\" content=\"2026-01-13T15:07:00+00:00\" \/>\n<meta property=\"og:image\" content=\"https:\/\/tragento.com\/wp-content\/uploads\/2025\/07\/ChatGPT-Image-19.-srp-2025.-17_46_32-1024x683.png\" \/>\n\t<meta property=\"og:image:width\" content=\"1024\" \/>\n\t<meta property=\"og:image:height\" content=\"683\" \/>\n\t<meta property=\"og:image:type\" content=\"image\/png\" \/>\n<meta name=\"author\" content=\"stipan.spaija\" \/>\n<meta name=\"twitter:card\" content=\"summary_large_image\" \/>\n<meta name=\"twitter:label1\" content=\"Written by\" \/>\n\t<meta name=\"twitter:data1\" content=\"stipan.spaija\" \/>\n\t<meta name=\"twitter:label2\" content=\"Estimated reading time\" \/>\n\t<meta name=\"twitter:data2\" content=\"2 minutes\" \/>\n<script type=\"application\/ld+json\" class=\"yoast-schema-graph\">{\"@context\":\"https:\\\/\\\/schema.org\",\"@graph\":[{\"@type\":\"Article\",\"@id\":\"https:\\\/\\\/tragento.com\\\/rent-a-car-trziste-putnici-vec-sada-osiguravaju-rent-a-car-za-proljece-i-ljeto-2026\\\/#article\",\"isPartOf\":{\"@id\":\"https:\\\/\\\/tragento.com\\\/rent-a-car-trziste-putnici-vec-sada-osiguravaju-rent-a-car-za-proljece-i-ljeto-2026\\\/\"},\"author\":{\"name\":\"stipan.spaija\",\"@id\":\"https:\\\/\\\/tragento.com\\\/#\\\/schema\\\/person\\\/90a4711289a0230e41987dc84e2a8f1f\"},\"headline\":\"Rent-a-car tr\u017ei\u0161te: Putnici ve\u0107 sada osiguravaju rent-a-car za prolje\u0107e i ljeto 2026\",\"datePublished\":\"2026-01-13T15:07:00+00:00\",\"mainEntityOfPage\":{\"@id\":\"https:\\\/\\\/tragento.com\\\/rent-a-car-trziste-putnici-vec-sada-osiguravaju-rent-a-car-za-proljece-i-ljeto-2026\\\/\"},\"wordCount\":274,\"commentCount\":0,\"publisher\":{\"@id\":\"https:\\\/\\\/tragento.com\\\/#organization\"},\"image\":{\"@id\":\"https:\\\/\\\/tragento.com\\\/rent-a-car-trziste-putnici-vec-sada-osiguravaju-rent-a-car-za-proljece-i-ljeto-2026\\\/#primaryimage\"},\"thumbnailUrl\":\"https:\\\/\\\/tragento.com\\\/wp-content\\\/uploads\\\/2025\\\/07\\\/ChatGPT-Image-19.-srp-2025.-17_46_32.png\",\"keywords\":[\"destinacije\",\"dmc\",\"rentacar\",\"trendovi 2026\"],\"articleSection\":[\"Prijevoz\",\"Rent a car\",\"Vijesti\"],\"inLanguage\":\"en-GB\"},{\"@type\":\"WebPage\",\"@id\":\"https:\\\/\\\/tragento.com\\\/rent-a-car-trziste-putnici-vec-sada-osiguravaju-rent-a-car-za-proljece-i-ljeto-2026\\\/\",\"url\":\"https:\\\/\\\/tragento.com\\\/rent-a-car-trziste-putnici-vec-sada-osiguravaju-rent-a-car-za-proljece-i-ljeto-2026\\\/\",\"name\":\"Rent-a-car tr\u017ei\u0161te: Osigurajte svoj automobili unaprijed - Tragento\",\"isPartOf\":{\"@id\":\"https:\\\/\\\/tragento.com\\\/#website\"},\"primaryImageOfPage\":{\"@id\":\"https:\\\/\\\/tragento.com\\\/rent-a-car-trziste-putnici-vec-sada-osiguravaju-rent-a-car-za-proljece-i-ljeto-2026\\\/#primaryimage\"},\"image\":{\"@id\":\"https:\\\/\\\/tragento.com\\\/rent-a-car-trziste-putnici-vec-sada-osiguravaju-rent-a-car-za-proljece-i-ljeto-2026\\\/#primaryimage\"},\"thumbnailUrl\":\"https:\\\/\\\/tragento.com\\\/wp-content\\\/uploads\\\/2025\\\/07\\\/ChatGPT-Image-19.-srp-2025.-17_46_32.png\",\"datePublished\":\"2026-01-13T15:07:00+00:00\",\"description\":\"Rani booking na rent-a-car tr\u017ei\u0161tu postaje nova norma. Otkrijte kako rezervacije postaju klju\u010d za putovanja 2026.\",\"breadcrumb\":{\"@id\":\"https:\\\/\\\/tragento.com\\\/rent-a-car-trziste-putnici-vec-sada-osiguravaju-rent-a-car-za-proljece-i-ljeto-2026\\\/#breadcrumb\"},\"inLanguage\":\"en-GB\",\"potentialAction\":[{\"@type\":\"ReadAction\",\"target\":[\"https:\\\/\\\/tragento.com\\\/rent-a-car-trziste-putnici-vec-sada-osiguravaju-rent-a-car-za-proljece-i-ljeto-2026\\\/\"]}]},{\"@type\":\"ImageObject\",\"inLanguage\":\"en-GB\",\"@id\":\"https:\\\/\\\/tragento.com\\\/rent-a-car-trziste-putnici-vec-sada-osiguravaju-rent-a-car-za-proljece-i-ljeto-2026\\\/#primaryimage\",\"url\":\"https:\\\/\\\/tragento.com\\\/wp-content\\\/uploads\\\/2025\\\/07\\\/ChatGPT-Image-19.-srp-2025.-17_46_32.png\",\"contentUrl\":\"https:\\\/\\\/tragento.com\\\/wp-content\\\/uploads\\\/2025\\\/07\\\/ChatGPT-Image-19.-srp-2025.-17_46_32.png\",\"width\":1536,\"height\":1024,\"caption\":\"ilustracija\"},{\"@type\":\"BreadcrumbList\",\"@id\":\"https:\\\/\\\/tragento.com\\\/rent-a-car-trziste-putnici-vec-sada-osiguravaju-rent-a-car-za-proljece-i-ljeto-2026\\\/#breadcrumb\",\"itemListElement\":[{\"@type\":\"ListItem\",\"position\":1,\"name\":\"Home\",\"item\":\"https:\\\/\\\/tragento.com\\\/\"},{\"@type\":\"ListItem\",\"position\":2,\"name\":\"Rent-a-car tr\u017ei\u0161te: Putnici ve\u0107 sada osiguravaju rent-a-car za prolje\u0107e i ljeto 2026\"}]},{\"@type\":\"WebSite\",\"@id\":\"https:\\\/\\\/tragento.com\\\/#website\",\"url\":\"https:\\\/\\\/tragento.com\\\/\",\"name\":\"Tragento\",\"description\":\"Your Trusted Travel Partner\",\"publisher\":{\"@id\":\"https:\\\/\\\/tragento.com\\\/#organization\"},\"potentialAction\":[{\"@type\":\"SearchAction\",\"target\":{\"@type\":\"EntryPoint\",\"urlTemplate\":\"https:\\\/\\\/tragento.com\\\/?s={search_term_string}\"},\"query-input\":{\"@type\":\"PropertyValueSpecification\",\"valueRequired\":true,\"valueName\":\"search_term_string\"}}],\"inLanguage\":\"en-GB\"},{\"@type\":\"Organization\",\"@id\":\"https:\\\/\\\/tragento.com\\\/#organization\",\"name\":\"Tragento\",\"url\":\"https:\\\/\\\/tragento.com\\\/\",\"logo\":{\"@type\":\"ImageObject\",\"inLanguage\":\"en-GB\",\"@id\":\"https:\\\/\\\/tragento.com\\\/#\\\/schema\\\/logo\\\/image\\\/\",\"url\":\"https:\\\/\\\/tragento.com\\\/wp-content\\\/uploads\\\/2026\\\/08\\\/Wordpress-Transparent.png\",\"contentUrl\":\"https:\\\/\\\/tragento.com\\\/wp-content\\\/uploads\\\/2026\\\/08\\\/Wordpress-Transparent.png\",\"width\":512,\"height\":512,\"caption\":\"Tragento\"},\"image\":{\"@id\":\"https:\\\/\\\/tragento.com\\\/#\\\/schema\\\/logo\\\/image\\\/\"},\"sameAs\":[\"https:\\\/\\\/www.facebook.com\\\/profile.php?id=61567461024345\"],\"email\":\"info@tragento.com\",\"vatID\":\"HR80113219655\"},{\"@type\":\"Person\",\"@id\":\"https:\\\/\\\/tragento.com\\\/#\\\/schema\\\/person\\\/90a4711289a0230e41987dc84e2a8f1f\",\"name\":\"stipan.spaija\",\"image\":{\"@type\":\"ImageObject\",\"inLanguage\":\"en-GB\",\"@id\":\"https:\\\/\\\/secure.gravatar.com\\\/avatar\\\/46ef65dabb1d8437d028b65b563fda6f57826810ab502a7f951be82634843f60?s=96&d=mm&r=g\",\"url\":\"https:\\\/\\\/secure.gravatar.com\\\/avatar\\\/46ef65dabb1d8437d028b65b563fda6f57826810ab502a7f951be82634843f60?s=96&d=mm&r=g\",\"contentUrl\":\"https:\\\/\\\/secure.gravatar.com\\\/avatar\\\/46ef65dabb1d8437d028b65b563fda6f57826810ab502a7f951be82634843f60?s=96&d=mm&r=g\",\"caption\":\"stipan.spaija\"},\"birthDate\":\"1978-03-22\",\"gender\":\"Male\",\"knowsLanguage\":[\"Croatian\",\"English\"],\"url\":\"https:\\\/\\\/tragento.com\\\/en\\\/author\\\/stipan-spaija\\\/\"}]}<\/script>\n<!-- \/ Yoast SEO Premium plugin. -->","yoast_head_json":{"title":"Car Rental Market: Secure your car in advance - Tragento","description":"Rani rezervacijski popusti na tr\u017ei\u0161tu najma automobila postaju nova norma. Otkrijte kako rezervacije postaju klju\u010d za putovanja 2026.","robots":{"index":"index","follow":"follow","max-snippet":"max-snippet:-1","max-image-preview":"max-image-preview:large","max-video-preview":"max-video-preview:-1"},"canonical":"https:\/\/tragento.com\/en\/passengers-are-already-securing-rental-cars-for-spring-and-summer-2026\/","og_locale":"en_GB","og_type":"article","og_title":"Rent-a-car tr\u017ei\u0161te: Putnici ve\u0107 sada osiguravaju rent-a-car za prolje\u0107e i ljeto 2026","og_description":"Rani booking na rent-a-car tr\u017ei\u0161tu postaje nova norma. Otkrijte kako rezervacije postaju klju\u010d za putovanja 2026.","og_url":"https:\/\/tragento.com\/en\/passengers-are-already-securing-rental-cars-for-spring-and-summer-2026\/","og_site_name":"Tragento","article_publisher":"https:\/\/www.facebook.com\/profile.php?id=61567461024345","article_published_time":"2026-01-13T15:07:00+00:00","og_image":[{"width":1024,"height":683,"url":"https:\/\/tragento.com\/wp-content\/uploads\/2025\/07\/ChatGPT-Image-19.-srp-2025.-17_46_32-1024x683.png","type":"image\/png"}],"author":"stipan.spaija","twitter_card":"summary_large_image","twitter_misc":{"Written by":"stipan.spaija","Estimated reading time":"2 minutes"},"schema":{"@context":"https:\/\/schema.org","@graph":[{"@type":"Article","@id":"https:\/\/tragento.com\/rent-a-car-trziste-putnici-vec-sada-osiguravaju-rent-a-car-za-proljece-i-ljeto-2026\/#article","isPartOf":{"@id":"https:\/\/tragento.com\/rent-a-car-trziste-putnici-vec-sada-osiguravaju-rent-a-car-za-proljece-i-ljeto-2026\/"},"author":{"name":"stipan.spaija","@id":"https:\/\/tragento.com\/#\/schema\/person\/90a4711289a0230e41987dc84e2a8f1f"},"headline":"Rent-a-car tr\u017ei\u0161te: Putnici ve\u0107 sada osiguravaju rent-a-car za prolje\u0107e i ljeto 2026","datePublished":"2026-01-13T15:07:00+00:00","mainEntityOfPage":{"@id":"https:\/\/tragento.com\/rent-a-car-trziste-putnici-vec-sada-osiguravaju-rent-a-car-za-proljece-i-ljeto-2026\/"},"wordCount":274,"commentCount":0,"publisher":{"@id":"https:\/\/tragento.com\/#organization"},"image":{"@id":"https:\/\/tragento.com\/rent-a-car-trziste-putnici-vec-sada-osiguravaju-rent-a-car-za-proljece-i-ljeto-2026\/#primaryimage"},"thumbnailUrl":"https:\/\/tragento.com\/wp-content\/uploads\/2025\/07\/ChatGPT-Image-19.-srp-2025.-17_46_32.png","keywords":["destinacije","dmc","rentacar","trendovi 2026"],"articleSection":["Prijevoz","Rent a car","Vijesti"],"inLanguage":"en-GB"},{"@type":"WebPage","@id":"https:\/\/tragento.com\/rent-a-car-trziste-putnici-vec-sada-osiguravaju-rent-a-car-za-proljece-i-ljeto-2026\/","url":"https:\/\/tragento.com\/rent-a-car-trziste-putnici-vec-sada-osiguravaju-rent-a-car-za-proljece-i-ljeto-2026\/","name":"Car Rental Market: Secure your car in advance - Tragento","isPartOf":{"@id":"https:\/\/tragento.com\/#website"},"primaryImageOfPage":{"@id":"https:\/\/tragento.com\/rent-a-car-trziste-putnici-vec-sada-osiguravaju-rent-a-car-za-proljece-i-ljeto-2026\/#primaryimage"},"image":{"@id":"https:\/\/tragento.com\/rent-a-car-trziste-putnici-vec-sada-osiguravaju-rent-a-car-za-proljece-i-ljeto-2026\/#primaryimage"},"thumbnailUrl":"https:\/\/tragento.com\/wp-content\/uploads\/2025\/07\/ChatGPT-Image-19.-srp-2025.-17_46_32.png","datePublished":"2026-01-13T15:07:00+00:00","description":"Rani rezervacijski popusti na tr\u017ei\u0161tu najma automobila postaju nova norma. Otkrijte kako rezervacije postaju klju\u010d za putovanja 2026.","breadcrumb":{"@id":"https:\/\/tragento.com\/rent-a-car-trziste-putnici-vec-sada-osiguravaju-rent-a-car-za-proljece-i-ljeto-2026\/#breadcrumb"},"inLanguage":"en-GB","potentialAction":[{"@type":"ReadAction","target":["https:\/\/tragento.com\/rent-a-car-trziste-putnici-vec-sada-osiguravaju-rent-a-car-za-proljece-i-ljeto-2026\/"]}]},{"@type":"ImageObject","inLanguage":"en-GB","@id":"https:\/\/tragento.com\/rent-a-car-trziste-putnici-vec-sada-osiguravaju-rent-a-car-za-proljece-i-ljeto-2026\/#primaryimage","url":"https:\/\/tragento.com\/wp-content\/uploads\/2025\/07\/ChatGPT-Image-19.-srp-2025.-17_46_32.png","contentUrl":"https:\/\/tragento.com\/wp-content\/uploads\/2025\/07\/ChatGPT-Image-19.-srp-2025.-17_46_32.png","width":1536,"height":1024,"caption":"ilustracija"},{"@type":"BreadcrumbList","@id":"https:\/\/tragento.com\/rent-a-car-trziste-putnici-vec-sada-osiguravaju-rent-a-car-za-proljece-i-ljeto-2026\/#breadcrumb","itemListElement":[{"@type":"ListItem","position":1,"name":"Home","item":"https:\/\/tragento.com\/"},{"@type":"ListItem","position":2,"name":"Rent-a-car tr\u017ei\u0161te: Putnici ve\u0107 sada osiguravaju rent-a-car za prolje\u0107e i ljeto 2026"}]},{"@type":"WebSite","@id":"https:\/\/tragento.com\/#website","url":"https:\/\/tragento.com\/","name":"Tragento","description":"Your Trusted Travel Partner","publisher":{"@id":"https:\/\/tragento.com\/#organization"},"potentialAction":[{"@type":"SearchAction","target":{"@type":"EntryPoint","urlTemplate":"https:\/\/tragento.com\/?s={search_term_string}"},"query-input":{"@type":"PropertyValueSpecification","valueRequired":true,"valueName":"search_term_string"}}],"inLanguage":"en-GB"},{"@type":"Organization","@id":"https:\/\/tragento.com\/#organization","name":"Tragento","url":"https:\/\/tragento.com\/","logo":{"@type":"ImageObject","inLanguage":"en-GB","@id":"https:\/\/tragento.com\/#\/schema\/logo\/image\/","url":"https:\/\/tragento.com\/wp-content\/uploads\/2026\/08\/Wordpress-Transparent.png","contentUrl":"https:\/\/tragento.com\/wp-content\/uploads\/2026\/08\/Wordpress-Transparent.png","width":512,"height":512,"caption":"Tragento"},"image":{"@id":"https:\/\/tragento.com\/#\/schema\/logo\/image\/"},"sameAs":["https:\/\/www.facebook.com\/profile.php?id=61567461024345"],"email":"info@tragento.com","vatID":"HR80113219655"},{"@type":"Person","@id":"https:\/\/tragento.com\/#\/schema\/person\/90a4711289a0230e41987dc84e2a8f1f","name":"Stipan Spaija","image":{"@type":"ImageObject","inLanguage":"en-GB","@id":"https:\/\/secure.gravatar.com\/avatar\/46ef65dabb1d8437d028b65b563fda6f57826810ab502a7f951be82634843f60?s=96&d=mm&r=g","url":"https:\/\/secure.gravatar.com\/avatar\/46ef65dabb1d8437d028b65b563fda6f57826810ab502a7f951be82634843f60?s=96&d=mm&r=g","contentUrl":"https:\/\/secure.gravatar.com\/avatar\/46ef65dabb1d8437d028b65b563fda6f57826810ab502a7f951be82634843f60?s=96&d=mm&r=g","caption":"stipan.spaija"},"birthDate":"1978-03-22","gender":"Male","knowsLanguage":["Croatian","English"],"url":"https:\/\/tragento.com\/en\/author\/stipan-spaija\/"}]}},"tragento_display_category":{"id":228,"name":"Transport","slug":"transport","link":"https:\/\/tragento.com\/en\/category\/prijevoz\/"},"_links":{"self":[{"href":"https:\/\/tragento.com\/en\/wp-json\/wp\/v2\/posts\/7869","targetHints":{"allow":["GET"]}}],"collection":[{"href":"https:\/\/tragento.com\/en\/wp-json\/wp\/v2\/posts"}],"about":[{"href":"https:\/\/tragento.com\/en\/wp-json\/wp\/v2\/types\/post"}],"author":[{"embeddable":true,"href":"https:\/\/tragento.com\/en\/wp-json\/wp\/v2\/users\/2"}],"replies":[{"embeddable":true,"href":"https:\/\/tragento.com\/en\/wp-json\/wp\/v2\/comments?post=7869"}],"version-history":[{"count":0,"href":"https:\/\/tragento.com\/en\/wp-json\/wp\/v2\/posts\/7869\/revisions"}],"wp:featuredmedia":[{"embeddable":true,"href":"https:\/\/tragento.com\/en\/wp-json\/wp\/v2\/media\/5449"}],"wp:attachment":[{"href":"https:\/\/tragento.com\/en\/wp-json\/wp\/v2\/media?parent=7869"}],"wp:term":[{"taxonomy":"category","embeddable":true,"href":"https:\/\/tragento.com\/en\/wp-json\/wp\/v2\/categories?post=7869"},{"taxonomy":"post_tag","embeddable":true,"href":"https:\/\/tragento.com\/en\/wp-json\/wp\/v2\/tags?post=7869"}],"curies":[{"name":"wp","href":"https:\/\/api.w.org\/{rel}","templated":true}]}}