{"id":7334,"date":"2025-11-28T15:10:33","date_gmt":"2025-11-28T13:10:33","guid":{"rendered":"https:\/\/tragento.com\/?p=7334"},"modified":"2025-11-28T15:10:33","modified_gmt":"2025-11-28T13:10:33","slug":"the-56th-international-tourism-fair-opened-in-novi-sad-with-tourism-as-enjoyment-and-a-development-opportunity-for-the-region","status":"publish","type":"post","link":"https:\/\/tragento.com\/en\/poceo-56-medunarodni-sajam-turizma-u-novom-sadu-turizam-kao-uzivanje-i-razvojna-prilika-regije\/","title":{"rendered":"The 56th International Tourism Fair begins in Novi Sad: Tourism as enjoyment and a development opportunity for the region"},"content":{"rendered":"<p class=\"is-style-info wp-block-paragraph\">In Novi Sad yesterday, the grand opening of <a href=\"https:\/\/sajam.net\/en\">56th International Tourism Fair<\/a> \u2013 an event that has, in just a few years since becoming a standalone event, established itself as the second-largest tourism fair in the region. The message from the opening was clear and optimistic: <strong>Tourism must remain a pleasure, not an obligation<\/strong>.<\/p>\n\n\n\n<h2 class=\"wp-block-heading\" id=\"h-turizam-kao-emocija\">Tourism as an emotion<\/h2>\n\n\n\n<p class=\"wp-block-paragraph\">The Provincial Secretary for Economy and Tourism, Dr. Nenad Ivani\u0161evi\u0107, stated that the essence of tourism lies precisely in emotion \u2013 in the tastes, smells, memories, and experiences that enrich us. He also reminded that the decision to separate the fair from Lorist in 2022 was correct, as the event has significantly strengthened since then. In the last five years alone, almost <strong>10 billion dinars<\/strong>.<\/p>\n\n\n\n<h2 class=\"wp-block-heading\" id=\"h-250-izlagaca-iz-10-zemalja\">250 exhibitors from 10 countries<\/h2>\n\n\n\n<p class=\"wp-block-paragraph\"><a href=\"https:\/\/tragento.com\/en\/category\/tourism-industry-2\/\">This year the fair brings together more than <strong>250 exhibitors<\/strong> from ten countries \u2013 Serbia, North Macedonia (partner countries), Montenegro, Romania, Hungary, BiH, Bulgaria, Greece, Slovenia and Russia.<\/a> In the \u201eMaster\u201c Hall, tourist agencies, tour operators, hotels, spas, insurance companies, and numerous other organisations from the travel sector will be exhibiting.<\/p>\n\n\n\n<h2 class=\"wp-block-heading\" id=\"h-sjeverna-makedonija-jaca-kulturni-turizam\">North Macedonia strengthens cultural tourism<\/h2>\n\n\n\n<p class=\"wp-block-paragraph\">The Minister of Culture and Tourism of North Macedonia, Zoran Ljutykov, has highlighted that his country has merged culture and tourism into a single ministry to further stimulate the development of cultural tourism. Every year, over two million Serbian tourists pass through North Macedonia on their way to Greece, and the aim is to retain some of them. A new application with all the key information for visitors is already planned to be launched by 2026.<\/p>\n\n\n\n<h2 class=\"wp-block-heading\" id=\"h-novi-sad-sve-privlacniji-turistima\">Novi Sad increasingly attractive to tourists<\/h2>\n\n\n\n<p class=\"wp-block-paragraph\">The Mayor of Novi Sad, \u017darko Mi\u0107in, emphasised that the city was visited by more than <strong>150,000 tourists from 170 countries<\/strong>, around the eye <strong>400,000 overnight stays<\/strong>. Novi Sad is increasingly positioning itself on the European tourist map, and major infrastructure projects \u2013 the express railway to Subotica and future connection to Budapest \u2013 will further stimulate arrivals.<\/p>\n\n\n\n<p class=\"wp-block-paragraph\">Fru\u0161ka gora, rich in natural, cultural and spiritual content, remains one of the city's key assets, as do the titles that Novi Sad carries: European Youth Capital, European Capital of Culture, and from next year, European City of Sport.<\/p>\n\n\n\n<h2 class=\"wp-block-heading\" id=\"h-straussova-prica-kao-nova-atrakcija\">Strauss's Story as a New Attraction<\/h2>\n\n\n\n<p class=\"wp-block-paragraph\">Particular attention was also drawn to an interesting historical fact \u2013 during its first international tour 178 years ago, <strong>Johann Strauss the Younger<\/strong> He held two concerts right in Novi Sad. It is also believed that he got the idea for \u201eThe Blue Danube\u201c during his stay in Futog. The city plans to commemorate this connection in order to further enrich its cultural and tourist offer.<\/p>\n\n\n\n<h2 class=\"wp-block-heading\" id=\"h-trajanje-i-radno-vrijeme\">Duration and opening hours<\/h2>\n\n\n\n<p class=\"wp-block-paragraph\">The fair is held in the \u201eMaster\u201c Hall with an area of <strong>6,000 m\u00b2<\/strong> and lasts until <strong>Saturday, 29th November<\/strong>.<br><strong>Entry is free<\/strong>, and the opening hours are:<\/p>\n\n\n\n<ul class=\"wp-block-list\">\n<li>Thursday and Friday: <strong>10 am \u2013 7 pm<\/strong><\/li>\n\n\n\n<li>Saturday <strong>10:00 \u2013 17:00<\/strong><\/li>\n<\/ul>","protected":false},"excerpt":{"rendered":"<p>In Novi Sad yesterday, the 56th International Tourism Fair was ceremonially opened \u2013 an event that, in just a few years since becoming a standalone event, has established itself as the second-largest tourism fair in the region. The message from the opening was clear and optimistic: tourism must remain a pleasure,...<\/p>","protected":false},"author":2,"featured_media":7335,"comment_status":"open","ping_status":"open","sticky":false,"template":"","format":"standard","meta":{"_tragento_display_category":0,"footnotes":""},"categories":[102,85,120,143,89],"tags":[450,87,170,119],"class_list":["post-7334","post","type-post","status-publish","format-standard","has-post-thumbnail","hentry","category-agencije","category-dogadanja","category-edukacije","category-turistickaindustrija","category-vijesti","tag-novi-sad","tag-sajam","tag-srbija","tag-trendovi-2025"],"yoast_head":"<!-- This site is optimized with the Yoast SEO Premium plugin v28.4 (Yoast SEO v28.4) - https:\/\/yoast.com\/product\/yoast-seo-premium-wordpress\/ -->\n<title>Po\u010deo 56. Me\u0111unarodni sajm turizma s novim porukama - Tragento<\/title>\n<meta name=\"description\" content=\"Prou\u010dite kako je Po\u010deo 56. Me\u0111unarodni sajam turizma u Novom Sadu donio novu priliku za razvoj turizma u regiji.\" \/>\n<meta name=\"robots\" content=\"index, follow, max-snippet:-1, max-image-preview:large, max-video-preview:-1\" \/>\n<link rel=\"canonical\" href=\"https:\/\/tragento.com\/en\/the-56th-international-tourism-fair-opened-in-novi-sad-with-tourism-as-enjoyment-and-a-development-opportunity-for-the-region\/\" \/>\n<meta property=\"og:locale\" content=\"en_GB\" \/>\n<meta property=\"og:type\" content=\"article\" \/>\n<meta property=\"og:title\" content=\"Po\u010deo 56. Me\u0111unarodni sajam turizma u Novom Sadu: Turizam kao u\u017eivanje i razvojna prilika regije\" \/>\n<meta property=\"og:description\" content=\"Prou\u010dite kako je Po\u010deo 56. Me\u0111unarodni sajam turizma u Novom Sadu donio novu priliku za razvoj turizma u regiji.\" \/>\n<meta property=\"og:url\" content=\"https:\/\/tragento.com\/en\/the-56th-international-tourism-fair-opened-in-novi-sad-with-tourism-as-enjoyment-and-a-development-opportunity-for-the-region\/\" \/>\n<meta property=\"og:site_name\" content=\"Tragento\" \/>\n<meta property=\"article:publisher\" content=\"https:\/\/www.facebook.com\/profile.php?id=61567461024345\" \/>\n<meta property=\"article:published_time\" content=\"2025-11-28T13:10:33+00:00\" \/>\n<meta property=\"og:image\" content=\"https:\/\/tragento.com\/wp-content\/uploads\/2025\/11\/sajam-turizma-en-scaled-1.jpg\" \/>\n\t<meta property=\"og:image:width\" content=\"2560\" \/>\n\t<meta property=\"og:image:height\" content=\"960\" \/>\n\t<meta property=\"og:image:type\" content=\"image\/jpeg\" \/>\n<meta name=\"author\" content=\"stipan.spaija\" \/>\n<meta name=\"twitter:card\" content=\"summary_large_image\" \/>\n<meta name=\"twitter:label1\" content=\"Written by\" \/>\n\t<meta name=\"twitter:data1\" content=\"stipan.spaija\" \/>\n\t<meta name=\"twitter:label2\" content=\"Estimated reading time\" \/>\n\t<meta name=\"twitter:data2\" content=\"3 minutes\" \/>\n<script type=\"application\/ld+json\" class=\"yoast-schema-graph\">{\"@context\":\"https:\\\/\\\/schema.org\",\"@graph\":[{\"@type\":\"Article\",\"@id\":\"https:\\\/\\\/tragento.com\\\/poceo-56-medunarodni-sajam-turizma-u-novom-sadu-turizam-kao-uzivanje-i-razvojna-prilika-regije\\\/#article\",\"isPartOf\":{\"@id\":\"https:\\\/\\\/tragento.com\\\/poceo-56-medunarodni-sajam-turizma-u-novom-sadu-turizam-kao-uzivanje-i-razvojna-prilika-regije\\\/\"},\"author\":{\"name\":\"stipan.spaija\",\"@id\":\"https:\\\/\\\/tragento.com\\\/#\\\/schema\\\/person\\\/90a4711289a0230e41987dc84e2a8f1f\"},\"headline\":\"Po\u010deo 56. Me\u0111unarodni sajam turizma u Novom Sadu: Turizam kao u\u017eivanje i razvojna prilika regije\",\"datePublished\":\"2025-11-28T13:10:33+00:00\",\"mainEntityOfPage\":{\"@id\":\"https:\\\/\\\/tragento.com\\\/poceo-56-medunarodni-sajam-turizma-u-novom-sadu-turizam-kao-uzivanje-i-razvojna-prilika-regije\\\/\"},\"wordCount\":474,\"commentCount\":0,\"publisher\":{\"@id\":\"https:\\\/\\\/tragento.com\\\/#organization\"},\"image\":{\"@id\":\"https:\\\/\\\/tragento.com\\\/poceo-56-medunarodni-sajam-turizma-u-novom-sadu-turizam-kao-uzivanje-i-razvojna-prilika-regije\\\/#primaryimage\"},\"thumbnailUrl\":\"https:\\\/\\\/tragento.com\\\/wp-content\\\/uploads\\\/2025\\\/11\\\/sajam-turizma-en-scaled-1.jpg\",\"keywords\":[\"Novi Sad\",\"Sajam\",\"Srbija\",\"trendovi 2025\"],\"articleSection\":[\"Agencije\",\"Doga\u0111anja\",\"Edukacije\",\"Turisti\u010dka industrija\",\"Vijesti\"],\"inLanguage\":\"en-GB\"},{\"@type\":\"WebPage\",\"@id\":\"https:\\\/\\\/tragento.com\\\/poceo-56-medunarodni-sajam-turizma-u-novom-sadu-turizam-kao-uzivanje-i-razvojna-prilika-regije\\\/\",\"url\":\"https:\\\/\\\/tragento.com\\\/poceo-56-medunarodni-sajam-turizma-u-novom-sadu-turizam-kao-uzivanje-i-razvojna-prilika-regije\\\/\",\"name\":\"Po\u010deo 56. Me\u0111unarodni sajm turizma s novim porukama - Tragento\",\"isPartOf\":{\"@id\":\"https:\\\/\\\/tragento.com\\\/#website\"},\"primaryImageOfPage\":{\"@id\":\"https:\\\/\\\/tragento.com\\\/poceo-56-medunarodni-sajam-turizma-u-novom-sadu-turizam-kao-uzivanje-i-razvojna-prilika-regije\\\/#primaryimage\"},\"image\":{\"@id\":\"https:\\\/\\\/tragento.com\\\/poceo-56-medunarodni-sajam-turizma-u-novom-sadu-turizam-kao-uzivanje-i-razvojna-prilika-regije\\\/#primaryimage\"},\"thumbnailUrl\":\"https:\\\/\\\/tragento.com\\\/wp-content\\\/uploads\\\/2025\\\/11\\\/sajam-turizma-en-scaled-1.jpg\",\"datePublished\":\"2025-11-28T13:10:33+00:00\",\"description\":\"Prou\u010dite kako je Po\u010deo 56. Me\u0111unarodni sajam turizma u Novom Sadu donio novu priliku za razvoj turizma u regiji.\",\"breadcrumb\":{\"@id\":\"https:\\\/\\\/tragento.com\\\/poceo-56-medunarodni-sajam-turizma-u-novom-sadu-turizam-kao-uzivanje-i-razvojna-prilika-regije\\\/#breadcrumb\"},\"inLanguage\":\"en-GB\",\"potentialAction\":[{\"@type\":\"ReadAction\",\"target\":[\"https:\\\/\\\/tragento.com\\\/poceo-56-medunarodni-sajam-turizma-u-novom-sadu-turizam-kao-uzivanje-i-razvojna-prilika-regije\\\/\"]}]},{\"@type\":\"ImageObject\",\"inLanguage\":\"en-GB\",\"@id\":\"https:\\\/\\\/tragento.com\\\/poceo-56-medunarodni-sajam-turizma-u-novom-sadu-turizam-kao-uzivanje-i-razvojna-prilika-regije\\\/#primaryimage\",\"url\":\"https:\\\/\\\/tragento.com\\\/wp-content\\\/uploads\\\/2025\\\/11\\\/sajam-turizma-en-scaled-1.jpg\",\"contentUrl\":\"https:\\\/\\\/tragento.com\\\/wp-content\\\/uploads\\\/2025\\\/11\\\/sajam-turizma-en-scaled-1.jpg\",\"width\":2560,\"height\":960,\"caption\":\"Photo Sajam.net\"},{\"@type\":\"BreadcrumbList\",\"@id\":\"https:\\\/\\\/tragento.com\\\/poceo-56-medunarodni-sajam-turizma-u-novom-sadu-turizam-kao-uzivanje-i-razvojna-prilika-regije\\\/#breadcrumb\",\"itemListElement\":[{\"@type\":\"ListItem\",\"position\":1,\"name\":\"Home\",\"item\":\"https:\\\/\\\/tragento.com\\\/\"},{\"@type\":\"ListItem\",\"position\":2,\"name\":\"Po\u010deo 56. Me\u0111unarodni sajam turizma u Novom Sadu: Turizam kao u\u017eivanje i razvojna prilika regije\"}]},{\"@type\":\"WebSite\",\"@id\":\"https:\\\/\\\/tragento.com\\\/#website\",\"url\":\"https:\\\/\\\/tragento.com\\\/\",\"name\":\"Tragento\",\"description\":\"Your Trusted Travel Partner\",\"publisher\":{\"@id\":\"https:\\\/\\\/tragento.com\\\/#organization\"},\"potentialAction\":[{\"@type\":\"SearchAction\",\"target\":{\"@type\":\"EntryPoint\",\"urlTemplate\":\"https:\\\/\\\/tragento.com\\\/?s={search_term_string}\"},\"query-input\":{\"@type\":\"PropertyValueSpecification\",\"valueRequired\":true,\"valueName\":\"search_term_string\"}}],\"inLanguage\":\"en-GB\"},{\"@type\":\"Organization\",\"@id\":\"https:\\\/\\\/tragento.com\\\/#organization\",\"name\":\"Tragento\",\"url\":\"https:\\\/\\\/tragento.com\\\/\",\"logo\":{\"@type\":\"ImageObject\",\"inLanguage\":\"en-GB\",\"@id\":\"https:\\\/\\\/tragento.com\\\/#\\\/schema\\\/logo\\\/image\\\/\",\"url\":\"https:\\\/\\\/tragento.com\\\/wp-content\\\/uploads\\\/2026\\\/08\\\/Wordpress-Transparent.png\",\"contentUrl\":\"https:\\\/\\\/tragento.com\\\/wp-content\\\/uploads\\\/2026\\\/08\\\/Wordpress-Transparent.png\",\"width\":512,\"height\":512,\"caption\":\"Tragento\"},\"image\":{\"@id\":\"https:\\\/\\\/tragento.com\\\/#\\\/schema\\\/logo\\\/image\\\/\"},\"sameAs\":[\"https:\\\/\\\/www.facebook.com\\\/profile.php?id=61567461024345\"],\"email\":\"info@tragento.com\",\"vatID\":\"HR80113219655\"},{\"@type\":\"Person\",\"@id\":\"https:\\\/\\\/tragento.com\\\/#\\\/schema\\\/person\\\/90a4711289a0230e41987dc84e2a8f1f\",\"name\":\"stipan.spaija\",\"image\":{\"@type\":\"ImageObject\",\"inLanguage\":\"en-GB\",\"@id\":\"https:\\\/\\\/secure.gravatar.com\\\/avatar\\\/46ef65dabb1d8437d028b65b563fda6f57826810ab502a7f951be82634843f60?s=96&d=mm&r=g\",\"url\":\"https:\\\/\\\/secure.gravatar.com\\\/avatar\\\/46ef65dabb1d8437d028b65b563fda6f57826810ab502a7f951be82634843f60?s=96&d=mm&r=g\",\"contentUrl\":\"https:\\\/\\\/secure.gravatar.com\\\/avatar\\\/46ef65dabb1d8437d028b65b563fda6f57826810ab502a7f951be82634843f60?s=96&d=mm&r=g\",\"caption\":\"stipan.spaija\"},\"birthDate\":\"1978-03-22\",\"gender\":\"Male\",\"knowsLanguage\":[\"Croatian\",\"English\"],\"url\":\"https:\\\/\\\/tragento.com\\\/en\\\/author\\\/stipan-spaija\\\/\"}]}<\/script>\n<!-- \/ Yoast SEO Premium plugin. -->","yoast_head_json":{"title":"The 56th International Tourism Fair has begun with new messages - Tragento","description":"Learn how the 56th International Tourism Fair in Novi Sad presented a new opportunity for the development of tourism in the region.","robots":{"index":"index","follow":"follow","max-snippet":"max-snippet:-1","max-image-preview":"max-image-preview:large","max-video-preview":"max-video-preview:-1"},"canonical":"https:\/\/tragento.com\/en\/the-56th-international-tourism-fair-opened-in-novi-sad-with-tourism-as-enjoyment-and-a-development-opportunity-for-the-region\/","og_locale":"en_GB","og_type":"article","og_title":"Po\u010deo 56. Me\u0111unarodni sajam turizma u Novom Sadu: Turizam kao u\u017eivanje i razvojna prilika regije","og_description":"Prou\u010dite kako je Po\u010deo 56. Me\u0111unarodni sajam turizma u Novom Sadu donio novu priliku za razvoj turizma u regiji.","og_url":"https:\/\/tragento.com\/en\/the-56th-international-tourism-fair-opened-in-novi-sad-with-tourism-as-enjoyment-and-a-development-opportunity-for-the-region\/","og_site_name":"Tragento","article_publisher":"https:\/\/www.facebook.com\/profile.php?id=61567461024345","article_published_time":"2025-11-28T13:10:33+00:00","og_image":[{"width":2560,"height":960,"url":"https:\/\/tragento.com\/wp-content\/uploads\/2025\/11\/sajam-turizma-en-scaled-1.jpg","type":"image\/jpeg"}],"author":"stipan.spaija","twitter_card":"summary_large_image","twitter_misc":{"Written by":"stipan.spaija","Estimated reading time":"3 minutes"},"schema":{"@context":"https:\/\/schema.org","@graph":[{"@type":"Article","@id":"https:\/\/tragento.com\/poceo-56-medunarodni-sajam-turizma-u-novom-sadu-turizam-kao-uzivanje-i-razvojna-prilika-regije\/#article","isPartOf":{"@id":"https:\/\/tragento.com\/poceo-56-medunarodni-sajam-turizma-u-novom-sadu-turizam-kao-uzivanje-i-razvojna-prilika-regije\/"},"author":{"name":"stipan.spaija","@id":"https:\/\/tragento.com\/#\/schema\/person\/90a4711289a0230e41987dc84e2a8f1f"},"headline":"Po\u010deo 56. Me\u0111unarodni sajam turizma u Novom Sadu: Turizam kao u\u017eivanje i razvojna prilika regije","datePublished":"2025-11-28T13:10:33+00:00","mainEntityOfPage":{"@id":"https:\/\/tragento.com\/poceo-56-medunarodni-sajam-turizma-u-novom-sadu-turizam-kao-uzivanje-i-razvojna-prilika-regije\/"},"wordCount":474,"commentCount":0,"publisher":{"@id":"https:\/\/tragento.com\/#organization"},"image":{"@id":"https:\/\/tragento.com\/poceo-56-medunarodni-sajam-turizma-u-novom-sadu-turizam-kao-uzivanje-i-razvojna-prilika-regije\/#primaryimage"},"thumbnailUrl":"https:\/\/tragento.com\/wp-content\/uploads\/2025\/11\/sajam-turizma-en-scaled-1.jpg","keywords":["Novi Sad","Sajam","Srbija","trendovi 2025"],"articleSection":["Agencije","Doga\u0111anja","Edukacije","Turisti\u010dka industrija","Vijesti"],"inLanguage":"en-GB"},{"@type":"WebPage","@id":"https:\/\/tragento.com\/poceo-56-medunarodni-sajam-turizma-u-novom-sadu-turizam-kao-uzivanje-i-razvojna-prilika-regije\/","url":"https:\/\/tragento.com\/poceo-56-medunarodni-sajam-turizma-u-novom-sadu-turizam-kao-uzivanje-i-razvojna-prilika-regije\/","name":"The 56th International Tourism Fair has begun with new messages - Tragento","isPartOf":{"@id":"https:\/\/tragento.com\/#website"},"primaryImageOfPage":{"@id":"https:\/\/tragento.com\/poceo-56-medunarodni-sajam-turizma-u-novom-sadu-turizam-kao-uzivanje-i-razvojna-prilika-regije\/#primaryimage"},"image":{"@id":"https:\/\/tragento.com\/poceo-56-medunarodni-sajam-turizma-u-novom-sadu-turizam-kao-uzivanje-i-razvojna-prilika-regije\/#primaryimage"},"thumbnailUrl":"https:\/\/tragento.com\/wp-content\/uploads\/2025\/11\/sajam-turizma-en-scaled-1.jpg","datePublished":"2025-11-28T13:10:33+00:00","description":"Learn how the 56th International Tourism Fair in Novi Sad presented a new opportunity for the development of tourism in the region.","breadcrumb":{"@id":"https:\/\/tragento.com\/poceo-56-medunarodni-sajam-turizma-u-novom-sadu-turizam-kao-uzivanje-i-razvojna-prilika-regije\/#breadcrumb"},"inLanguage":"en-GB","potentialAction":[{"@type":"ReadAction","target":["https:\/\/tragento.com\/poceo-56-medunarodni-sajam-turizma-u-novom-sadu-turizam-kao-uzivanje-i-razvojna-prilika-regije\/"]}]},{"@type":"ImageObject","inLanguage":"en-GB","@id":"https:\/\/tragento.com\/poceo-56-medunarodni-sajam-turizma-u-novom-sadu-turizam-kao-uzivanje-i-razvojna-prilika-regije\/#primaryimage","url":"https:\/\/tragento.com\/wp-content\/uploads\/2025\/11\/sajam-turizma-en-scaled-1.jpg","contentUrl":"https:\/\/tragento.com\/wp-content\/uploads\/2025\/11\/sajam-turizma-en-scaled-1.jpg","width":2560,"height":960,"caption":"Photo Sajam.net"},{"@type":"BreadcrumbList","@id":"https:\/\/tragento.com\/poceo-56-medunarodni-sajam-turizma-u-novom-sadu-turizam-kao-uzivanje-i-razvojna-prilika-regije\/#breadcrumb","itemListElement":[{"@type":"ListItem","position":1,"name":"Home","item":"https:\/\/tragento.com\/"},{"@type":"ListItem","position":2,"name":"Po\u010deo 56. Me\u0111unarodni sajam turizma u Novom Sadu: Turizam kao u\u017eivanje i razvojna prilika regije"}]},{"@type":"WebSite","@id":"https:\/\/tragento.com\/#website","url":"https:\/\/tragento.com\/","name":"Tragento","description":"Your Trusted Travel Partner","publisher":{"@id":"https:\/\/tragento.com\/#organization"},"potentialAction":[{"@type":"SearchAction","target":{"@type":"EntryPoint","urlTemplate":"https:\/\/tragento.com\/?s={search_term_string}"},"query-input":{"@type":"PropertyValueSpecification","valueRequired":true,"valueName":"search_term_string"}}],"inLanguage":"en-GB"},{"@type":"Organization","@id":"https:\/\/tragento.com\/#organization","name":"Tragento","url":"https:\/\/tragento.com\/","logo":{"@type":"ImageObject","inLanguage":"en-GB","@id":"https:\/\/tragento.com\/#\/schema\/logo\/image\/","url":"https:\/\/tragento.com\/wp-content\/uploads\/2026\/08\/Wordpress-Transparent.png","contentUrl":"https:\/\/tragento.com\/wp-content\/uploads\/2026\/08\/Wordpress-Transparent.png","width":512,"height":512,"caption":"Tragento"},"image":{"@id":"https:\/\/tragento.com\/#\/schema\/logo\/image\/"},"sameAs":["https:\/\/www.facebook.com\/profile.php?id=61567461024345"],"email":"info@tragento.com","vatID":"HR80113219655"},{"@type":"Person","@id":"https:\/\/tragento.com\/#\/schema\/person\/90a4711289a0230e41987dc84e2a8f1f","name":"Stipan Spaija","image":{"@type":"ImageObject","inLanguage":"en-GB","@id":"https:\/\/secure.gravatar.com\/avatar\/46ef65dabb1d8437d028b65b563fda6f57826810ab502a7f951be82634843f60?s=96&d=mm&r=g","url":"https:\/\/secure.gravatar.com\/avatar\/46ef65dabb1d8437d028b65b563fda6f57826810ab502a7f951be82634843f60?s=96&d=mm&r=g","contentUrl":"https:\/\/secure.gravatar.com\/avatar\/46ef65dabb1d8437d028b65b563fda6f57826810ab502a7f951be82634843f60?s=96&d=mm&r=g","caption":"stipan.spaija"},"birthDate":"1978-03-22","gender":"Male","knowsLanguage":["Croatian","English"],"url":"https:\/\/tragento.com\/en\/author\/stipan-spaija\/"}]}},"tragento_display_category":{"id":102,"name":"Agencies","slug":"agencies","link":"https:\/\/tragento.com\/en\/category\/agencije\/"},"_links":{"self":[{"href":"https:\/\/tragento.com\/en\/wp-json\/wp\/v2\/posts\/7334","targetHints":{"allow":["GET"]}}],"collection":[{"href":"https:\/\/tragento.com\/en\/wp-json\/wp\/v2\/posts"}],"about":[{"href":"https:\/\/tragento.com\/en\/wp-json\/wp\/v2\/types\/post"}],"author":[{"embeddable":true,"href":"https:\/\/tragento.com\/en\/wp-json\/wp\/v2\/users\/2"}],"replies":[{"embeddable":true,"href":"https:\/\/tragento.com\/en\/wp-json\/wp\/v2\/comments?post=7334"}],"version-history":[{"count":0,"href":"https:\/\/tragento.com\/en\/wp-json\/wp\/v2\/posts\/7334\/revisions"}],"wp:featuredmedia":[{"embeddable":true,"href":"https:\/\/tragento.com\/en\/wp-json\/wp\/v2\/media\/7335"}],"wp:attachment":[{"href":"https:\/\/tragento.com\/en\/wp-json\/wp\/v2\/media?parent=7334"}],"wp:term":[{"taxonomy":"category","embeddable":true,"href":"https:\/\/tragento.com\/en\/wp-json\/wp\/v2\/categories?post=7334"},{"taxonomy":"post_tag","embeddable":true,"href":"https:\/\/tragento.com\/en\/wp-json\/wp\/v2\/tags?post=7334"}],"curies":[{"name":"wp","href":"https:\/\/api.w.org\/{rel}","templated":true}]}}