{"id":6576,"date":"2025-10-12T11:26:14","date_gmt":"2025-10-12T09:26:14","guid":{"rendered":"https:\/\/tragento.com\/?p=6576"},"modified":"2025-10-12T11:26:14","modified_gmt":"2025-10-12T09:26:14","slug":"today-the-bosnian-business-world-sees-the-balance-between-technology-and-hospitality-as-no-longer-a-choice-but-a-necessity","status":"publish","type":"post","link":"https:\/\/tragento.com\/en\/sasa-bosanac-vrm-days-balans-izmedu-tehnologije-i-hospitalityja-vise-nije-izbor-nego-nuznost\/","title":{"rendered":"Sa\u0161a Bosanac, VRM Days: \u201cThe balance between technology and hospitality is no longer a choice, but a necessity.\u201d"},"content":{"rendered":"<p class=\"wp-block-paragraph\">The short-term rental industry in the region is facing challenges that didn't exist ten years ago \u2013 from increasing competition and more demanding guests, to rapid technological changes. This is precisely why the conference <strong><a href=\"https:\/\/vrmdays.com\/\">VRM Days 2025<\/a><\/strong>, which is being held on October 21st and 22nd in Zagreb's <strong>Mozaik Event Centre,<\/strong> becomes a key meeting point for anyone wanting to stay one step ahead.<\/p>\n\n\n\n<p class=\"wp-block-paragraph\">The third edition offers a rich programme dedicated to direct booking, branding, marketing, sales, and new technological solutions. The conference has already ranked among <strong>Top 5 events in Europe in the short-term rentals industry<\/strong>, a in the region it leads as a central hub for education and networking.<\/p>\n\n\n\n<p class=\"wp-block-paragraph\">To give participants an idea of what to expect, we spoke with <strong>Sasha Bosanac<\/strong>, to the conference organisers.<\/p>\n\n\n\n<p class=\"wp-block-paragraph\"><strong>When we look at the programme, what would you highlight as a \u2018must-see\u2019 for attendees \u2013 which panel or lecture should they absolutely not miss?<\/strong><br>\u201eA rather difficult question, as the programme is something we work on a great deal and it is in fact the result of a collaboration between past participants and us, what we would like to see and hear. I would say everything, but if I have to pick one thing \u2013 it is certainly <strong>Beyond Beds panel<\/strong> i <strong>Smart Panel Scaling<\/strong>, because names like are involved <strong>Jessica Gillingham, Antonia Lavenziana, Tomislav Cimerman and Barbara Vincenzi<\/strong> \u2013 people who truly \u2018live\u2019 technology, operations, and growth in the industry. Keynotes are of course \u2018must see\u2019 for everyone. This year we've given a lot of space to topics related to direct booking, branding, marketing, and sales itself, and technology is always indispensable because everything is changing at great speed.\u201c<\/p>\n\n\n\n<figure class=\"wp-block-image size-large has-lightbox\"><a href=\"https:\/\/vrmdays.com\/\"><img fetchpriority=\"high\" decoding=\"async\" width=\"1024\" height=\"819\" src=\"https:\/\/tragento.com\/wp-content\/uploads\/2025\/10\/VRM-Days-photo-1024x819.jpg\" alt=\"\" class=\"wp-image-6626\" srcset=\"https:\/\/tragento.com\/wp-content\/uploads\/2025\/10\/VRM-Days-photo-1024x819.jpg 1024w, https:\/\/tragento.com\/wp-content\/uploads\/2025\/10\/VRM-Days-photo-300x240.jpg 300w, https:\/\/tragento.com\/wp-content\/uploads\/2025\/10\/VRM-Days-photo-768x614.jpg 768w, https:\/\/tragento.com\/wp-content\/uploads\/2025\/10\/VRM-Days-photo-1536x1229.jpg 1536w, https:\/\/tragento.com\/wp-content\/uploads\/2025\/10\/VRM-Days-photo-700x560.jpg 700w, https:\/\/tragento.com\/wp-content\/uploads\/2025\/10\/VRM-Days-photo.jpg 1920w\" sizes=\"(max-width: 1024px) 100vw, 1024px\" \/><\/a><\/figure>\n\n\n\n<p class=\"wp-block-paragraph\"><strong>It seems the conference is combining practical solutions and trend discussions \u2013 where is the emphasis this year?<\/strong><br>\u201eThe season is relatively complicated and difficult, and it is necessary to find a balance between technology and hospitality. One cannot do without the other, and anyone who thinks differently is mistaken. It is becoming increasingly difficult to attract guests, and technology and various marketing strategies help us with this. This year, the focus is on sales, branding, and marketing, but also on technological solutions that can assist us in all of this.\u201c<\/p>\n\n\n\n<p class=\"wp-block-paragraph\"><strong>What would you like participants to take home after three days \u2013 new knowledge, contacts, or perhaps inspiration for new projects?<\/strong><br>\u201eAll of it. The aim of VRM Days is to become a platform that signifies knowledge, networking, and all the good things that result from that. Every participant should leave with at least one piece of information that will help them, an idea, or a statement that will be translated into new value. This has been the case so far, and I don't see any reason to stop there. When that's no longer the case, it means we are doing something wrong.\u201c<\/p>\n\n\n\n<p class=\"wp-block-paragraph\"><strong>How does this year's VRM Days stand out from previous ones and how can past success be surpassed?<\/strong><br>\u201eIt's always a challenge to make something better than the previous edition. This year's VRM Days event will be even stronger in terms of production than last year. The speaker lineup is phenomenal, the panels and keynotes are truly excellent and should be inspiring. We've managed to become one of the top 5 events in this industry in Europe, and in terms of production, we are certainly number one. In Croatia and the region, we are undoubtedly the leading event in the short-term rentals industry, and we must live up to that. All in all \u2013 you have to come and feel the atmosphere, and then it will be clear to you why VRM Days is what it is.\u201c<\/p>\n\n\n\n<p class=\"is-style-info wp-block-paragraph\"><a href=\"https:\/\/tragento.com\/en\/category\/tourism-industry-2\/events\/\">For property managers, agencies, and tourism professionals from the region<\/a> This is a unique opportunity to gain insight into global trends, meet industry leaders, and connect with colleagues all in one place. For those few days, Zagreb will once again be a true centre of ideas and inspiration for the future of short-term rentals.<\/p>\n\n\n\n<figure class=\"wp-block-gallery has-nested-images columns-default is-cropped wp-block-gallery-1 is-layout-flex wp-block-gallery-is-layout-flex\">\n<figure class=\"wp-block-image size-large\"><img decoding=\"async\" width=\"650\" height=\"650\" data-id=\"6627\" src=\"https:\/\/tragento.com\/wp-content\/uploads\/2025\/10\/gallery-2024-VRMDays_day1-322-650x650-1.jpg\" alt=\"\" class=\"wp-image-6627\" srcset=\"https:\/\/tragento.com\/wp-content\/uploads\/2025\/10\/gallery-2024-VRMDays_day1-322-650x650-1.jpg 650w, https:\/\/tragento.com\/wp-content\/uploads\/2025\/10\/gallery-2024-VRMDays_day1-322-650x650-1-300x300.jpg 300w, https:\/\/tragento.com\/wp-content\/uploads\/2025\/10\/gallery-2024-VRMDays_day1-322-650x650-1-150x150.jpg 150w, https:\/\/tragento.com\/wp-content\/uploads\/2025\/10\/gallery-2024-VRMDays_day1-322-650x650-1-570x570.jpg 570w, https:\/\/tragento.com\/wp-content\/uploads\/2025\/10\/gallery-2024-VRMDays_day1-322-650x650-1-500x500.jpg 500w\" sizes=\"(max-width: 650px) 100vw, 650px\" \/><\/figure>\n\n\n\n<figure class=\"wp-block-image size-large\"><img decoding=\"async\" width=\"650\" height=\"650\" data-id=\"6628\" src=\"https:\/\/tragento.com\/wp-content\/uploads\/2025\/10\/gallery-2024-VRMDays_day1-71-650x650-1.jpg\" alt=\"\" class=\"wp-image-6628\" srcset=\"https:\/\/tragento.com\/wp-content\/uploads\/2025\/10\/gallery-2024-VRMDays_day1-71-650x650-1.jpg 650w, https:\/\/tragento.com\/wp-content\/uploads\/2025\/10\/gallery-2024-VRMDays_day1-71-650x650-1-300x300.jpg 300w, https:\/\/tragento.com\/wp-content\/uploads\/2025\/10\/gallery-2024-VRMDays_day1-71-650x650-1-150x150.jpg 150w, https:\/\/tragento.com\/wp-content\/uploads\/2025\/10\/gallery-2024-VRMDays_day1-71-650x650-1-570x570.jpg 570w, https:\/\/tragento.com\/wp-content\/uploads\/2025\/10\/gallery-2024-VRMDays_day1-71-650x650-1-500x500.jpg 500w\" sizes=\"(max-width: 650px) 100vw, 650px\" \/><\/figure>\n\n\n\n<figure class=\"wp-block-image size-large\"><img loading=\"lazy\" decoding=\"async\" width=\"650\" height=\"650\" data-id=\"6630\" src=\"https:\/\/tragento.com\/wp-content\/uploads\/2025\/10\/gallery-2024-VRMDays_day2-76-650x650-1.jpg\" alt=\"\" class=\"wp-image-6630\" srcset=\"https:\/\/tragento.com\/wp-content\/uploads\/2025\/10\/gallery-2024-VRMDays_day2-76-650x650-1.jpg 650w, https:\/\/tragento.com\/wp-content\/uploads\/2025\/10\/gallery-2024-VRMDays_day2-76-650x650-1-300x300.jpg 300w, https:\/\/tragento.com\/wp-content\/uploads\/2025\/10\/gallery-2024-VRMDays_day2-76-650x650-1-150x150.jpg 150w, https:\/\/tragento.com\/wp-content\/uploads\/2025\/10\/gallery-2024-VRMDays_day2-76-650x650-1-570x570.jpg 570w, https:\/\/tragento.com\/wp-content\/uploads\/2025\/10\/gallery-2024-VRMDays_day2-76-650x650-1-500x500.jpg 500w\" sizes=\"(max-width: 650px) 100vw, 650px\" \/><\/figure>\n\n\n\n<figure class=\"wp-block-image size-large\"><img loading=\"lazy\" decoding=\"async\" width=\"650\" height=\"650\" data-id=\"6629\" src=\"https:\/\/tragento.com\/wp-content\/uploads\/2025\/10\/gallery-2024-NZ8_8333-650x650-1.jpg\" alt=\"\" class=\"wp-image-6629\" srcset=\"https:\/\/tragento.com\/wp-content\/uploads\/2025\/10\/gallery-2024-NZ8_8333-650x650-1.jpg 650w, https:\/\/tragento.com\/wp-content\/uploads\/2025\/10\/gallery-2024-NZ8_8333-650x650-1-300x300.jpg 300w, https:\/\/tragento.com\/wp-content\/uploads\/2025\/10\/gallery-2024-NZ8_8333-650x650-1-150x150.jpg 150w, https:\/\/tragento.com\/wp-content\/uploads\/2025\/10\/gallery-2024-NZ8_8333-650x650-1-570x570.jpg 570w, https:\/\/tragento.com\/wp-content\/uploads\/2025\/10\/gallery-2024-NZ8_8333-650x650-1-500x500.jpg 500w\" sizes=\"(max-width: 650px) 100vw, 650px\" \/><\/figure>\n<\/figure>","protected":false},"excerpt":{"rendered":"<p>Industrija kratkoro\u010dnog najma u regiji suo\u010dava se s izazovima kakvih prije deset godina nije bilo \u2013 od rastu\u0107e konkurencije i sve zahtjevnijih gostiju, do ubrzanih tehnolo\u0161kih promjena. Upravo zato konferencija VRM Days 2025, koja se 21. i 22. listopada odr\u017eava u zagreba\u010dkom Mozaik Event Centru,&#8230;<\/p>","protected":false},"author":2,"featured_media":6631,"comment_status":"open","ping_status":"open","sticky":false,"template":"","format":"standard","meta":{"_tragento_display_category":0,"footnotes":""},"categories":[85,80,166,81,143,89],"tags":[145,172,173,174],"class_list":["post-6576","post","type-post","status-publish","format-standard","has-post-thumbnail","hentry","category-dogadanja","category-izdvojeno","category-kratkorocni-najam","category-osvrti","category-turistickaindustrija","category-vijesti","tag-145","tag-events","tag-kratkorocni-najam","tag-vrmdays"],"yoast_head":"<!-- This site is optimized with the Yoast SEO Premium plugin v28.4 (Yoast SEO v28.4) - https:\/\/yoast.com\/product\/yoast-seo-premium-wordpress\/ -->\n<title>VRM Days 2025: Zagreb ponovno centar doga\u0111anja - Tragento<\/title>\n<meta name=\"description\" content=\"Saznajte vi\u0161e o VRM Days 2025: kako se pripremiti za izazove u industriji kratkoro\u010dnog najma i unaprijediti svoje poslovanje.\" \/>\n<meta name=\"robots\" content=\"index, follow, max-snippet:-1, max-image-preview:large, max-video-preview:-1\" \/>\n<link rel=\"canonical\" href=\"https:\/\/tragento.com\/en\/today-the-bosnian-business-world-sees-the-balance-between-technology-and-hospitality-as-no-longer-a-choice-but-a-necessity\/\" \/>\n<meta property=\"og:locale\" content=\"en_GB\" \/>\n<meta property=\"og:type\" content=\"article\" \/>\n<meta property=\"og:title\" content=\"Sa\u0161a Bosanac, VRM Days: \u201cBalans izme\u0111u tehnologije i hospitalityja vi\u0161e nije izbor, nego nu\u017enost\u201d\" \/>\n<meta property=\"og:description\" content=\"Saznajte vi\u0161e o VRM Days 2025: kako se pripremiti za izazove u industriji kratkoro\u010dnog najma i unaprijediti svoje poslovanje.\" \/>\n<meta property=\"og:url\" content=\"https:\/\/tragento.com\/en\/today-the-bosnian-business-world-sees-the-balance-between-technology-and-hospitality-as-no-longer-a-choice-but-a-necessity\/\" \/>\n<meta property=\"og:site_name\" content=\"Tragento\" \/>\n<meta property=\"article:publisher\" content=\"https:\/\/www.facebook.com\/profile.php?id=61567461024345\" \/>\n<meta property=\"article:published_time\" content=\"2025-10-12T09:26:14+00:00\" \/>\n<meta property=\"og:image\" content=\"https:\/\/tragento.com\/wp-content\/uploads\/2025\/10\/Dizajn-bez-naslova-6-1024x683.png\" \/>\n\t<meta property=\"og:image:width\" content=\"1024\" \/>\n\t<meta property=\"og:image:height\" content=\"683\" \/>\n\t<meta property=\"og:image:type\" content=\"image\/png\" \/>\n<meta name=\"author\" content=\"stipan.spaija\" \/>\n<meta name=\"twitter:card\" content=\"summary_large_image\" \/>\n<meta name=\"twitter:label1\" content=\"Written by\" \/>\n\t<meta name=\"twitter:data1\" content=\"stipan.spaija\" \/>\n\t<meta name=\"twitter:label2\" content=\"Estimated reading time\" \/>\n\t<meta name=\"twitter:data2\" content=\"5 minutes\" \/>\n<script type=\"application\/ld+json\" class=\"yoast-schema-graph\">{\"@context\":\"https:\\\/\\\/schema.org\",\"@graph\":[{\"@type\":\"Article\",\"@id\":\"https:\\\/\\\/tragento.com\\\/sasa-bosanac-vrm-days-balans-izmedu-tehnologije-i-hospitalityja-vise-nije-izbor-nego-nuznost\\\/#article\",\"isPartOf\":{\"@id\":\"https:\\\/\\\/tragento.com\\\/sasa-bosanac-vrm-days-balans-izmedu-tehnologije-i-hospitalityja-vise-nije-izbor-nego-nuznost\\\/\"},\"author\":{\"name\":\"stipan.spaija\",\"@id\":\"https:\\\/\\\/tragento.com\\\/#\\\/schema\\\/person\\\/90a4711289a0230e41987dc84e2a8f1f\"},\"headline\":\"Sa\u0161a Bosanac, VRM Days: \u201cBalans izme\u0111u tehnologije i hospitalityja vi\u0161e nije izbor, nego nu\u017enost\u201d\",\"datePublished\":\"2025-10-12T09:26:14+00:00\",\"mainEntityOfPage\":{\"@id\":\"https:\\\/\\\/tragento.com\\\/sasa-bosanac-vrm-days-balans-izmedu-tehnologije-i-hospitalityja-vise-nije-izbor-nego-nuznost\\\/\"},\"wordCount\":621,\"commentCount\":1,\"publisher\":{\"@id\":\"https:\\\/\\\/tragento.com\\\/#organization\"},\"image\":{\"@id\":\"https:\\\/\\\/tragento.com\\\/sasa-bosanac-vrm-days-balans-izmedu-tehnologije-i-hospitalityja-vise-nije-izbor-nego-nuznost\\\/#primaryimage\"},\"thumbnailUrl\":\"https:\\\/\\\/tragento.com\\\/wp-content\\\/uploads\\\/2025\\\/10\\\/Dizajn-bez-naslova-6.png\",\"keywords\":[\"2025\",\"events\",\"kratkoro\u010dni najam\",\"VRMDays\"],\"articleSection\":[\"Doga\u0111anja\",\"Izdvojeno\",\"Kratkoro\u010dni najam\",\"Osvrti, Analize &amp; Intervjui\",\"Turisti\u010dka industrija\",\"Vijesti\"],\"inLanguage\":\"en-GB\"},{\"@type\":\"WebPage\",\"@id\":\"https:\\\/\\\/tragento.com\\\/sasa-bosanac-vrm-days-balans-izmedu-tehnologije-i-hospitalityja-vise-nije-izbor-nego-nuznost\\\/\",\"url\":\"https:\\\/\\\/tragento.com\\\/sasa-bosanac-vrm-days-balans-izmedu-tehnologije-i-hospitalityja-vise-nije-izbor-nego-nuznost\\\/\",\"name\":\"VRM Days 2025: Zagreb ponovno centar doga\u0111anja - Tragento\",\"isPartOf\":{\"@id\":\"https:\\\/\\\/tragento.com\\\/#website\"},\"primaryImageOfPage\":{\"@id\":\"https:\\\/\\\/tragento.com\\\/sasa-bosanac-vrm-days-balans-izmedu-tehnologije-i-hospitalityja-vise-nije-izbor-nego-nuznost\\\/#primaryimage\"},\"image\":{\"@id\":\"https:\\\/\\\/tragento.com\\\/sasa-bosanac-vrm-days-balans-izmedu-tehnologije-i-hospitalityja-vise-nije-izbor-nego-nuznost\\\/#primaryimage\"},\"thumbnailUrl\":\"https:\\\/\\\/tragento.com\\\/wp-content\\\/uploads\\\/2025\\\/10\\\/Dizajn-bez-naslova-6.png\",\"datePublished\":\"2025-10-12T09:26:14+00:00\",\"description\":\"Saznajte vi\u0161e o VRM Days 2025: kako se pripremiti za izazove u industriji kratkoro\u010dnog najma i unaprijediti svoje poslovanje.\",\"breadcrumb\":{\"@id\":\"https:\\\/\\\/tragento.com\\\/sasa-bosanac-vrm-days-balans-izmedu-tehnologije-i-hospitalityja-vise-nije-izbor-nego-nuznost\\\/#breadcrumb\"},\"inLanguage\":\"en-GB\",\"potentialAction\":[{\"@type\":\"ReadAction\",\"target\":[\"https:\\\/\\\/tragento.com\\\/sasa-bosanac-vrm-days-balans-izmedu-tehnologije-i-hospitalityja-vise-nije-izbor-nego-nuznost\\\/\"]}]},{\"@type\":\"ImageObject\",\"inLanguage\":\"en-GB\",\"@id\":\"https:\\\/\\\/tragento.com\\\/sasa-bosanac-vrm-days-balans-izmedu-tehnologije-i-hospitalityja-vise-nije-izbor-nego-nuznost\\\/#primaryimage\",\"url\":\"https:\\\/\\\/tragento.com\\\/wp-content\\\/uploads\\\/2025\\\/10\\\/Dizajn-bez-naslova-6.png\",\"contentUrl\":\"https:\\\/\\\/tragento.com\\\/wp-content\\\/uploads\\\/2025\\\/10\\\/Dizajn-bez-naslova-6.png\",\"width\":1535,\"height\":1024},{\"@type\":\"BreadcrumbList\",\"@id\":\"https:\\\/\\\/tragento.com\\\/sasa-bosanac-vrm-days-balans-izmedu-tehnologije-i-hospitalityja-vise-nije-izbor-nego-nuznost\\\/#breadcrumb\",\"itemListElement\":[{\"@type\":\"ListItem\",\"position\":1,\"name\":\"Home\",\"item\":\"https:\\\/\\\/tragento.com\\\/\"},{\"@type\":\"ListItem\",\"position\":2,\"name\":\"Sa\u0161a Bosanac, VRM Days: \u201cBalans izme\u0111u tehnologije i hospitalityja vi\u0161e nije izbor, nego nu\u017enost\u201d\"}]},{\"@type\":\"WebSite\",\"@id\":\"https:\\\/\\\/tragento.com\\\/#website\",\"url\":\"https:\\\/\\\/tragento.com\\\/\",\"name\":\"Tragento\",\"description\":\"Your Trusted Travel Partner\",\"publisher\":{\"@id\":\"https:\\\/\\\/tragento.com\\\/#organization\"},\"potentialAction\":[{\"@type\":\"SearchAction\",\"target\":{\"@type\":\"EntryPoint\",\"urlTemplate\":\"https:\\\/\\\/tragento.com\\\/?s={search_term_string}\"},\"query-input\":{\"@type\":\"PropertyValueSpecification\",\"valueRequired\":true,\"valueName\":\"search_term_string\"}}],\"inLanguage\":\"en-GB\"},{\"@type\":\"Organization\",\"@id\":\"https:\\\/\\\/tragento.com\\\/#organization\",\"name\":\"Tragento\",\"url\":\"https:\\\/\\\/tragento.com\\\/\",\"logo\":{\"@type\":\"ImageObject\",\"inLanguage\":\"en-GB\",\"@id\":\"https:\\\/\\\/tragento.com\\\/#\\\/schema\\\/logo\\\/image\\\/\",\"url\":\"https:\\\/\\\/tragento.com\\\/wp-content\\\/uploads\\\/2026\\\/08\\\/Wordpress-Transparent.png\",\"contentUrl\":\"https:\\\/\\\/tragento.com\\\/wp-content\\\/uploads\\\/2026\\\/08\\\/Wordpress-Transparent.png\",\"width\":512,\"height\":512,\"caption\":\"Tragento\"},\"image\":{\"@id\":\"https:\\\/\\\/tragento.com\\\/#\\\/schema\\\/logo\\\/image\\\/\"},\"sameAs\":[\"https:\\\/\\\/www.facebook.com\\\/profile.php?id=61567461024345\"],\"email\":\"info@tragento.com\",\"vatID\":\"HR80113219655\"},{\"@type\":\"Person\",\"@id\":\"https:\\\/\\\/tragento.com\\\/#\\\/schema\\\/person\\\/90a4711289a0230e41987dc84e2a8f1f\",\"name\":\"stipan.spaija\",\"image\":{\"@type\":\"ImageObject\",\"inLanguage\":\"en-GB\",\"@id\":\"https:\\\/\\\/secure.gravatar.com\\\/avatar\\\/46ef65dabb1d8437d028b65b563fda6f57826810ab502a7f951be82634843f60?s=96&d=mm&r=g\",\"url\":\"https:\\\/\\\/secure.gravatar.com\\\/avatar\\\/46ef65dabb1d8437d028b65b563fda6f57826810ab502a7f951be82634843f60?s=96&d=mm&r=g\",\"contentUrl\":\"https:\\\/\\\/secure.gravatar.com\\\/avatar\\\/46ef65dabb1d8437d028b65b563fda6f57826810ab502a7f951be82634843f60?s=96&d=mm&r=g\",\"caption\":\"stipan.spaija\"},\"birthDate\":\"1978-03-22\",\"gender\":\"Male\",\"knowsLanguage\":[\"Croatian\",\"English\"],\"url\":\"https:\\\/\\\/tragento.com\\\/en\\\/author\\\/stipan-spaija\\\/\"}]}<\/script>\n<!-- \/ Yoast SEO Premium plugin. -->","yoast_head_json":{"title":"VRM Days 2025: Zagreb once again the center of events - Tragento","description":"Learn more about VRM Days 2025: how to prepare for challenges in the short-term rental industry and advance your business.","robots":{"index":"index","follow":"follow","max-snippet":"max-snippet:-1","max-image-preview":"max-image-preview:large","max-video-preview":"max-video-preview:-1"},"canonical":"https:\/\/tragento.com\/en\/today-the-bosnian-business-world-sees-the-balance-between-technology-and-hospitality-as-no-longer-a-choice-but-a-necessity\/","og_locale":"en_GB","og_type":"article","og_title":"Sa\u0161a Bosanac, VRM Days: \u201cBalans izme\u0111u tehnologije i hospitalityja vi\u0161e nije izbor, nego nu\u017enost\u201d","og_description":"Saznajte vi\u0161e o VRM Days 2025: kako se pripremiti za izazove u industriji kratkoro\u010dnog najma i unaprijediti svoje poslovanje.","og_url":"https:\/\/tragento.com\/en\/today-the-bosnian-business-world-sees-the-balance-between-technology-and-hospitality-as-no-longer-a-choice-but-a-necessity\/","og_site_name":"Tragento","article_publisher":"https:\/\/www.facebook.com\/profile.php?id=61567461024345","article_published_time":"2025-10-12T09:26:14+00:00","og_image":[{"width":1024,"height":683,"url":"https:\/\/tragento.com\/wp-content\/uploads\/2025\/10\/Dizajn-bez-naslova-6-1024x683.png","type":"image\/png"}],"author":"stipan.spaija","twitter_card":"summary_large_image","twitter_misc":{"Written by":"stipan.spaija","Estimated reading time":"5 minutes"},"schema":{"@context":"https:\/\/schema.org","@graph":[{"@type":"Article","@id":"https:\/\/tragento.com\/sasa-bosanac-vrm-days-balans-izmedu-tehnologije-i-hospitalityja-vise-nije-izbor-nego-nuznost\/#article","isPartOf":{"@id":"https:\/\/tragento.com\/sasa-bosanac-vrm-days-balans-izmedu-tehnologije-i-hospitalityja-vise-nije-izbor-nego-nuznost\/"},"author":{"name":"stipan.spaija","@id":"https:\/\/tragento.com\/#\/schema\/person\/90a4711289a0230e41987dc84e2a8f1f"},"headline":"Sa\u0161a Bosanac, VRM Days: \u201cBalans izme\u0111u tehnologije i hospitalityja vi\u0161e nije izbor, nego nu\u017enost\u201d","datePublished":"2025-10-12T09:26:14+00:00","mainEntityOfPage":{"@id":"https:\/\/tragento.com\/sasa-bosanac-vrm-days-balans-izmedu-tehnologije-i-hospitalityja-vise-nije-izbor-nego-nuznost\/"},"wordCount":621,"commentCount":1,"publisher":{"@id":"https:\/\/tragento.com\/#organization"},"image":{"@id":"https:\/\/tragento.com\/sasa-bosanac-vrm-days-balans-izmedu-tehnologije-i-hospitalityja-vise-nije-izbor-nego-nuznost\/#primaryimage"},"thumbnailUrl":"https:\/\/tragento.com\/wp-content\/uploads\/2025\/10\/Dizajn-bez-naslova-6.png","keywords":["2025","events","kratkoro\u010dni najam","VRMDays"],"articleSection":["Doga\u0111anja","Izdvojeno","Kratkoro\u010dni najam","Osvrti, Analize &amp; Intervjui","Turisti\u010dka industrija","Vijesti"],"inLanguage":"en-GB"},{"@type":"WebPage","@id":"https:\/\/tragento.com\/sasa-bosanac-vrm-days-balans-izmedu-tehnologije-i-hospitalityja-vise-nije-izbor-nego-nuznost\/","url":"https:\/\/tragento.com\/sasa-bosanac-vrm-days-balans-izmedu-tehnologije-i-hospitalityja-vise-nije-izbor-nego-nuznost\/","name":"VRM Days 2025: Zagreb once again the center of events - Tragento","isPartOf":{"@id":"https:\/\/tragento.com\/#website"},"primaryImageOfPage":{"@id":"https:\/\/tragento.com\/sasa-bosanac-vrm-days-balans-izmedu-tehnologije-i-hospitalityja-vise-nije-izbor-nego-nuznost\/#primaryimage"},"image":{"@id":"https:\/\/tragento.com\/sasa-bosanac-vrm-days-balans-izmedu-tehnologije-i-hospitalityja-vise-nije-izbor-nego-nuznost\/#primaryimage"},"thumbnailUrl":"https:\/\/tragento.com\/wp-content\/uploads\/2025\/10\/Dizajn-bez-naslova-6.png","datePublished":"2025-10-12T09:26:14+00:00","description":"Learn more about VRM Days 2025: how to prepare for challenges in the short-term rental industry and advance your business.","breadcrumb":{"@id":"https:\/\/tragento.com\/sasa-bosanac-vrm-days-balans-izmedu-tehnologije-i-hospitalityja-vise-nije-izbor-nego-nuznost\/#breadcrumb"},"inLanguage":"en-GB","potentialAction":[{"@type":"ReadAction","target":["https:\/\/tragento.com\/sasa-bosanac-vrm-days-balans-izmedu-tehnologije-i-hospitalityja-vise-nije-izbor-nego-nuznost\/"]}]},{"@type":"ImageObject","inLanguage":"en-GB","@id":"https:\/\/tragento.com\/sasa-bosanac-vrm-days-balans-izmedu-tehnologije-i-hospitalityja-vise-nije-izbor-nego-nuznost\/#primaryimage","url":"https:\/\/tragento.com\/wp-content\/uploads\/2025\/10\/Dizajn-bez-naslova-6.png","contentUrl":"https:\/\/tragento.com\/wp-content\/uploads\/2025\/10\/Dizajn-bez-naslova-6.png","width":1535,"height":1024},{"@type":"BreadcrumbList","@id":"https:\/\/tragento.com\/sasa-bosanac-vrm-days-balans-izmedu-tehnologije-i-hospitalityja-vise-nije-izbor-nego-nuznost\/#breadcrumb","itemListElement":[{"@type":"ListItem","position":1,"name":"Home","item":"https:\/\/tragento.com\/"},{"@type":"ListItem","position":2,"name":"Sa\u0161a Bosanac, VRM Days: \u201cBalans izme\u0111u tehnologije i hospitalityja vi\u0161e nije izbor, nego nu\u017enost\u201d"}]},{"@type":"WebSite","@id":"https:\/\/tragento.com\/#website","url":"https:\/\/tragento.com\/","name":"Tragento","description":"Your Trusted Travel Partner","publisher":{"@id":"https:\/\/tragento.com\/#organization"},"potentialAction":[{"@type":"SearchAction","target":{"@type":"EntryPoint","urlTemplate":"https:\/\/tragento.com\/?s={search_term_string}"},"query-input":{"@type":"PropertyValueSpecification","valueRequired":true,"valueName":"search_term_string"}}],"inLanguage":"en-GB"},{"@type":"Organization","@id":"https:\/\/tragento.com\/#organization","name":"Tragento","url":"https:\/\/tragento.com\/","logo":{"@type":"ImageObject","inLanguage":"en-GB","@id":"https:\/\/tragento.com\/#\/schema\/logo\/image\/","url":"https:\/\/tragento.com\/wp-content\/uploads\/2026\/08\/Wordpress-Transparent.png","contentUrl":"https:\/\/tragento.com\/wp-content\/uploads\/2026\/08\/Wordpress-Transparent.png","width":512,"height":512,"caption":"Tragento"},"image":{"@id":"https:\/\/tragento.com\/#\/schema\/logo\/image\/"},"sameAs":["https:\/\/www.facebook.com\/profile.php?id=61567461024345"],"email":"info@tragento.com","vatID":"HR80113219655"},{"@type":"Person","@id":"https:\/\/tragento.com\/#\/schema\/person\/90a4711289a0230e41987dc84e2a8f1f","name":"Stipan Spaija","image":{"@type":"ImageObject","inLanguage":"en-GB","@id":"https:\/\/secure.gravatar.com\/avatar\/46ef65dabb1d8437d028b65b563fda6f57826810ab502a7f951be82634843f60?s=96&d=mm&r=g","url":"https:\/\/secure.gravatar.com\/avatar\/46ef65dabb1d8437d028b65b563fda6f57826810ab502a7f951be82634843f60?s=96&d=mm&r=g","contentUrl":"https:\/\/secure.gravatar.com\/avatar\/46ef65dabb1d8437d028b65b563fda6f57826810ab502a7f951be82634843f60?s=96&d=mm&r=g","caption":"stipan.spaija"},"birthDate":"1978-03-22","gender":"Male","knowsLanguage":["Croatian","English"],"url":"https:\/\/tragento.com\/en\/author\/stipan-spaija\/"}]}},"tragento_display_category":{"id":85,"name":"Events","slug":"events","link":"https:\/\/tragento.com\/en\/category\/dogadanja\/"},"_links":{"self":[{"href":"https:\/\/tragento.com\/en\/wp-json\/wp\/v2\/posts\/6576","targetHints":{"allow":["GET"]}}],"collection":[{"href":"https:\/\/tragento.com\/en\/wp-json\/wp\/v2\/posts"}],"about":[{"href":"https:\/\/tragento.com\/en\/wp-json\/wp\/v2\/types\/post"}],"author":[{"embeddable":true,"href":"https:\/\/tragento.com\/en\/wp-json\/wp\/v2\/users\/2"}],"replies":[{"embeddable":true,"href":"https:\/\/tragento.com\/en\/wp-json\/wp\/v2\/comments?post=6576"}],"version-history":[{"count":0,"href":"https:\/\/tragento.com\/en\/wp-json\/wp\/v2\/posts\/6576\/revisions"}],"wp:featuredmedia":[{"embeddable":true,"href":"https:\/\/tragento.com\/en\/wp-json\/wp\/v2\/media\/6631"}],"wp:attachment":[{"href":"https:\/\/tragento.com\/en\/wp-json\/wp\/v2\/media?parent=6576"}],"wp:term":[{"taxonomy":"category","embeddable":true,"href":"https:\/\/tragento.com\/en\/wp-json\/wp\/v2\/categories?post=6576"},{"taxonomy":"post_tag","embeddable":true,"href":"https:\/\/tragento.com\/en\/wp-json\/wp\/v2\/tags?post=6576"}],"curies":[{"name":"wp","href":"https:\/\/api.w.org\/{rel}","templated":true}]}}