{"id":6453,"date":"2025-10-03T16:19:55","date_gmt":"2025-10-03T14:19:55","guid":{"rendered":"https:\/\/tragento.com\/?p=6453"},"modified":"2025-10-03T16:19:55","modified_gmt":"2025-10-03T14:19:55","slug":"exclusive-royal-jordanian-is-returning-to-belgrade","status":"publish","type":"post","link":"https:\/\/tragento.com\/en\/ekskluzivno-royal-jordanian-se-vraca-u-beograd\/","title":{"rendered":"Exclusive: Royal Jordanian returns to Belgrade"},"content":{"rendered":"<p class=\"wp-block-paragraph\">How <a href=\"https:\/\/tragento.com\/en\/category\/aerospace-industry\/\">tragento1.ivanbruno.hr\/<\/a> I learn from reliable sources, <strong><a href=\"http:\/\/www.rj.com\">Royal Jordanian Airlines<\/a><\/strong> returning to Belgrade Airport after as long as 35 years. The first flight is planned for April 2026, with two weekly frequencies, while from the winter flight schedule the number of flights will increase to four per week.<\/p>\n\n\n\n<p class=\"wp-block-paragraph\">Belgrade will be served by a new <strong>Embraer E2<\/strong> i <strong>Airbus A320neo<\/strong>, with a modern interior, comfortable seating, internet and an entertainment system. Passengers from the region will be able to use Air Serbia's good connections from Zagreb, Ljubljana, Podgorica, Tivat and Budapest.<\/p>\n\n\n\n<p class=\"wp-block-paragraph\">The company's aim is stronger promotion. <strong>Tourism in the Hashemite Kingdom of Jordan<\/strong>. Cooperation is planned with agencies to highlight attractions such as rich culture and tradition, UNESCO monuments, access to two seas, authentic cuisine and wine tours. From Amman, there are also easy connections to <strong>Akabi<\/strong>, popular destination for sun and sea all year round.<\/p>\n\n\n\n<p class=\"wp-block-paragraph\">In addition to Jordan, flights to Lebanon, Egypt, Iraq, and Syria will also be available, while excellent connections to Kuwait, Bahrain, Doha, Saudi Arabia, Dubai, and Abu Dhabi can be made via Amman. From winter 2026, Royal Jordanian will also offer <strong>Far East<\/strong>, with Bangkok as the main destination they serve <strong>Boeing 787 Dreamliner<\/strong>.<\/p>\n\n\n\n<p class=\"is-style-info wp-block-paragraph\">Royal Jordanian will track its return through regional offices in Belgrade and Zagreb, confirming its status as a long-standing partner in Central and South-Eastern Europe.<\/p>\n\n\n\n<figure class=\"wp-block-gallery has-nested-images columns-default is-cropped wp-block-gallery-1 is-layout-flex wp-block-gallery-is-layout-flex\">\n<figure class=\"wp-block-image size-large\"><img decoding=\"async\" data-id=\"6464\" src=\"https:\/\/tragento.com\/wp-content\/uploads\/2025\/10\/RJ_787_EC_window-1024x724.jpg\" alt=\"\" class=\"wp-image-6464\"\/><\/figure>\n\n\n\n<figure class=\"wp-block-image size-large\"><img fetchpriority=\"high\" decoding=\"async\" width=\"1024\" height=\"724\" data-id=\"6462\" src=\"https:\/\/tragento.com\/wp-content\/uploads\/2025\/10\/RJ_787_EC_FWD-2-1-1024x724.jpg\" alt=\"\" class=\"wp-image-6462\" srcset=\"https:\/\/tragento.com\/wp-content\/uploads\/2025\/10\/RJ_787_EC_FWD-2-1-1024x724.jpg 1024w, https:\/\/tragento.com\/wp-content\/uploads\/2025\/10\/RJ_787_EC_FWD-2-1-300x212.jpg 300w, https:\/\/tragento.com\/wp-content\/uploads\/2025\/10\/RJ_787_EC_FWD-2-1-768x543.jpg 768w, https:\/\/tragento.com\/wp-content\/uploads\/2025\/10\/RJ_787_EC_FWD-2-1-1536x1086.jpg 1536w, https:\/\/tragento.com\/wp-content\/uploads\/2025\/10\/RJ_787_EC_FWD-2-1-2048x1448.jpg 2048w, https:\/\/tragento.com\/wp-content\/uploads\/2025\/10\/RJ_787_EC_FWD-2-1-700x495.jpg 700w\" sizes=\"(max-width: 1024px) 100vw, 1024px\" \/><\/figure>\n\n\n\n<figure class=\"wp-block-image size-large\"><img decoding=\"async\" data-id=\"6463\" src=\"https:\/\/tragento.com\/wp-content\/uploads\/2025\/10\/RJ_B787_sleep-1-1024x724.jpg\" alt=\"\" class=\"wp-image-6463\"\/><\/figure>\n\n\n\n<figure class=\"wp-block-image size-large\"><img decoding=\"async\" width=\"736\" height=\"461\" data-id=\"6461\" src=\"https:\/\/tragento.com\/wp-content\/uploads\/2025\/10\/Picture1-1.png\" alt=\"\" class=\"wp-image-6461\" srcset=\"https:\/\/tragento.com\/wp-content\/uploads\/2025\/10\/Picture1-1.png 736w, https:\/\/tragento.com\/wp-content\/uploads\/2025\/10\/Picture1-1-300x188.png 300w, https:\/\/tragento.com\/wp-content\/uploads\/2025\/10\/Picture1-1-700x438.png 700w\" sizes=\"(max-width: 736px) 100vw, 736px\" \/><\/figure>\n\n\n\n<figure class=\"wp-block-image size-large\"><img decoding=\"async\" data-id=\"6465\" src=\"https:\/\/tragento.com\/wp-content\/uploads\/2025\/10\/Airbus-A320neo-1-1024x632.png\" alt=\"\" class=\"wp-image-6465\"\/><\/figure>\n<\/figure>","protected":false},"excerpt":{"rendered":"<p>Kako tragento1.ivanbruno.hr\/ doznaje iz pouzdanih izvora, Royal Jordanian Airlines vra\u0107a se u beogradsku zra\u010dnu luku nakon \u010dak 35 godina. Prvi let planiran je za travanj 2026., s dvije tjedne frekvencije, dok \u0107e se od zimskog reda letenja broj letova pove\u0107ati na \u010detiri tjedno. Beograd \u0107e&#8230;<\/p>","protected":false},"author":2,"featured_media":6653,"comment_status":"open","ping_status":"open","sticky":false,"template":"","format":"standard","meta":{"_tragento_display_category":0,"footnotes":""},"categories":[95,80,89],"tags":[167,71,168,169,170],"class_list":["post-6453","post","type-post","status-publish","format-standard","has-post-thumbnail","hentry","category-avioindustrija","category-izdvojeno","category-vijesti","tag-167","tag-aviokompanije","tag-jordan","tag-royal-jordanian","tag-srbija"],"yoast_head":"<!-- This site is optimized with the Yoast SEO Premium plugin v28.4 (Yoast SEO v28.4) - https:\/\/yoast.com\/product\/yoast-seo-premium-wordpress\/ -->\n<title>Ekskluzivno: Royal Jordanian se vra\u0107a u Beograd - Tragento<\/title>\n<meta name=\"description\" content=\"Royal Jordanian se vra\u0107a u Beograd nakon 35 godina. Saznajte vi\u0161e o novim letovima i turisti\u010dkim atrakcijama.\" \/>\n<meta name=\"robots\" content=\"index, follow, max-snippet:-1, max-image-preview:large, max-video-preview:-1\" \/>\n<link rel=\"canonical\" href=\"https:\/\/tragento.com\/en\/exclusive-royal-jordanian-is-returning-to-belgrade\/\" \/>\n<meta property=\"og:locale\" content=\"en_GB\" \/>\n<meta property=\"og:type\" content=\"article\" \/>\n<meta property=\"og:title\" content=\"Ekskluzivno: Royal Jordanian se vra\u0107a u Beograd\" \/>\n<meta property=\"og:description\" content=\"Royal Jordanian se vra\u0107a u Beograd nakon 35 godina. Saznajte vi\u0161e o novim letovima i turisti\u010dkim atrakcijama.\" \/>\n<meta property=\"og:url\" content=\"https:\/\/tragento.com\/en\/exclusive-royal-jordanian-is-returning-to-belgrade\/\" \/>\n<meta property=\"og:site_name\" content=\"Tragento\" \/>\n<meta property=\"article:publisher\" content=\"https:\/\/www.facebook.com\/profile.php?id=61567461024345\" \/>\n<meta property=\"article:published_time\" content=\"2025-10-03T14:19:55+00:00\" \/>\n<meta property=\"og:image\" content=\"https:\/\/tragento.com\/wp-content\/uploads\/2025\/10\/A320-neo_top-view-2024.jpg\" \/>\n\t<meta property=\"og:image:width\" content=\"2362\" \/>\n\t<meta property=\"og:image:height\" content=\"1654\" \/>\n\t<meta property=\"og:image:type\" content=\"image\/jpeg\" \/>\n<meta name=\"author\" content=\"stipan.spaija\" \/>\n<meta name=\"twitter:card\" content=\"summary_large_image\" \/>\n<meta name=\"twitter:label1\" content=\"Written by\" \/>\n\t<meta name=\"twitter:data1\" content=\"stipan.spaija\" \/>\n\t<meta name=\"twitter:label2\" content=\"Estimated reading time\" \/>\n\t<meta name=\"twitter:data2\" content=\"3 minutes\" \/>\n<script type=\"application\/ld+json\" class=\"yoast-schema-graph\">{\"@context\":\"https:\\\/\\\/schema.org\",\"@graph\":[{\"@type\":\"Article\",\"@id\":\"https:\\\/\\\/tragento.com\\\/ekskluzivno-royal-jordanian-se-vraca-u-beograd\\\/#article\",\"isPartOf\":{\"@id\":\"https:\\\/\\\/tragento.com\\\/ekskluzivno-royal-jordanian-se-vraca-u-beograd\\\/\"},\"author\":{\"name\":\"stipan.spaija\",\"@id\":\"https:\\\/\\\/tragento.com\\\/#\\\/schema\\\/person\\\/90a4711289a0230e41987dc84e2a8f1f\"},\"headline\":\"Ekskluzivno: Royal Jordanian se vra\u0107a u Beograd\",\"datePublished\":\"2025-10-03T14:19:55+00:00\",\"mainEntityOfPage\":{\"@id\":\"https:\\\/\\\/tragento.com\\\/ekskluzivno-royal-jordanian-se-vraca-u-beograd\\\/\"},\"wordCount\":228,\"commentCount\":0,\"publisher\":{\"@id\":\"https:\\\/\\\/tragento.com\\\/#organization\"},\"image\":{\"@id\":\"https:\\\/\\\/tragento.com\\\/ekskluzivno-royal-jordanian-se-vraca-u-beograd\\\/#primaryimage\"},\"thumbnailUrl\":\"https:\\\/\\\/tragento.com\\\/wp-content\\\/uploads\\\/2025\\\/10\\\/A320-neo_top-view-2024.jpg\",\"keywords\":[\"2026\",\"aviokompanije\",\"jordan\",\"Royal Jordanian\",\"Srbija\"],\"articleSection\":[\"Avioindustrija\",\"Izdvojeno\",\"Vijesti\"],\"inLanguage\":\"en-GB\"},{\"@type\":\"WebPage\",\"@id\":\"https:\\\/\\\/tragento.com\\\/ekskluzivno-royal-jordanian-se-vraca-u-beograd\\\/\",\"url\":\"https:\\\/\\\/tragento.com\\\/ekskluzivno-royal-jordanian-se-vraca-u-beograd\\\/\",\"name\":\"Ekskluzivno: Royal Jordanian se vra\u0107a u Beograd - Tragento\",\"isPartOf\":{\"@id\":\"https:\\\/\\\/tragento.com\\\/#website\"},\"primaryImageOfPage\":{\"@id\":\"https:\\\/\\\/tragento.com\\\/ekskluzivno-royal-jordanian-se-vraca-u-beograd\\\/#primaryimage\"},\"image\":{\"@id\":\"https:\\\/\\\/tragento.com\\\/ekskluzivno-royal-jordanian-se-vraca-u-beograd\\\/#primaryimage\"},\"thumbnailUrl\":\"https:\\\/\\\/tragento.com\\\/wp-content\\\/uploads\\\/2025\\\/10\\\/A320-neo_top-view-2024.jpg\",\"datePublished\":\"2025-10-03T14:19:55+00:00\",\"description\":\"Royal Jordanian se vra\u0107a u Beograd nakon 35 godina. Saznajte vi\u0161e o novim letovima i turisti\u010dkim atrakcijama.\",\"breadcrumb\":{\"@id\":\"https:\\\/\\\/tragento.com\\\/ekskluzivno-royal-jordanian-se-vraca-u-beograd\\\/#breadcrumb\"},\"inLanguage\":\"en-GB\",\"potentialAction\":[{\"@type\":\"ReadAction\",\"target\":[\"https:\\\/\\\/tragento.com\\\/ekskluzivno-royal-jordanian-se-vraca-u-beograd\\\/\"]}]},{\"@type\":\"ImageObject\",\"inLanguage\":\"en-GB\",\"@id\":\"https:\\\/\\\/tragento.com\\\/ekskluzivno-royal-jordanian-se-vraca-u-beograd\\\/#primaryimage\",\"url\":\"https:\\\/\\\/tragento.com\\\/wp-content\\\/uploads\\\/2025\\\/10\\\/A320-neo_top-view-2024.jpg\",\"contentUrl\":\"https:\\\/\\\/tragento.com\\\/wp-content\\\/uploads\\\/2025\\\/10\\\/A320-neo_top-view-2024.jpg\",\"width\":2362,\"height\":1654,\"caption\":\"Photo by RJ\"},{\"@type\":\"BreadcrumbList\",\"@id\":\"https:\\\/\\\/tragento.com\\\/ekskluzivno-royal-jordanian-se-vraca-u-beograd\\\/#breadcrumb\",\"itemListElement\":[{\"@type\":\"ListItem\",\"position\":1,\"name\":\"Home\",\"item\":\"https:\\\/\\\/tragento.com\\\/\"},{\"@type\":\"ListItem\",\"position\":2,\"name\":\"Ekskluzivno: Royal Jordanian se vra\u0107a u Beograd\"}]},{\"@type\":\"WebSite\",\"@id\":\"https:\\\/\\\/tragento.com\\\/#website\",\"url\":\"https:\\\/\\\/tragento.com\\\/\",\"name\":\"Tragento\",\"description\":\"Your Trusted Travel Partner\",\"publisher\":{\"@id\":\"https:\\\/\\\/tragento.com\\\/#organization\"},\"potentialAction\":[{\"@type\":\"SearchAction\",\"target\":{\"@type\":\"EntryPoint\",\"urlTemplate\":\"https:\\\/\\\/tragento.com\\\/?s={search_term_string}\"},\"query-input\":{\"@type\":\"PropertyValueSpecification\",\"valueRequired\":true,\"valueName\":\"search_term_string\"}}],\"inLanguage\":\"en-GB\"},{\"@type\":\"Organization\",\"@id\":\"https:\\\/\\\/tragento.com\\\/#organization\",\"name\":\"Tragento\",\"url\":\"https:\\\/\\\/tragento.com\\\/\",\"logo\":{\"@type\":\"ImageObject\",\"inLanguage\":\"en-GB\",\"@id\":\"https:\\\/\\\/tragento.com\\\/#\\\/schema\\\/logo\\\/image\\\/\",\"url\":\"https:\\\/\\\/tragento.com\\\/wp-content\\\/uploads\\\/2026\\\/08\\\/Wordpress-Transparent.png\",\"contentUrl\":\"https:\\\/\\\/tragento.com\\\/wp-content\\\/uploads\\\/2026\\\/08\\\/Wordpress-Transparent.png\",\"width\":512,\"height\":512,\"caption\":\"Tragento\"},\"image\":{\"@id\":\"https:\\\/\\\/tragento.com\\\/#\\\/schema\\\/logo\\\/image\\\/\"},\"sameAs\":[\"https:\\\/\\\/www.facebook.com\\\/profile.php?id=61567461024345\"],\"email\":\"info@tragento.com\",\"vatID\":\"HR80113219655\"},{\"@type\":\"Person\",\"@id\":\"https:\\\/\\\/tragento.com\\\/#\\\/schema\\\/person\\\/90a4711289a0230e41987dc84e2a8f1f\",\"name\":\"stipan.spaija\",\"image\":{\"@type\":\"ImageObject\",\"inLanguage\":\"en-GB\",\"@id\":\"https:\\\/\\\/secure.gravatar.com\\\/avatar\\\/46ef65dabb1d8437d028b65b563fda6f57826810ab502a7f951be82634843f60?s=96&d=mm&r=g\",\"url\":\"https:\\\/\\\/secure.gravatar.com\\\/avatar\\\/46ef65dabb1d8437d028b65b563fda6f57826810ab502a7f951be82634843f60?s=96&d=mm&r=g\",\"contentUrl\":\"https:\\\/\\\/secure.gravatar.com\\\/avatar\\\/46ef65dabb1d8437d028b65b563fda6f57826810ab502a7f951be82634843f60?s=96&d=mm&r=g\",\"caption\":\"stipan.spaija\"},\"birthDate\":\"1978-03-22\",\"gender\":\"Male\",\"knowsLanguage\":[\"Croatian\",\"English\"],\"url\":\"https:\\\/\\\/tragento.com\\\/en\\\/author\\\/stipan-spaija\\\/\"}]}<\/script>\n<!-- \/ Yoast SEO Premium plugin. -->","yoast_head_json":{"title":"Exclusive: Royal Jordanian Returns to Belgrade - Tragento","description":"Royal Jordanian is returning to Belgrade after 35 years. Find out more about the new flights and tourist attractions.","robots":{"index":"index","follow":"follow","max-snippet":"max-snippet:-1","max-image-preview":"max-image-preview:large","max-video-preview":"max-video-preview:-1"},"canonical":"https:\/\/tragento.com\/en\/exclusive-royal-jordanian-is-returning-to-belgrade\/","og_locale":"en_GB","og_type":"article","og_title":"Ekskluzivno: Royal Jordanian se vra\u0107a u Beograd","og_description":"Royal Jordanian se vra\u0107a u Beograd nakon 35 godina. Saznajte vi\u0161e o novim letovima i turisti\u010dkim atrakcijama.","og_url":"https:\/\/tragento.com\/en\/exclusive-royal-jordanian-is-returning-to-belgrade\/","og_site_name":"Tragento","article_publisher":"https:\/\/www.facebook.com\/profile.php?id=61567461024345","article_published_time":"2025-10-03T14:19:55+00:00","og_image":[{"width":2362,"height":1654,"url":"https:\/\/tragento.com\/wp-content\/uploads\/2025\/10\/A320-neo_top-view-2024.jpg","type":"image\/jpeg"}],"author":"stipan.spaija","twitter_card":"summary_large_image","twitter_misc":{"Written by":"stipan.spaija","Estimated reading time":"3 minutes"},"schema":{"@context":"https:\/\/schema.org","@graph":[{"@type":"Article","@id":"https:\/\/tragento.com\/ekskluzivno-royal-jordanian-se-vraca-u-beograd\/#article","isPartOf":{"@id":"https:\/\/tragento.com\/ekskluzivno-royal-jordanian-se-vraca-u-beograd\/"},"author":{"name":"stipan.spaija","@id":"https:\/\/tragento.com\/#\/schema\/person\/90a4711289a0230e41987dc84e2a8f1f"},"headline":"Ekskluzivno: Royal Jordanian se vra\u0107a u Beograd","datePublished":"2025-10-03T14:19:55+00:00","mainEntityOfPage":{"@id":"https:\/\/tragento.com\/ekskluzivno-royal-jordanian-se-vraca-u-beograd\/"},"wordCount":228,"commentCount":0,"publisher":{"@id":"https:\/\/tragento.com\/#organization"},"image":{"@id":"https:\/\/tragento.com\/ekskluzivno-royal-jordanian-se-vraca-u-beograd\/#primaryimage"},"thumbnailUrl":"https:\/\/tragento.com\/wp-content\/uploads\/2025\/10\/A320-neo_top-view-2024.jpg","keywords":["2026","aviokompanije","jordan","Royal Jordanian","Srbija"],"articleSection":["Avioindustrija","Izdvojeno","Vijesti"],"inLanguage":"en-GB"},{"@type":"WebPage","@id":"https:\/\/tragento.com\/ekskluzivno-royal-jordanian-se-vraca-u-beograd\/","url":"https:\/\/tragento.com\/ekskluzivno-royal-jordanian-se-vraca-u-beograd\/","name":"Exclusive: Royal Jordanian Returns to Belgrade - Tragento","isPartOf":{"@id":"https:\/\/tragento.com\/#website"},"primaryImageOfPage":{"@id":"https:\/\/tragento.com\/ekskluzivno-royal-jordanian-se-vraca-u-beograd\/#primaryimage"},"image":{"@id":"https:\/\/tragento.com\/ekskluzivno-royal-jordanian-se-vraca-u-beograd\/#primaryimage"},"thumbnailUrl":"https:\/\/tragento.com\/wp-content\/uploads\/2025\/10\/A320-neo_top-view-2024.jpg","datePublished":"2025-10-03T14:19:55+00:00","description":"Royal Jordanian is returning to Belgrade after 35 years. Find out more about the new flights and tourist attractions.","breadcrumb":{"@id":"https:\/\/tragento.com\/ekskluzivno-royal-jordanian-se-vraca-u-beograd\/#breadcrumb"},"inLanguage":"en-GB","potentialAction":[{"@type":"ReadAction","target":["https:\/\/tragento.com\/ekskluzivno-royal-jordanian-se-vraca-u-beograd\/"]}]},{"@type":"ImageObject","inLanguage":"en-GB","@id":"https:\/\/tragento.com\/ekskluzivno-royal-jordanian-se-vraca-u-beograd\/#primaryimage","url":"https:\/\/tragento.com\/wp-content\/uploads\/2025\/10\/A320-neo_top-view-2024.jpg","contentUrl":"https:\/\/tragento.com\/wp-content\/uploads\/2025\/10\/A320-neo_top-view-2024.jpg","width":2362,"height":1654,"caption":"Photo by RJ"},{"@type":"BreadcrumbList","@id":"https:\/\/tragento.com\/ekskluzivno-royal-jordanian-se-vraca-u-beograd\/#breadcrumb","itemListElement":[{"@type":"ListItem","position":1,"name":"Home","item":"https:\/\/tragento.com\/"},{"@type":"ListItem","position":2,"name":"Ekskluzivno: Royal Jordanian se vra\u0107a u Beograd"}]},{"@type":"WebSite","@id":"https:\/\/tragento.com\/#website","url":"https:\/\/tragento.com\/","name":"Tragento","description":"Your Trusted Travel Partner","publisher":{"@id":"https:\/\/tragento.com\/#organization"},"potentialAction":[{"@type":"SearchAction","target":{"@type":"EntryPoint","urlTemplate":"https:\/\/tragento.com\/?s={search_term_string}"},"query-input":{"@type":"PropertyValueSpecification","valueRequired":true,"valueName":"search_term_string"}}],"inLanguage":"en-GB"},{"@type":"Organization","@id":"https:\/\/tragento.com\/#organization","name":"Tragento","url":"https:\/\/tragento.com\/","logo":{"@type":"ImageObject","inLanguage":"en-GB","@id":"https:\/\/tragento.com\/#\/schema\/logo\/image\/","url":"https:\/\/tragento.com\/wp-content\/uploads\/2026\/08\/Wordpress-Transparent.png","contentUrl":"https:\/\/tragento.com\/wp-content\/uploads\/2026\/08\/Wordpress-Transparent.png","width":512,"height":512,"caption":"Tragento"},"image":{"@id":"https:\/\/tragento.com\/#\/schema\/logo\/image\/"},"sameAs":["https:\/\/www.facebook.com\/profile.php?id=61567461024345"],"email":"info@tragento.com","vatID":"HR80113219655"},{"@type":"Person","@id":"https:\/\/tragento.com\/#\/schema\/person\/90a4711289a0230e41987dc84e2a8f1f","name":"Stipan Spaija","image":{"@type":"ImageObject","inLanguage":"en-GB","@id":"https:\/\/secure.gravatar.com\/avatar\/46ef65dabb1d8437d028b65b563fda6f57826810ab502a7f951be82634843f60?s=96&d=mm&r=g","url":"https:\/\/secure.gravatar.com\/avatar\/46ef65dabb1d8437d028b65b563fda6f57826810ab502a7f951be82634843f60?s=96&d=mm&r=g","contentUrl":"https:\/\/secure.gravatar.com\/avatar\/46ef65dabb1d8437d028b65b563fda6f57826810ab502a7f951be82634843f60?s=96&d=mm&r=g","caption":"stipan.spaija"},"birthDate":"1978-03-22","gender":"Male","knowsLanguage":["Croatian","English"],"url":"https:\/\/tragento.com\/en\/author\/stipan-spaija\/"}]}},"tragento_display_category":{"id":95,"name":"Aviation Industry","slug":"aerospace-industry","link":"https:\/\/tragento.com\/en\/category\/avioindustrija\/"},"_links":{"self":[{"href":"https:\/\/tragento.com\/en\/wp-json\/wp\/v2\/posts\/6453","targetHints":{"allow":["GET"]}}],"collection":[{"href":"https:\/\/tragento.com\/en\/wp-json\/wp\/v2\/posts"}],"about":[{"href":"https:\/\/tragento.com\/en\/wp-json\/wp\/v2\/types\/post"}],"author":[{"embeddable":true,"href":"https:\/\/tragento.com\/en\/wp-json\/wp\/v2\/users\/2"}],"replies":[{"embeddable":true,"href":"https:\/\/tragento.com\/en\/wp-json\/wp\/v2\/comments?post=6453"}],"version-history":[{"count":0,"href":"https:\/\/tragento.com\/en\/wp-json\/wp\/v2\/posts\/6453\/revisions"}],"wp:featuredmedia":[{"embeddable":true,"href":"https:\/\/tragento.com\/en\/wp-json\/wp\/v2\/media\/6653"}],"wp:attachment":[{"href":"https:\/\/tragento.com\/en\/wp-json\/wp\/v2\/media?parent=6453"}],"wp:term":[{"taxonomy":"category","embeddable":true,"href":"https:\/\/tragento.com\/en\/wp-json\/wp\/v2\/categories?post=6453"},{"taxonomy":"post_tag","embeddable":true,"href":"https:\/\/tragento.com\/en\/wp-json\/wp\/v2\/tags?post=6453"}],"curies":[{"name":"wp","href":"https:\/\/api.w.org\/{rel}","templated":true}]}}