{"id":5254,"date":"2025-06-27T09:11:31","date_gmt":"2025-06-27T07:11:31","guid":{"rendered":"https:\/\/tragento.com\/?p=5254"},"modified":"2025-06-27T09:11:31","modified_gmt":"2025-06-27T07:11:31","slug":"air-serbia-and-visa-have-signed-a-strategic-partnership-with-the-first-joint-card-set-to-arrive","status":"publish","type":"post","link":"https:\/\/tragento.com\/en\/air-serbia-i-visa-potpisali-stratesko-partnerstvo-stize-prva-zajednicka-kartica\/","title":{"rendered":"Air Serbia and Visa sign strategic partnership: first joint card to arrive"},"content":{"rendered":"<p class=\"wp-block-paragraph\">Air Serbia, the national airline of the Republic of Serbia, has joined forces with Visa, the world's leading payment card company. This partnership announces the issuance of the first joint, co-branded card, which will be part of Air Serbia's new loyalty programme.<\/p>\n\n\n\n<p class=\"wp-block-paragraph\">As announced by the company, the new loyalty programme brings travellers a range of benefits and privileges \u2013 and not just during travel. A special feature of the new card will be the ability to collect points for everyday transactions unrelated to travel, through which Air Serbia aims to further encourage loyalty and reward its passengers.<\/p>\n\n\n\n<p class=\"wp-block-paragraph\">\u201eA partnership with Visa, a global leader in the payment services industry, is an important step in improving our services. We are actively working on expanding our premium offering both in the air and on the ground. The first co-branded card will be an important part of a new loyalty programme that brings travellers an even better experience \u2013 combining the convenience of everyday payments with travel privileges. We believe this will further motivate travellers to choose Air Serbia,\u201c said Jiri Marek, CEO of Air Serbia.<\/p>\n\n\n\n<p class=\"wp-block-paragraph\">On the other hand, Visa states that their aim from the partnership is to further strengthen the digitalisation and modernisation of the customer experience.<\/p>\n\n\n\n<p class=\"wp-block-paragraph\">\u201eIt is a great pleasure for us to have formalised a strategic partnership with Air Serbia. As one of the ten oldest airlines in the world, Air Serbia is the nation's pride, and Visa, with its global experience in digital payments, wishes to contribute to new business opportunities. Our common goal is to offer a unique product that combines payment security with the pleasure of travel and added value, both at home and abroad,\u201c stated Ana Dra\u0161kovi\u0107, Vice President and General Manager of Visa for Southeastern Europe.<\/p>","protected":false},"excerpt":{"rendered":"<p>Air Serbia, nacionalni avioprijevoznik Republike Srbije, udru\u017eila je snage s Visa-om, vode\u0107om svjetskom kompanijom za platne kartice. Ovim partnerstvom najavljeno je izdavanje prve zajedni\u010dke, co-branded kartice, koja \u0107e biti dio novog loyalty programa Air Serbije. Kako najavljuju iz kompanije, novi program vjernosti putnicima donosi niz&#8230;<\/p>","protected":false},"author":2,"featured_media":1838,"comment_status":"open","ping_status":"open","sticky":false,"template":"","format":"standard","meta":{"_tragento_display_category":0,"footnotes":""},"categories":[95,130,89],"tags":[94,131],"class_list":["post-5254","post","type-post","status-publish","format-standard","has-post-thumbnail","hentry","category-avioindustrija","category-placanja","category-vijesti","tag-air-serbia","tag-placanja"],"yoast_head":"<!-- This site is optimized with the Yoast SEO Premium plugin v28.4 (Yoast SEO v28.4) - https:\/\/yoast.com\/product\/yoast-seo-premium-wordpress\/ -->\n<title>Air Serbia i Visa potpisali strate\u0161ko partnerstvo: sti\u017ee prva zajedni\u010dka kartica - Tragento<\/title>\n<meta name=\"description\" content=\"Air Serbia, nacionalni avioprijevoznik Republike Srbije, udru\u017eila je snage s Visa-om, vode\u0107om svjetskom kompanijom za platne kartice. Ovim partnerstvom najavljeno je izdavanje prve zajedni\u010dke, co-branded kartice, koja \u0107e biti dio novog loyalty programa Air Serbije.\" \/>\n<meta name=\"robots\" content=\"index, follow, max-snippet:-1, max-image-preview:large, max-video-preview:-1\" \/>\n<link rel=\"canonical\" href=\"https:\/\/tragento.com\/en\/air-serbia-and-visa-have-signed-a-strategic-partnership-with-the-first-joint-card-set-to-arrive\/\" \/>\n<meta property=\"og:locale\" content=\"en_GB\" \/>\n<meta property=\"og:type\" content=\"article\" \/>\n<meta property=\"og:title\" content=\"Air Serbia i Visa potpisali strate\u0161ko partnerstvo: sti\u017ee prva zajedni\u010dka kartica\" \/>\n<meta property=\"og:description\" content=\"Air Serbia, nacionalni avioprijevoznik Republike Srbije, udru\u017eila je snage s Visa-om, vode\u0107om svjetskom kompanijom za platne kartice. Ovim partnerstvom najavljeno je izdavanje prve zajedni\u010dke, co-branded kartice, koja \u0107e biti dio novog loyalty programa Air Serbije.\" \/>\n<meta property=\"og:url\" content=\"https:\/\/tragento.com\/en\/air-serbia-and-visa-have-signed-a-strategic-partnership-with-the-first-joint-card-set-to-arrive\/\" \/>\n<meta property=\"og:site_name\" content=\"Tragento\" \/>\n<meta property=\"article:publisher\" content=\"https:\/\/www.facebook.com\/profile.php?id=61567461024345\" \/>\n<meta property=\"article:published_time\" content=\"2025-06-27T07:11:31+00:00\" \/>\n<meta property=\"og:image\" content=\"https:\/\/tragento.com\/wp-content\/uploads\/2024\/09\/A330-Tesla.jpg\" \/>\n\t<meta property=\"og:image:width\" content=\"1919\" \/>\n\t<meta property=\"og:image:height\" content=\"1279\" \/>\n\t<meta property=\"og:image:type\" content=\"image\/jpeg\" \/>\n<meta name=\"author\" content=\"stipan.spaija\" \/>\n<meta name=\"twitter:card\" content=\"summary_large_image\" \/>\n<meta name=\"twitter:label1\" content=\"Written by\" \/>\n\t<meta name=\"twitter:data1\" content=\"stipan.spaija\" \/>\n\t<meta name=\"twitter:label2\" content=\"Estimated reading time\" \/>\n\t<meta name=\"twitter:data2\" content=\"2 minutes\" \/>\n<script type=\"application\/ld+json\" class=\"yoast-schema-graph\">{\"@context\":\"https:\\\/\\\/schema.org\",\"@graph\":[{\"@type\":\"Article\",\"@id\":\"https:\\\/\\\/tragento.com\\\/air-serbia-i-visa-potpisali-stratesko-partnerstvo-stize-prva-zajednicka-kartica\\\/#article\",\"isPartOf\":{\"@id\":\"https:\\\/\\\/tragento.com\\\/air-serbia-i-visa-potpisali-stratesko-partnerstvo-stize-prva-zajednicka-kartica\\\/\"},\"author\":{\"name\":\"stipan.spaija\",\"@id\":\"https:\\\/\\\/tragento.com\\\/#\\\/schema\\\/person\\\/90a4711289a0230e41987dc84e2a8f1f\"},\"headline\":\"Air Serbia i Visa potpisali strate\u0161ko partnerstvo: sti\u017ee prva zajedni\u010dka kartica\",\"datePublished\":\"2025-06-27T07:11:31+00:00\",\"mainEntityOfPage\":{\"@id\":\"https:\\\/\\\/tragento.com\\\/air-serbia-i-visa-potpisali-stratesko-partnerstvo-stize-prva-zajednicka-kartica\\\/\"},\"wordCount\":277,\"commentCount\":0,\"publisher\":{\"@id\":\"https:\\\/\\\/tragento.com\\\/#organization\"},\"image\":{\"@id\":\"https:\\\/\\\/tragento.com\\\/air-serbia-i-visa-potpisali-stratesko-partnerstvo-stize-prva-zajednicka-kartica\\\/#primaryimage\"},\"thumbnailUrl\":\"https:\\\/\\\/tragento.com\\\/wp-content\\\/uploads\\\/2024\\\/09\\\/A330-Tesla.jpg\",\"keywords\":[\"Air Serbia\",\"placanja\"],\"articleSection\":[\"Avioindustrija\",\"Placanja\",\"Vijesti\"],\"inLanguage\":\"en-GB\"},{\"@type\":\"WebPage\",\"@id\":\"https:\\\/\\\/tragento.com\\\/air-serbia-i-visa-potpisali-stratesko-partnerstvo-stize-prva-zajednicka-kartica\\\/\",\"url\":\"https:\\\/\\\/tragento.com\\\/air-serbia-i-visa-potpisali-stratesko-partnerstvo-stize-prva-zajednicka-kartica\\\/\",\"name\":\"Air Serbia i Visa potpisali strate\u0161ko partnerstvo: sti\u017ee prva zajedni\u010dka kartica - Tragento\",\"isPartOf\":{\"@id\":\"https:\\\/\\\/tragento.com\\\/#website\"},\"primaryImageOfPage\":{\"@id\":\"https:\\\/\\\/tragento.com\\\/air-serbia-i-visa-potpisali-stratesko-partnerstvo-stize-prva-zajednicka-kartica\\\/#primaryimage\"},\"image\":{\"@id\":\"https:\\\/\\\/tragento.com\\\/air-serbia-i-visa-potpisali-stratesko-partnerstvo-stize-prva-zajednicka-kartica\\\/#primaryimage\"},\"thumbnailUrl\":\"https:\\\/\\\/tragento.com\\\/wp-content\\\/uploads\\\/2024\\\/09\\\/A330-Tesla.jpg\",\"datePublished\":\"2025-06-27T07:11:31+00:00\",\"description\":\"Air Serbia, nacionalni avioprijevoznik Republike Srbije, udru\u017eila je snage s Visa-om, vode\u0107om svjetskom kompanijom za platne kartice. Ovim partnerstvom najavljeno je izdavanje prve zajedni\u010dke, co-branded kartice, koja \u0107e biti dio novog loyalty programa Air Serbije.\",\"breadcrumb\":{\"@id\":\"https:\\\/\\\/tragento.com\\\/air-serbia-i-visa-potpisali-stratesko-partnerstvo-stize-prva-zajednicka-kartica\\\/#breadcrumb\"},\"inLanguage\":\"en-GB\",\"potentialAction\":[{\"@type\":\"ReadAction\",\"target\":[\"https:\\\/\\\/tragento.com\\\/air-serbia-i-visa-potpisali-stratesko-partnerstvo-stize-prva-zajednicka-kartica\\\/\"]}]},{\"@type\":\"ImageObject\",\"inLanguage\":\"en-GB\",\"@id\":\"https:\\\/\\\/tragento.com\\\/air-serbia-i-visa-potpisali-stratesko-partnerstvo-stize-prva-zajednicka-kartica\\\/#primaryimage\",\"url\":\"https:\\\/\\\/tragento.com\\\/wp-content\\\/uploads\\\/2024\\\/09\\\/A330-Tesla.jpg\",\"contentUrl\":\"https:\\\/\\\/tragento.com\\\/wp-content\\\/uploads\\\/2024\\\/09\\\/A330-Tesla.jpg\",\"width\":1919,\"height\":1279,\"caption\":\"Photo by AirSerbia\"},{\"@type\":\"BreadcrumbList\",\"@id\":\"https:\\\/\\\/tragento.com\\\/air-serbia-i-visa-potpisali-stratesko-partnerstvo-stize-prva-zajednicka-kartica\\\/#breadcrumb\",\"itemListElement\":[{\"@type\":\"ListItem\",\"position\":1,\"name\":\"Home\",\"item\":\"https:\\\/\\\/tragento.com\\\/\"},{\"@type\":\"ListItem\",\"position\":2,\"name\":\"Air Serbia i Visa potpisali strate\u0161ko partnerstvo: sti\u017ee prva zajedni\u010dka kartica\"}]},{\"@type\":\"WebSite\",\"@id\":\"https:\\\/\\\/tragento.com\\\/#website\",\"url\":\"https:\\\/\\\/tragento.com\\\/\",\"name\":\"Tragento\",\"description\":\"Your Trusted Travel Partner\",\"publisher\":{\"@id\":\"https:\\\/\\\/tragento.com\\\/#organization\"},\"potentialAction\":[{\"@type\":\"SearchAction\",\"target\":{\"@type\":\"EntryPoint\",\"urlTemplate\":\"https:\\\/\\\/tragento.com\\\/?s={search_term_string}\"},\"query-input\":{\"@type\":\"PropertyValueSpecification\",\"valueRequired\":true,\"valueName\":\"search_term_string\"}}],\"inLanguage\":\"en-GB\"},{\"@type\":\"Organization\",\"@id\":\"https:\\\/\\\/tragento.com\\\/#organization\",\"name\":\"Tragento\",\"url\":\"https:\\\/\\\/tragento.com\\\/\",\"logo\":{\"@type\":\"ImageObject\",\"inLanguage\":\"en-GB\",\"@id\":\"https:\\\/\\\/tragento.com\\\/#\\\/schema\\\/logo\\\/image\\\/\",\"url\":\"https:\\\/\\\/tragento.com\\\/wp-content\\\/uploads\\\/2026\\\/08\\\/Wordpress-Transparent.png\",\"contentUrl\":\"https:\\\/\\\/tragento.com\\\/wp-content\\\/uploads\\\/2026\\\/08\\\/Wordpress-Transparent.png\",\"width\":512,\"height\":512,\"caption\":\"Tragento\"},\"image\":{\"@id\":\"https:\\\/\\\/tragento.com\\\/#\\\/schema\\\/logo\\\/image\\\/\"},\"sameAs\":[\"https:\\\/\\\/www.facebook.com\\\/profile.php?id=61567461024345\"],\"email\":\"info@tragento.com\",\"vatID\":\"HR80113219655\"},{\"@type\":\"Person\",\"@id\":\"https:\\\/\\\/tragento.com\\\/#\\\/schema\\\/person\\\/90a4711289a0230e41987dc84e2a8f1f\",\"name\":\"stipan.spaija\",\"image\":{\"@type\":\"ImageObject\",\"inLanguage\":\"en-GB\",\"@id\":\"https:\\\/\\\/secure.gravatar.com\\\/avatar\\\/46ef65dabb1d8437d028b65b563fda6f57826810ab502a7f951be82634843f60?s=96&d=mm&r=g\",\"url\":\"https:\\\/\\\/secure.gravatar.com\\\/avatar\\\/46ef65dabb1d8437d028b65b563fda6f57826810ab502a7f951be82634843f60?s=96&d=mm&r=g\",\"contentUrl\":\"https:\\\/\\\/secure.gravatar.com\\\/avatar\\\/46ef65dabb1d8437d028b65b563fda6f57826810ab502a7f951be82634843f60?s=96&d=mm&r=g\",\"caption\":\"stipan.spaija\"},\"birthDate\":\"1978-03-22\",\"gender\":\"Male\",\"knowsLanguage\":[\"Croatian\",\"English\"],\"url\":\"https:\\\/\\\/tragento.com\\\/en\\\/author\\\/stipan-spaija\\\/\"}]}<\/script>\n<!-- \/ Yoast SEO Premium plugin. -->","yoast_head_json":{"title":"Air Serbia and Visa sign strategic partnership: first co-branded card arrives - Tragento","description":"Air Serbia, the national airline of the Republic of Serbia, has joined forces with Visa, the world's leading payment card company. This partnership announces the issuance of the first joint, co-branded card, which will be part of Air Serbia's new loyalty programme.","robots":{"index":"index","follow":"follow","max-snippet":"max-snippet:-1","max-image-preview":"max-image-preview:large","max-video-preview":"max-video-preview:-1"},"canonical":"https:\/\/tragento.com\/en\/air-serbia-and-visa-have-signed-a-strategic-partnership-with-the-first-joint-card-set-to-arrive\/","og_locale":"en_GB","og_type":"article","og_title":"Air Serbia i Visa potpisali strate\u0161ko partnerstvo: sti\u017ee prva zajedni\u010dka kartica","og_description":"Air Serbia, nacionalni avioprijevoznik Republike Srbije, udru\u017eila je snage s Visa-om, vode\u0107om svjetskom kompanijom za platne kartice. Ovim partnerstvom najavljeno je izdavanje prve zajedni\u010dke, co-branded kartice, koja \u0107e biti dio novog loyalty programa Air Serbije.","og_url":"https:\/\/tragento.com\/en\/air-serbia-and-visa-have-signed-a-strategic-partnership-with-the-first-joint-card-set-to-arrive\/","og_site_name":"Tragento","article_publisher":"https:\/\/www.facebook.com\/profile.php?id=61567461024345","article_published_time":"2025-06-27T07:11:31+00:00","og_image":[{"width":1919,"height":1279,"url":"https:\/\/tragento.com\/wp-content\/uploads\/2024\/09\/A330-Tesla.jpg","type":"image\/jpeg"}],"author":"stipan.spaija","twitter_card":"summary_large_image","twitter_misc":{"Written by":"stipan.spaija","Estimated reading time":"2 minutes"},"schema":{"@context":"https:\/\/schema.org","@graph":[{"@type":"Article","@id":"https:\/\/tragento.com\/air-serbia-i-visa-potpisali-stratesko-partnerstvo-stize-prva-zajednicka-kartica\/#article","isPartOf":{"@id":"https:\/\/tragento.com\/air-serbia-i-visa-potpisali-stratesko-partnerstvo-stize-prva-zajednicka-kartica\/"},"author":{"name":"stipan.spaija","@id":"https:\/\/tragento.com\/#\/schema\/person\/90a4711289a0230e41987dc84e2a8f1f"},"headline":"Air Serbia i Visa potpisali strate\u0161ko partnerstvo: sti\u017ee prva zajedni\u010dka kartica","datePublished":"2025-06-27T07:11:31+00:00","mainEntityOfPage":{"@id":"https:\/\/tragento.com\/air-serbia-i-visa-potpisali-stratesko-partnerstvo-stize-prva-zajednicka-kartica\/"},"wordCount":277,"commentCount":0,"publisher":{"@id":"https:\/\/tragento.com\/#organization"},"image":{"@id":"https:\/\/tragento.com\/air-serbia-i-visa-potpisali-stratesko-partnerstvo-stize-prva-zajednicka-kartica\/#primaryimage"},"thumbnailUrl":"https:\/\/tragento.com\/wp-content\/uploads\/2024\/09\/A330-Tesla.jpg","keywords":["Air Serbia","placanja"],"articleSection":["Avioindustrija","Placanja","Vijesti"],"inLanguage":"en-GB"},{"@type":"WebPage","@id":"https:\/\/tragento.com\/air-serbia-i-visa-potpisali-stratesko-partnerstvo-stize-prva-zajednicka-kartica\/","url":"https:\/\/tragento.com\/air-serbia-i-visa-potpisali-stratesko-partnerstvo-stize-prva-zajednicka-kartica\/","name":"Air Serbia and Visa sign strategic partnership: first co-branded card arrives - Tragento","isPartOf":{"@id":"https:\/\/tragento.com\/#website"},"primaryImageOfPage":{"@id":"https:\/\/tragento.com\/air-serbia-i-visa-potpisali-stratesko-partnerstvo-stize-prva-zajednicka-kartica\/#primaryimage"},"image":{"@id":"https:\/\/tragento.com\/air-serbia-i-visa-potpisali-stratesko-partnerstvo-stize-prva-zajednicka-kartica\/#primaryimage"},"thumbnailUrl":"https:\/\/tragento.com\/wp-content\/uploads\/2024\/09\/A330-Tesla.jpg","datePublished":"2025-06-27T07:11:31+00:00","description":"Air Serbia, the national airline of the Republic of Serbia, has joined forces with Visa, the world's leading payment card company. This partnership announces the issuance of the first joint, co-branded card, which will be part of Air Serbia's new loyalty programme.","breadcrumb":{"@id":"https:\/\/tragento.com\/air-serbia-i-visa-potpisali-stratesko-partnerstvo-stize-prva-zajednicka-kartica\/#breadcrumb"},"inLanguage":"en-GB","potentialAction":[{"@type":"ReadAction","target":["https:\/\/tragento.com\/air-serbia-i-visa-potpisali-stratesko-partnerstvo-stize-prva-zajednicka-kartica\/"]}]},{"@type":"ImageObject","inLanguage":"en-GB","@id":"https:\/\/tragento.com\/air-serbia-i-visa-potpisali-stratesko-partnerstvo-stize-prva-zajednicka-kartica\/#primaryimage","url":"https:\/\/tragento.com\/wp-content\/uploads\/2024\/09\/A330-Tesla.jpg","contentUrl":"https:\/\/tragento.com\/wp-content\/uploads\/2024\/09\/A330-Tesla.jpg","width":1919,"height":1279,"caption":"Photo by AirSerbia"},{"@type":"BreadcrumbList","@id":"https:\/\/tragento.com\/air-serbia-i-visa-potpisali-stratesko-partnerstvo-stize-prva-zajednicka-kartica\/#breadcrumb","itemListElement":[{"@type":"ListItem","position":1,"name":"Home","item":"https:\/\/tragento.com\/"},{"@type":"ListItem","position":2,"name":"Air Serbia i Visa potpisali strate\u0161ko partnerstvo: sti\u017ee prva zajedni\u010dka kartica"}]},{"@type":"WebSite","@id":"https:\/\/tragento.com\/#website","url":"https:\/\/tragento.com\/","name":"Tragento","description":"Your Trusted Travel Partner","publisher":{"@id":"https:\/\/tragento.com\/#organization"},"potentialAction":[{"@type":"SearchAction","target":{"@type":"EntryPoint","urlTemplate":"https:\/\/tragento.com\/?s={search_term_string}"},"query-input":{"@type":"PropertyValueSpecification","valueRequired":true,"valueName":"search_term_string"}}],"inLanguage":"en-GB"},{"@type":"Organization","@id":"https:\/\/tragento.com\/#organization","name":"Tragento","url":"https:\/\/tragento.com\/","logo":{"@type":"ImageObject","inLanguage":"en-GB","@id":"https:\/\/tragento.com\/#\/schema\/logo\/image\/","url":"https:\/\/tragento.com\/wp-content\/uploads\/2026\/08\/Wordpress-Transparent.png","contentUrl":"https:\/\/tragento.com\/wp-content\/uploads\/2026\/08\/Wordpress-Transparent.png","width":512,"height":512,"caption":"Tragento"},"image":{"@id":"https:\/\/tragento.com\/#\/schema\/logo\/image\/"},"sameAs":["https:\/\/www.facebook.com\/profile.php?id=61567461024345"],"email":"info@tragento.com","vatID":"HR80113219655"},{"@type":"Person","@id":"https:\/\/tragento.com\/#\/schema\/person\/90a4711289a0230e41987dc84e2a8f1f","name":"Stipan Spaija","image":{"@type":"ImageObject","inLanguage":"en-GB","@id":"https:\/\/secure.gravatar.com\/avatar\/46ef65dabb1d8437d028b65b563fda6f57826810ab502a7f951be82634843f60?s=96&d=mm&r=g","url":"https:\/\/secure.gravatar.com\/avatar\/46ef65dabb1d8437d028b65b563fda6f57826810ab502a7f951be82634843f60?s=96&d=mm&r=g","contentUrl":"https:\/\/secure.gravatar.com\/avatar\/46ef65dabb1d8437d028b65b563fda6f57826810ab502a7f951be82634843f60?s=96&d=mm&r=g","caption":"stipan.spaija"},"birthDate":"1978-03-22","gender":"Male","knowsLanguage":["Croatian","English"],"url":"https:\/\/tragento.com\/en\/author\/stipan-spaija\/"}]}},"tragento_display_category":{"id":95,"name":"Aviation Industry","slug":"aerospace-industry","link":"https:\/\/tragento.com\/en\/category\/avioindustrija\/"},"_links":{"self":[{"href":"https:\/\/tragento.com\/en\/wp-json\/wp\/v2\/posts\/5254","targetHints":{"allow":["GET"]}}],"collection":[{"href":"https:\/\/tragento.com\/en\/wp-json\/wp\/v2\/posts"}],"about":[{"href":"https:\/\/tragento.com\/en\/wp-json\/wp\/v2\/types\/post"}],"author":[{"embeddable":true,"href":"https:\/\/tragento.com\/en\/wp-json\/wp\/v2\/users\/2"}],"replies":[{"embeddable":true,"href":"https:\/\/tragento.com\/en\/wp-json\/wp\/v2\/comments?post=5254"}],"version-history":[{"count":0,"href":"https:\/\/tragento.com\/en\/wp-json\/wp\/v2\/posts\/5254\/revisions"}],"wp:featuredmedia":[{"embeddable":true,"href":"https:\/\/tragento.com\/en\/wp-json\/wp\/v2\/media\/1838"}],"wp:attachment":[{"href":"https:\/\/tragento.com\/en\/wp-json\/wp\/v2\/media?parent=5254"}],"wp:term":[{"taxonomy":"category","embeddable":true,"href":"https:\/\/tragento.com\/en\/wp-json\/wp\/v2\/categories?post=5254"},{"taxonomy":"post_tag","embeddable":true,"href":"https:\/\/tragento.com\/en\/wp-json\/wp\/v2\/tags?post=5254"}],"curies":[{"name":"wp","href":"https:\/\/api.w.org\/{rel}","templated":true}]}}