{"id":5248,"date":"2025-06-26T09:42:55","date_gmt":"2025-06-26T07:42:55","guid":{"rendered":"https:\/\/tragento.com\/?p=5248"},"modified":"2025-06-26T09:42:55","modified_gmt":"2025-06-26T07:42:55","slug":"new-maritime-line-dubrovnik-kotor-connects-two-adriatic-tourist-pearls","status":"publish","type":"post","link":"https:\/\/tragento.com\/en\/nova-pomorska-linija-dubrovnik-kotor-povezala-dvije-turisticke-perle-jadrana\/","title":{"rendered":"New maritime line Dubrovnik \u2013 Kotor connects two Adriatic tourist pearls"},"content":{"rendered":"<p class=\"wp-block-paragraph\">A new seasonal ferry line between Dubrovnik and Kotor has officially been established! The catamaran \u201eAntonija\u201c arrived in the port of Kotor with its first passengers at the beginning of June, marking the start of operations which will last until September 30th.<\/p>\n\n\n\n<p class=\"wp-block-paragraph\">The line was launched by <strong>Adriatic Lines by Kompas<\/strong>, and will fly twice a week - on Mondays and Wednesdays - connecting two exceptionally attractive tourist cities and further strengthening cooperation between Croatia and Montenegro.<\/p>\n\n\n\n<p class=\"wp-block-paragraph\">The Montenegrin Minister of Maritime Affairs, Filip Radulovi\u0107, emphasised that this initiative not only contributes to the development of tourism and better transport solutions, but also promotes sustainability by reducing traffic on main roads.<\/p>\n\n\n\n<p class=\"wp-block-paragraph\">The catamaran \u201eAntonija\u201c has a capacity of 242 passengers, and the new route is expected to facilitate travel for local residents and tourists, providing them with a comfortable and fast connection between the two countries.<\/p>\n\n\n\n<p class=\"wp-block-paragraph\">\ud83d\udccd This new development is ideal for agencies offering day trips, cruise packages, or connected itineraries between Croatia and Montenegro.<\/p>","protected":false},"excerpt":{"rendered":"<p>Slu\u017ebeno je uspostavljena nova sezonska brodska linija izme\u0111u Dubrovnika i Kotora! Katamaran \u201eAntonija\u201c s prvim putnicima uplovio je u kotorsku luku po\u010detkom lipnja, ozna\u010div\u0161i po\u010detak prometovanja koje \u0107e trajati sve do 30. rujna. Liniju je pokrenuo Adriatic Lines by Kompas, a prometovat \u0107e dvaput tjedno&#8230;<\/p>","protected":false},"author":2,"featured_media":5250,"comment_status":"open","ping_status":"open","sticky":false,"template":"","format":"standard","meta":{"_tragento_display_category":0,"footnotes":""},"categories":[241,157,143,89],"tags":[],"class_list":["post-5248","post","type-post","status-publish","format-standard","has-post-thumbnail","hentry","category-cruise","category-dmc","category-turistickaindustrija","category-vijesti"],"yoast_head":"<!-- This site is optimized with the Yoast SEO Premium plugin v28.4 (Yoast SEO v28.4) - https:\/\/yoast.com\/product\/yoast-seo-premium-wordpress\/ -->\n<title>Nova pomorska linija Dubrovnik \u2013 Kotor povezala dvije turisti\u010dke perle Jadrana - Tragento<\/title>\n<meta name=\"description\" content=\"Slu\u017ebeno je uspostavljena nova sezonska brodska linija izme\u0111u Dubrovnika i Kotora! Katamaran \u201eAntonija\u201c s prvim putnicima uplovio je u kotorsku luku po\u010detkom lipnja, ozna\u010div\u0161i po\u010detak prometovanja koje \u0107e trajati sve do 30. rujna.\" \/>\n<meta name=\"robots\" content=\"index, follow, max-snippet:-1, max-image-preview:large, max-video-preview:-1\" \/>\n<link rel=\"canonical\" href=\"https:\/\/tragento.com\/en\/new-maritime-line-dubrovnik-kotor-connects-two-adriatic-tourist-pearls\/\" \/>\n<meta property=\"og:locale\" content=\"en_GB\" \/>\n<meta property=\"og:type\" content=\"article\" \/>\n<meta property=\"og:title\" content=\"Nova pomorska linija Dubrovnik \u2013 Kotor povezala dvije turisti\u010dke perle Jadrana\" \/>\n<meta property=\"og:description\" content=\"Slu\u017ebeno je uspostavljena nova sezonska brodska linija izme\u0111u Dubrovnika i Kotora! Katamaran \u201eAntonija\u201c s prvim putnicima uplovio je u kotorsku luku po\u010detkom lipnja, ozna\u010div\u0161i po\u010detak prometovanja koje \u0107e trajati sve do 30. rujna.\" \/>\n<meta property=\"og:url\" content=\"https:\/\/tragento.com\/en\/new-maritime-line-dubrovnik-kotor-connects-two-adriatic-tourist-pearls\/\" \/>\n<meta property=\"og:site_name\" content=\"Tragento\" \/>\n<meta property=\"article:publisher\" content=\"https:\/\/www.facebook.com\/profile.php?id=61567461024345\" \/>\n<meta property=\"article:published_time\" content=\"2025-06-26T07:42:55+00:00\" \/>\n<meta property=\"og:image\" content=\"https:\/\/tragento.com\/wp-content\/uploads\/2025\/06\/antonija-kompas.jpg\" \/>\n\t<meta property=\"og:image:width\" content=\"940\" \/>\n\t<meta property=\"og:image:height\" content=\"597\" \/>\n\t<meta property=\"og:image:type\" content=\"image\/jpeg\" \/>\n<meta name=\"author\" content=\"stipan.spaija\" \/>\n<meta name=\"twitter:card\" content=\"summary_large_image\" \/>\n<meta name=\"twitter:label1\" content=\"Written by\" \/>\n\t<meta name=\"twitter:data1\" content=\"stipan.spaija\" \/>\n\t<meta name=\"twitter:label2\" content=\"Estimated reading time\" \/>\n\t<meta name=\"twitter:data2\" content=\"1 minute\" \/>\n<script type=\"application\/ld+json\" class=\"yoast-schema-graph\">{\"@context\":\"https:\\\/\\\/schema.org\",\"@graph\":[{\"@type\":\"Article\",\"@id\":\"https:\\\/\\\/tragento.com\\\/nova-pomorska-linija-dubrovnik-kotor-povezala-dvije-turisticke-perle-jadrana\\\/#article\",\"isPartOf\":{\"@id\":\"https:\\\/\\\/tragento.com\\\/nova-pomorska-linija-dubrovnik-kotor-povezala-dvije-turisticke-perle-jadrana\\\/\"},\"author\":{\"name\":\"stipan.spaija\",\"@id\":\"https:\\\/\\\/tragento.com\\\/#\\\/schema\\\/person\\\/90a4711289a0230e41987dc84e2a8f1f\"},\"headline\":\"Nova pomorska linija Dubrovnik \u2013 Kotor povezala dvije turisti\u010dke perle Jadrana\",\"datePublished\":\"2025-06-26T07:42:55+00:00\",\"mainEntityOfPage\":{\"@id\":\"https:\\\/\\\/tragento.com\\\/nova-pomorska-linija-dubrovnik-kotor-povezala-dvije-turisticke-perle-jadrana\\\/\"},\"wordCount\":173,\"commentCount\":2,\"publisher\":{\"@id\":\"https:\\\/\\\/tragento.com\\\/#organization\"},\"image\":{\"@id\":\"https:\\\/\\\/tragento.com\\\/nova-pomorska-linija-dubrovnik-kotor-povezala-dvije-turisticke-perle-jadrana\\\/#primaryimage\"},\"thumbnailUrl\":\"https:\\\/\\\/tragento.com\\\/wp-content\\\/uploads\\\/2025\\\/06\\\/antonija-kompas.jpg\",\"articleSection\":[\"Cruise\",\"DMC\",\"Turisti\u010dka industrija\",\"Vijesti\"],\"inLanguage\":\"en-GB\"},{\"@type\":\"WebPage\",\"@id\":\"https:\\\/\\\/tragento.com\\\/nova-pomorska-linija-dubrovnik-kotor-povezala-dvije-turisticke-perle-jadrana\\\/\",\"url\":\"https:\\\/\\\/tragento.com\\\/nova-pomorska-linija-dubrovnik-kotor-povezala-dvije-turisticke-perle-jadrana\\\/\",\"name\":\"Nova pomorska linija Dubrovnik \u2013 Kotor povezala dvije turisti\u010dke perle Jadrana - Tragento\",\"isPartOf\":{\"@id\":\"https:\\\/\\\/tragento.com\\\/#website\"},\"primaryImageOfPage\":{\"@id\":\"https:\\\/\\\/tragento.com\\\/nova-pomorska-linija-dubrovnik-kotor-povezala-dvije-turisticke-perle-jadrana\\\/#primaryimage\"},\"image\":{\"@id\":\"https:\\\/\\\/tragento.com\\\/nova-pomorska-linija-dubrovnik-kotor-povezala-dvije-turisticke-perle-jadrana\\\/#primaryimage\"},\"thumbnailUrl\":\"https:\\\/\\\/tragento.com\\\/wp-content\\\/uploads\\\/2025\\\/06\\\/antonija-kompas.jpg\",\"datePublished\":\"2025-06-26T07:42:55+00:00\",\"description\":\"Slu\u017ebeno je uspostavljena nova sezonska brodska linija izme\u0111u Dubrovnika i Kotora! Katamaran \u201eAntonija\u201c s prvim putnicima uplovio je u kotorsku luku po\u010detkom lipnja, ozna\u010div\u0161i po\u010detak prometovanja koje \u0107e trajati sve do 30. rujna.\",\"breadcrumb\":{\"@id\":\"https:\\\/\\\/tragento.com\\\/nova-pomorska-linija-dubrovnik-kotor-povezala-dvije-turisticke-perle-jadrana\\\/#breadcrumb\"},\"inLanguage\":\"en-GB\",\"potentialAction\":[{\"@type\":\"ReadAction\",\"target\":[\"https:\\\/\\\/tragento.com\\\/nova-pomorska-linija-dubrovnik-kotor-povezala-dvije-turisticke-perle-jadrana\\\/\"]}]},{\"@type\":\"ImageObject\",\"inLanguage\":\"en-GB\",\"@id\":\"https:\\\/\\\/tragento.com\\\/nova-pomorska-linija-dubrovnik-kotor-povezala-dvije-turisticke-perle-jadrana\\\/#primaryimage\",\"url\":\"https:\\\/\\\/tragento.com\\\/wp-content\\\/uploads\\\/2025\\\/06\\\/antonija-kompas.jpg\",\"contentUrl\":\"https:\\\/\\\/tragento.com\\\/wp-content\\\/uploads\\\/2025\\\/06\\\/antonija-kompas.jpg\",\"width\":940,\"height\":597,\"caption\":\"Photo Adriatic Lines by Kompas\"},{\"@type\":\"BreadcrumbList\",\"@id\":\"https:\\\/\\\/tragento.com\\\/nova-pomorska-linija-dubrovnik-kotor-povezala-dvije-turisticke-perle-jadrana\\\/#breadcrumb\",\"itemListElement\":[{\"@type\":\"ListItem\",\"position\":1,\"name\":\"Home\",\"item\":\"https:\\\/\\\/tragento.com\\\/\"},{\"@type\":\"ListItem\",\"position\":2,\"name\":\"Nova pomorska linija Dubrovnik \u2013 Kotor povezala dvije turisti\u010dke perle Jadrana\"}]},{\"@type\":\"WebSite\",\"@id\":\"https:\\\/\\\/tragento.com\\\/#website\",\"url\":\"https:\\\/\\\/tragento.com\\\/\",\"name\":\"Tragento\",\"description\":\"Your Trusted Travel Partner\",\"publisher\":{\"@id\":\"https:\\\/\\\/tragento.com\\\/#organization\"},\"potentialAction\":[{\"@type\":\"SearchAction\",\"target\":{\"@type\":\"EntryPoint\",\"urlTemplate\":\"https:\\\/\\\/tragento.com\\\/?s={search_term_string}\"},\"query-input\":{\"@type\":\"PropertyValueSpecification\",\"valueRequired\":true,\"valueName\":\"search_term_string\"}}],\"inLanguage\":\"en-GB\"},{\"@type\":\"Organization\",\"@id\":\"https:\\\/\\\/tragento.com\\\/#organization\",\"name\":\"Tragento\",\"url\":\"https:\\\/\\\/tragento.com\\\/\",\"logo\":{\"@type\":\"ImageObject\",\"inLanguage\":\"en-GB\",\"@id\":\"https:\\\/\\\/tragento.com\\\/#\\\/schema\\\/logo\\\/image\\\/\",\"url\":\"https:\\\/\\\/tragento.com\\\/wp-content\\\/uploads\\\/2026\\\/08\\\/Wordpress-Transparent.png\",\"contentUrl\":\"https:\\\/\\\/tragento.com\\\/wp-content\\\/uploads\\\/2026\\\/08\\\/Wordpress-Transparent.png\",\"width\":512,\"height\":512,\"caption\":\"Tragento\"},\"image\":{\"@id\":\"https:\\\/\\\/tragento.com\\\/#\\\/schema\\\/logo\\\/image\\\/\"},\"sameAs\":[\"https:\\\/\\\/www.facebook.com\\\/profile.php?id=61567461024345\"],\"email\":\"info@tragento.com\",\"vatID\":\"HR80113219655\"},{\"@type\":\"Person\",\"@id\":\"https:\\\/\\\/tragento.com\\\/#\\\/schema\\\/person\\\/90a4711289a0230e41987dc84e2a8f1f\",\"name\":\"stipan.spaija\",\"image\":{\"@type\":\"ImageObject\",\"inLanguage\":\"en-GB\",\"@id\":\"https:\\\/\\\/secure.gravatar.com\\\/avatar\\\/46ef65dabb1d8437d028b65b563fda6f57826810ab502a7f951be82634843f60?s=96&d=mm&r=g\",\"url\":\"https:\\\/\\\/secure.gravatar.com\\\/avatar\\\/46ef65dabb1d8437d028b65b563fda6f57826810ab502a7f951be82634843f60?s=96&d=mm&r=g\",\"contentUrl\":\"https:\\\/\\\/secure.gravatar.com\\\/avatar\\\/46ef65dabb1d8437d028b65b563fda6f57826810ab502a7f951be82634843f60?s=96&d=mm&r=g\",\"caption\":\"stipan.spaija\"},\"birthDate\":\"1978-03-22\",\"gender\":\"Male\",\"knowsLanguage\":[\"Croatian\",\"English\"],\"url\":\"https:\\\/\\\/tragento.com\\\/en\\\/author\\\/stipan-spaija\\\/\"}]}<\/script>\n<!-- \/ Yoast SEO Premium plugin. -->","yoast_head_json":{"title":"New maritime line Dubrovnik \u2013 Kotor connects two Adriatic tourist gems - Tragento","description":"A new seasonal ferry line between Dubrovnik and Kotor has officially been established! The catamaran \u201eAntonija\u201c arrived in the port of Kotor with its first passengers at the beginning of June, marking the start of operations which will last until September 30th.","robots":{"index":"index","follow":"follow","max-snippet":"max-snippet:-1","max-image-preview":"max-image-preview:large","max-video-preview":"max-video-preview:-1"},"canonical":"https:\/\/tragento.com\/en\/new-maritime-line-dubrovnik-kotor-connects-two-adriatic-tourist-pearls\/","og_locale":"en_GB","og_type":"article","og_title":"Nova pomorska linija Dubrovnik \u2013 Kotor povezala dvije turisti\u010dke perle Jadrana","og_description":"Slu\u017ebeno je uspostavljena nova sezonska brodska linija izme\u0111u Dubrovnika i Kotora! Katamaran \u201eAntonija\u201c s prvim putnicima uplovio je u kotorsku luku po\u010detkom lipnja, ozna\u010div\u0161i po\u010detak prometovanja koje \u0107e trajati sve do 30. rujna.","og_url":"https:\/\/tragento.com\/en\/new-maritime-line-dubrovnik-kotor-connects-two-adriatic-tourist-pearls\/","og_site_name":"Tragento","article_publisher":"https:\/\/www.facebook.com\/profile.php?id=61567461024345","article_published_time":"2025-06-26T07:42:55+00:00","og_image":[{"width":940,"height":597,"url":"https:\/\/tragento.com\/wp-content\/uploads\/2025\/06\/antonija-kompas.jpg","type":"image\/jpeg"}],"author":"stipan.spaija","twitter_card":"summary_large_image","twitter_misc":{"Written by":"stipan.spaija","Estimated reading time":"1 minute"},"schema":{"@context":"https:\/\/schema.org","@graph":[{"@type":"Article","@id":"https:\/\/tragento.com\/nova-pomorska-linija-dubrovnik-kotor-povezala-dvije-turisticke-perle-jadrana\/#article","isPartOf":{"@id":"https:\/\/tragento.com\/nova-pomorska-linija-dubrovnik-kotor-povezala-dvije-turisticke-perle-jadrana\/"},"author":{"name":"stipan.spaija","@id":"https:\/\/tragento.com\/#\/schema\/person\/90a4711289a0230e41987dc84e2a8f1f"},"headline":"Nova pomorska linija Dubrovnik \u2013 Kotor povezala dvije turisti\u010dke perle Jadrana","datePublished":"2025-06-26T07:42:55+00:00","mainEntityOfPage":{"@id":"https:\/\/tragento.com\/nova-pomorska-linija-dubrovnik-kotor-povezala-dvije-turisticke-perle-jadrana\/"},"wordCount":173,"commentCount":2,"publisher":{"@id":"https:\/\/tragento.com\/#organization"},"image":{"@id":"https:\/\/tragento.com\/nova-pomorska-linija-dubrovnik-kotor-povezala-dvije-turisticke-perle-jadrana\/#primaryimage"},"thumbnailUrl":"https:\/\/tragento.com\/wp-content\/uploads\/2025\/06\/antonija-kompas.jpg","articleSection":["Cruise","DMC","Turisti\u010dka industrija","Vijesti"],"inLanguage":"en-GB"},{"@type":"WebPage","@id":"https:\/\/tragento.com\/nova-pomorska-linija-dubrovnik-kotor-povezala-dvije-turisticke-perle-jadrana\/","url":"https:\/\/tragento.com\/nova-pomorska-linija-dubrovnik-kotor-povezala-dvije-turisticke-perle-jadrana\/","name":"New maritime line Dubrovnik \u2013 Kotor connects two Adriatic tourist gems - Tragento","isPartOf":{"@id":"https:\/\/tragento.com\/#website"},"primaryImageOfPage":{"@id":"https:\/\/tragento.com\/nova-pomorska-linija-dubrovnik-kotor-povezala-dvije-turisticke-perle-jadrana\/#primaryimage"},"image":{"@id":"https:\/\/tragento.com\/nova-pomorska-linija-dubrovnik-kotor-povezala-dvije-turisticke-perle-jadrana\/#primaryimage"},"thumbnailUrl":"https:\/\/tragento.com\/wp-content\/uploads\/2025\/06\/antonija-kompas.jpg","datePublished":"2025-06-26T07:42:55+00:00","description":"A new seasonal ferry line between Dubrovnik and Kotor has officially been established! The catamaran \u201eAntonija\u201c arrived in the port of Kotor with its first passengers at the beginning of June, marking the start of operations which will last until September 30th.","breadcrumb":{"@id":"https:\/\/tragento.com\/nova-pomorska-linija-dubrovnik-kotor-povezala-dvije-turisticke-perle-jadrana\/#breadcrumb"},"inLanguage":"en-GB","potentialAction":[{"@type":"ReadAction","target":["https:\/\/tragento.com\/nova-pomorska-linija-dubrovnik-kotor-povezala-dvije-turisticke-perle-jadrana\/"]}]},{"@type":"ImageObject","inLanguage":"en-GB","@id":"https:\/\/tragento.com\/nova-pomorska-linija-dubrovnik-kotor-povezala-dvije-turisticke-perle-jadrana\/#primaryimage","url":"https:\/\/tragento.com\/wp-content\/uploads\/2025\/06\/antonija-kompas.jpg","contentUrl":"https:\/\/tragento.com\/wp-content\/uploads\/2025\/06\/antonija-kompas.jpg","width":940,"height":597,"caption":"Photo Adriatic Lines by Kompas"},{"@type":"BreadcrumbList","@id":"https:\/\/tragento.com\/nova-pomorska-linija-dubrovnik-kotor-povezala-dvije-turisticke-perle-jadrana\/#breadcrumb","itemListElement":[{"@type":"ListItem","position":1,"name":"Home","item":"https:\/\/tragento.com\/"},{"@type":"ListItem","position":2,"name":"Nova pomorska linija Dubrovnik \u2013 Kotor povezala dvije turisti\u010dke perle Jadrana"}]},{"@type":"WebSite","@id":"https:\/\/tragento.com\/#website","url":"https:\/\/tragento.com\/","name":"Tragento","description":"Your Trusted Travel Partner","publisher":{"@id":"https:\/\/tragento.com\/#organization"},"potentialAction":[{"@type":"SearchAction","target":{"@type":"EntryPoint","urlTemplate":"https:\/\/tragento.com\/?s={search_term_string}"},"query-input":{"@type":"PropertyValueSpecification","valueRequired":true,"valueName":"search_term_string"}}],"inLanguage":"en-GB"},{"@type":"Organization","@id":"https:\/\/tragento.com\/#organization","name":"Tragento","url":"https:\/\/tragento.com\/","logo":{"@type":"ImageObject","inLanguage":"en-GB","@id":"https:\/\/tragento.com\/#\/schema\/logo\/image\/","url":"https:\/\/tragento.com\/wp-content\/uploads\/2026\/08\/Wordpress-Transparent.png","contentUrl":"https:\/\/tragento.com\/wp-content\/uploads\/2026\/08\/Wordpress-Transparent.png","width":512,"height":512,"caption":"Tragento"},"image":{"@id":"https:\/\/tragento.com\/#\/schema\/logo\/image\/"},"sameAs":["https:\/\/www.facebook.com\/profile.php?id=61567461024345"],"email":"info@tragento.com","vatID":"HR80113219655"},{"@type":"Person","@id":"https:\/\/tragento.com\/#\/schema\/person\/90a4711289a0230e41987dc84e2a8f1f","name":"Stipan Spaija","image":{"@type":"ImageObject","inLanguage":"en-GB","@id":"https:\/\/secure.gravatar.com\/avatar\/46ef65dabb1d8437d028b65b563fda6f57826810ab502a7f951be82634843f60?s=96&d=mm&r=g","url":"https:\/\/secure.gravatar.com\/avatar\/46ef65dabb1d8437d028b65b563fda6f57826810ab502a7f951be82634843f60?s=96&d=mm&r=g","contentUrl":"https:\/\/secure.gravatar.com\/avatar\/46ef65dabb1d8437d028b65b563fda6f57826810ab502a7f951be82634843f60?s=96&d=mm&r=g","caption":"stipan.spaija"},"birthDate":"1978-03-22","gender":"Male","knowsLanguage":["Croatian","English"],"url":"https:\/\/tragento.com\/en\/author\/stipan-spaija\/"}]}},"tragento_display_category":{"id":241,"name":"Cruise","slug":"cruise","link":"https:\/\/tragento.com\/en\/category\/cruise\/"},"_links":{"self":[{"href":"https:\/\/tragento.com\/en\/wp-json\/wp\/v2\/posts\/5248","targetHints":{"allow":["GET"]}}],"collection":[{"href":"https:\/\/tragento.com\/en\/wp-json\/wp\/v2\/posts"}],"about":[{"href":"https:\/\/tragento.com\/en\/wp-json\/wp\/v2\/types\/post"}],"author":[{"embeddable":true,"href":"https:\/\/tragento.com\/en\/wp-json\/wp\/v2\/users\/2"}],"replies":[{"embeddable":true,"href":"https:\/\/tragento.com\/en\/wp-json\/wp\/v2\/comments?post=5248"}],"version-history":[{"count":0,"href":"https:\/\/tragento.com\/en\/wp-json\/wp\/v2\/posts\/5248\/revisions"}],"wp:featuredmedia":[{"embeddable":true,"href":"https:\/\/tragento.com\/en\/wp-json\/wp\/v2\/media\/5250"}],"wp:attachment":[{"href":"https:\/\/tragento.com\/en\/wp-json\/wp\/v2\/media?parent=5248"}],"wp:term":[{"taxonomy":"category","embeddable":true,"href":"https:\/\/tragento.com\/en\/wp-json\/wp\/v2\/categories?post=5248"},{"taxonomy":"post_tag","embeddable":true,"href":"https:\/\/tragento.com\/en\/wp-json\/wp\/v2\/tags?post=5248"}],"curies":[{"name":"wp","href":"https:\/\/api.w.org\/{rel}","templated":true}]}}