{"id":4744,"date":"2025-05-05T13:51:17","date_gmt":"2025-05-05T11:51:17","guid":{"rendered":"https:\/\/tragento.com\/?p=4744"},"modified":"2025-05-05T13:51:17","modified_gmt":"2025-05-05T11:51:17","slug":"floods-in-petra-1800-tourists-evacuated","status":"publish","type":"post","link":"https:\/\/tragento.com\/en\/poplave-u-petri-evakuirano-1-800-turista\/","title":{"rendered":"Floods in Petrinja: 1,800 tourists evacuated"},"content":{"rendered":"<p class=\"is-style-info wp-block-paragraph\">Petra, one of the world's most visited archaeological sites, faced sudden flash floods on Sunday, leading to the evacuation of approximately 1,800 tourists. Although no one was injured, this event raises a number of important questions for the tourism sector, particularly in the context of increasingly frequent extreme weather events linked to climate change.<\/p>\n\n\n\n<p class=\"wp-block-paragraph\">Floods hit the Petra region at a time when numerous visitors were in front of the most famous site \u2013 the Treasury. Footage released by the Jordanian Meteorological Department shows tourists gathering in front of the monumental facade just before they were evacuated. According to Jordanian official Yazan Mohadin, emergency services responded quickly, and the evacuation was carried out without panic or injuries.<\/p>\n\n\n\n<p class=\"wp-block-paragraph\">Petra, which has been under UNESCO protection since 1985 and was declared one of the New Seven Wonders of the World in 2007, attracts hundreds of thousands of visitors annually. However, such sudden events could affect the perception of safety in the long term, not only for Petra but also for similar sites around the world.<\/p>\n\n\n\n<p class=\"wp-block-paragraph\">Tourist agencies and tour operators will now face additional pressures \u2013 from passenger expectations to have safety procedures presented in advance, to the need to introduce precise emergency protocols. Many will have to invest further in staff training and better communication with clients during trips.<\/p>\n\n\n\n<p class=\"wp-block-paragraph\">At the same time, this incident could have short-term economic consequences for the local community. Small businesses, tour guides, souvenir shops and catering establishments in and around Pula could experience a drop in revenue if some tourists decide to cancel or postpone their trips. The key to a swift recovery will be the return of confidence \u2013 through proactive communication, investment in infrastructure and a clear display of security measures.<\/p>\n\n\n\n<p class=\"wp-block-paragraph\">Jordanian authorities are expected to increase investment in early warning systems, drainage and marked evacuation routes in the coming months. Such infrastructure not only improves visitor safety but also contributes to the stability of tourism, which is one of Jordan's main economic sectors.<\/p>\n\n\n\n<p class=\"wp-block-paragraph\">It is important to note that on the same day, heavy rainfall caused similar problems in southern Israel, including road closures and temporary warnings. The wider geographical impact of this weather system further confirms the need for regional cooperation in crisis situations and common safety standards in tourism.<\/p>\n\n\n\n<p class=\"wp-block-paragraph\"><\/p>","protected":false},"excerpt":{"rendered":"<p>Petra, jedan od najposje\u0107enijih arheolo\u0161kih lokaliteta na svijetu, suo\u010dila se u nedjelju s iznenadnim buji\u010dnim poplavama koje su dovele do evakuacije oko 1.800 turista. Iako nitko nije ozlije\u0111en, ovaj doga\u0111aj otvara niz va\u017enih pitanja za turisti\u010dki sektor, posebno u kontekstu sve u\u010destalijih vremenskih ekstrema povezanih&#8230;<\/p>","protected":false},"author":2,"featured_media":4745,"comment_status":"open","ping_status":"open","sticky":false,"template":"","format":"standard","meta":{"_tragento_display_category":0,"footnotes":""},"categories":[207,89],"tags":[168],"class_list":["post-4744","post","type-post","status-publish","format-standard","has-post-thumbnail","hentry","category-bliski-istok","category-vijesti","tag-jordan"],"yoast_head":"<!-- This site is optimized with the Yoast SEO Premium plugin v28.4 (Yoast SEO v28.4) - https:\/\/yoast.com\/product\/yoast-seo-premium-wordpress\/ -->\n<title>Poplave u Petri: Evakuirano 1.800 turista - Tragento<\/title>\n<meta name=\"description\" content=\"Petra, jedan od najposje\u0107enijih arheolo\u0161kih lokaliteta na svijetu, suo\u010dila se u nedjelju s iznenadnim buji\u010dnim poplavama koje su dovele do evakuacije oko 1.800 turista. Iako nitko nije ozlije\u0111en, ovaj doga\u0111aj otvara niz va\u017enih pitanja za turisti\u010dki sektor, posebno u kontekstu sve u\u010destalijih vremenskih ekstrema povezanih s klimatskim promjenama.\" \/>\n<meta name=\"robots\" content=\"index, follow, max-snippet:-1, max-image-preview:large, max-video-preview:-1\" \/>\n<link rel=\"canonical\" href=\"https:\/\/tragento.com\/en\/floods-in-petra-1800-tourists-evacuated\/\" \/>\n<meta property=\"og:locale\" content=\"en_GB\" \/>\n<meta property=\"og:type\" content=\"article\" \/>\n<meta property=\"og:title\" content=\"Poplave u Petri: Evakuirano 1.800 turista\" \/>\n<meta property=\"og:description\" content=\"Petra, jedan od najposje\u0107enijih arheolo\u0161kih lokaliteta na svijetu, suo\u010dila se u nedjelju s iznenadnim buji\u010dnim poplavama koje su dovele do evakuacije oko 1.800 turista. Iako nitko nije ozlije\u0111en, ovaj doga\u0111aj otvara niz va\u017enih pitanja za turisti\u010dki sektor, posebno u kontekstu sve u\u010destalijih vremenskih ekstrema povezanih s klimatskim promjenama.\" \/>\n<meta property=\"og:url\" content=\"https:\/\/tragento.com\/en\/floods-in-petra-1800-tourists-evacuated\/\" \/>\n<meta property=\"og:site_name\" content=\"Tragento\" \/>\n<meta property=\"article:publisher\" content=\"https:\/\/www.facebook.com\/profile.php?id=61567461024345\" \/>\n<meta property=\"article:published_time\" content=\"2025-05-05T11:51:17+00:00\" \/>\n<meta property=\"og:image\" content=\"https:\/\/tragento.com\/wp-content\/uploads\/2025\/05\/TreasuryandCamels8-scaled-1.jpg\" \/>\n\t<meta property=\"og:image:width\" content=\"2560\" \/>\n\t<meta property=\"og:image:height\" content=\"1707\" \/>\n\t<meta property=\"og:image:type\" content=\"image\/jpeg\" \/>\n<meta name=\"author\" content=\"stipan.spaija\" \/>\n<meta name=\"twitter:card\" content=\"summary_large_image\" \/>\n<meta name=\"twitter:label1\" content=\"Written by\" \/>\n\t<meta name=\"twitter:data1\" content=\"stipan.spaija\" \/>\n\t<meta name=\"twitter:label2\" content=\"Estimated reading time\" \/>\n\t<meta name=\"twitter:data2\" content=\"3 minutes\" \/>\n<script type=\"application\/ld+json\" class=\"yoast-schema-graph\">{\"@context\":\"https:\\\/\\\/schema.org\",\"@graph\":[{\"@type\":\"Article\",\"@id\":\"https:\\\/\\\/tragento.com\\\/poplave-u-petri-evakuirano-1-800-turista\\\/#article\",\"isPartOf\":{\"@id\":\"https:\\\/\\\/tragento.com\\\/poplave-u-petri-evakuirano-1-800-turista\\\/\"},\"author\":{\"name\":\"stipan.spaija\",\"@id\":\"https:\\\/\\\/tragento.com\\\/#\\\/schema\\\/person\\\/90a4711289a0230e41987dc84e2a8f1f\"},\"headline\":\"Poplave u Petri: Evakuirano 1.800 turista\",\"datePublished\":\"2025-05-05T11:51:17+00:00\",\"mainEntityOfPage\":{\"@id\":\"https:\\\/\\\/tragento.com\\\/poplave-u-petri-evakuirano-1-800-turista\\\/\"},\"wordCount\":380,\"commentCount\":0,\"publisher\":{\"@id\":\"https:\\\/\\\/tragento.com\\\/#organization\"},\"image\":{\"@id\":\"https:\\\/\\\/tragento.com\\\/poplave-u-petri-evakuirano-1-800-turista\\\/#primaryimage\"},\"thumbnailUrl\":\"https:\\\/\\\/tragento.com\\\/wp-content\\\/uploads\\\/2025\\\/05\\\/TreasuryandCamels8-scaled-1.jpg\",\"keywords\":[\"jordan\"],\"articleSection\":[\"Bliski Istok\",\"Vijesti\"],\"inLanguage\":\"en-GB\"},{\"@type\":\"WebPage\",\"@id\":\"https:\\\/\\\/tragento.com\\\/poplave-u-petri-evakuirano-1-800-turista\\\/\",\"url\":\"https:\\\/\\\/tragento.com\\\/poplave-u-petri-evakuirano-1-800-turista\\\/\",\"name\":\"Poplave u Petri: Evakuirano 1.800 turista - Tragento\",\"isPartOf\":{\"@id\":\"https:\\\/\\\/tragento.com\\\/#website\"},\"primaryImageOfPage\":{\"@id\":\"https:\\\/\\\/tragento.com\\\/poplave-u-petri-evakuirano-1-800-turista\\\/#primaryimage\"},\"image\":{\"@id\":\"https:\\\/\\\/tragento.com\\\/poplave-u-petri-evakuirano-1-800-turista\\\/#primaryimage\"},\"thumbnailUrl\":\"https:\\\/\\\/tragento.com\\\/wp-content\\\/uploads\\\/2025\\\/05\\\/TreasuryandCamels8-scaled-1.jpg\",\"datePublished\":\"2025-05-05T11:51:17+00:00\",\"description\":\"Petra, jedan od najposje\u0107enijih arheolo\u0161kih lokaliteta na svijetu, suo\u010dila se u nedjelju s iznenadnim buji\u010dnim poplavama koje su dovele do evakuacije oko 1.800 turista. Iako nitko nije ozlije\u0111en, ovaj doga\u0111aj otvara niz va\u017enih pitanja za turisti\u010dki sektor, posebno u kontekstu sve u\u010destalijih vremenskih ekstrema povezanih s klimatskim promjenama.\",\"breadcrumb\":{\"@id\":\"https:\\\/\\\/tragento.com\\\/poplave-u-petri-evakuirano-1-800-turista\\\/#breadcrumb\"},\"inLanguage\":\"en-GB\",\"potentialAction\":[{\"@type\":\"ReadAction\",\"target\":[\"https:\\\/\\\/tragento.com\\\/poplave-u-petri-evakuirano-1-800-turista\\\/\"]}]},{\"@type\":\"ImageObject\",\"inLanguage\":\"en-GB\",\"@id\":\"https:\\\/\\\/tragento.com\\\/poplave-u-petri-evakuirano-1-800-turista\\\/#primaryimage\",\"url\":\"https:\\\/\\\/tragento.com\\\/wp-content\\\/uploads\\\/2025\\\/05\\\/TreasuryandCamels8-scaled-1.jpg\",\"contentUrl\":\"https:\\\/\\\/tragento.com\\\/wp-content\\\/uploads\\\/2025\\\/05\\\/TreasuryandCamels8-scaled-1.jpg\",\"width\":2560,\"height\":1707,\"caption\":\"Photo by visitJordan\"},{\"@type\":\"BreadcrumbList\",\"@id\":\"https:\\\/\\\/tragento.com\\\/poplave-u-petri-evakuirano-1-800-turista\\\/#breadcrumb\",\"itemListElement\":[{\"@type\":\"ListItem\",\"position\":1,\"name\":\"Home\",\"item\":\"https:\\\/\\\/tragento.com\\\/\"},{\"@type\":\"ListItem\",\"position\":2,\"name\":\"Poplave u Petri: Evakuirano 1.800 turista\"}]},{\"@type\":\"WebSite\",\"@id\":\"https:\\\/\\\/tragento.com\\\/#website\",\"url\":\"https:\\\/\\\/tragento.com\\\/\",\"name\":\"Tragento\",\"description\":\"Your Trusted Travel Partner\",\"publisher\":{\"@id\":\"https:\\\/\\\/tragento.com\\\/#organization\"},\"potentialAction\":[{\"@type\":\"SearchAction\",\"target\":{\"@type\":\"EntryPoint\",\"urlTemplate\":\"https:\\\/\\\/tragento.com\\\/?s={search_term_string}\"},\"query-input\":{\"@type\":\"PropertyValueSpecification\",\"valueRequired\":true,\"valueName\":\"search_term_string\"}}],\"inLanguage\":\"en-GB\"},{\"@type\":\"Organization\",\"@id\":\"https:\\\/\\\/tragento.com\\\/#organization\",\"name\":\"Tragento\",\"url\":\"https:\\\/\\\/tragento.com\\\/\",\"logo\":{\"@type\":\"ImageObject\",\"inLanguage\":\"en-GB\",\"@id\":\"https:\\\/\\\/tragento.com\\\/#\\\/schema\\\/logo\\\/image\\\/\",\"url\":\"https:\\\/\\\/tragento.com\\\/wp-content\\\/uploads\\\/2026\\\/08\\\/Wordpress-Transparent.png\",\"contentUrl\":\"https:\\\/\\\/tragento.com\\\/wp-content\\\/uploads\\\/2026\\\/08\\\/Wordpress-Transparent.png\",\"width\":512,\"height\":512,\"caption\":\"Tragento\"},\"image\":{\"@id\":\"https:\\\/\\\/tragento.com\\\/#\\\/schema\\\/logo\\\/image\\\/\"},\"sameAs\":[\"https:\\\/\\\/www.facebook.com\\\/profile.php?id=61567461024345\"],\"email\":\"info@tragento.com\",\"vatID\":\"HR80113219655\"},{\"@type\":\"Person\",\"@id\":\"https:\\\/\\\/tragento.com\\\/#\\\/schema\\\/person\\\/90a4711289a0230e41987dc84e2a8f1f\",\"name\":\"stipan.spaija\",\"image\":{\"@type\":\"ImageObject\",\"inLanguage\":\"en-GB\",\"@id\":\"https:\\\/\\\/secure.gravatar.com\\\/avatar\\\/46ef65dabb1d8437d028b65b563fda6f57826810ab502a7f951be82634843f60?s=96&d=mm&r=g\",\"url\":\"https:\\\/\\\/secure.gravatar.com\\\/avatar\\\/46ef65dabb1d8437d028b65b563fda6f57826810ab502a7f951be82634843f60?s=96&d=mm&r=g\",\"contentUrl\":\"https:\\\/\\\/secure.gravatar.com\\\/avatar\\\/46ef65dabb1d8437d028b65b563fda6f57826810ab502a7f951be82634843f60?s=96&d=mm&r=g\",\"caption\":\"stipan.spaija\"},\"birthDate\":\"1978-03-22\",\"gender\":\"Male\",\"knowsLanguage\":[\"Croatian\",\"English\"],\"url\":\"https:\\\/\\\/tragento.com\\\/en\\\/author\\\/stipan-spaija\\\/\"}]}<\/script>\n<!-- \/ Yoast SEO Premium plugin. -->","yoast_head_json":{"title":"Flooding in Petra: 1,800 tourists evacuated - Tragento","description":"Petra, one of the world's most visited archaeological sites, faced sudden flash floods on Sunday, leading to the evacuation of approximately 1,800 tourists. Although no one was injured, this event raises a number of important questions for the tourism sector, particularly in the context of increasingly frequent extreme weather events linked to climate change.","robots":{"index":"index","follow":"follow","max-snippet":"max-snippet:-1","max-image-preview":"max-image-preview:large","max-video-preview":"max-video-preview:-1"},"canonical":"https:\/\/tragento.com\/en\/floods-in-petra-1800-tourists-evacuated\/","og_locale":"en_GB","og_type":"article","og_title":"Poplave u Petri: Evakuirano 1.800 turista","og_description":"Petra, jedan od najposje\u0107enijih arheolo\u0161kih lokaliteta na svijetu, suo\u010dila se u nedjelju s iznenadnim buji\u010dnim poplavama koje su dovele do evakuacije oko 1.800 turista. Iako nitko nije ozlije\u0111en, ovaj doga\u0111aj otvara niz va\u017enih pitanja za turisti\u010dki sektor, posebno u kontekstu sve u\u010destalijih vremenskih ekstrema povezanih s klimatskim promjenama.","og_url":"https:\/\/tragento.com\/en\/floods-in-petra-1800-tourists-evacuated\/","og_site_name":"Tragento","article_publisher":"https:\/\/www.facebook.com\/profile.php?id=61567461024345","article_published_time":"2025-05-05T11:51:17+00:00","og_image":[{"width":2560,"height":1707,"url":"https:\/\/tragento.com\/wp-content\/uploads\/2025\/05\/TreasuryandCamels8-scaled-1.jpg","type":"image\/jpeg"}],"author":"stipan.spaija","twitter_card":"summary_large_image","twitter_misc":{"Written by":"stipan.spaija","Estimated reading time":"3 minutes"},"schema":{"@context":"https:\/\/schema.org","@graph":[{"@type":"Article","@id":"https:\/\/tragento.com\/poplave-u-petri-evakuirano-1-800-turista\/#article","isPartOf":{"@id":"https:\/\/tragento.com\/poplave-u-petri-evakuirano-1-800-turista\/"},"author":{"name":"stipan.spaija","@id":"https:\/\/tragento.com\/#\/schema\/person\/90a4711289a0230e41987dc84e2a8f1f"},"headline":"Poplave u Petri: Evakuirano 1.800 turista","datePublished":"2025-05-05T11:51:17+00:00","mainEntityOfPage":{"@id":"https:\/\/tragento.com\/poplave-u-petri-evakuirano-1-800-turista\/"},"wordCount":380,"commentCount":0,"publisher":{"@id":"https:\/\/tragento.com\/#organization"},"image":{"@id":"https:\/\/tragento.com\/poplave-u-petri-evakuirano-1-800-turista\/#primaryimage"},"thumbnailUrl":"https:\/\/tragento.com\/wp-content\/uploads\/2025\/05\/TreasuryandCamels8-scaled-1.jpg","keywords":["jordan"],"articleSection":["Bliski Istok","Vijesti"],"inLanguage":"en-GB"},{"@type":"WebPage","@id":"https:\/\/tragento.com\/poplave-u-petri-evakuirano-1-800-turista\/","url":"https:\/\/tragento.com\/poplave-u-petri-evakuirano-1-800-turista\/","name":"Flooding in Petra: 1,800 tourists evacuated - Tragento","isPartOf":{"@id":"https:\/\/tragento.com\/#website"},"primaryImageOfPage":{"@id":"https:\/\/tragento.com\/poplave-u-petri-evakuirano-1-800-turista\/#primaryimage"},"image":{"@id":"https:\/\/tragento.com\/poplave-u-petri-evakuirano-1-800-turista\/#primaryimage"},"thumbnailUrl":"https:\/\/tragento.com\/wp-content\/uploads\/2025\/05\/TreasuryandCamels8-scaled-1.jpg","datePublished":"2025-05-05T11:51:17+00:00","description":"Petra, one of the world's most visited archaeological sites, faced sudden flash floods on Sunday, leading to the evacuation of approximately 1,800 tourists. Although no one was injured, this event raises a number of important questions for the tourism sector, particularly in the context of increasingly frequent extreme weather events linked to climate change.","breadcrumb":{"@id":"https:\/\/tragento.com\/poplave-u-petri-evakuirano-1-800-turista\/#breadcrumb"},"inLanguage":"en-GB","potentialAction":[{"@type":"ReadAction","target":["https:\/\/tragento.com\/poplave-u-petri-evakuirano-1-800-turista\/"]}]},{"@type":"ImageObject","inLanguage":"en-GB","@id":"https:\/\/tragento.com\/poplave-u-petri-evakuirano-1-800-turista\/#primaryimage","url":"https:\/\/tragento.com\/wp-content\/uploads\/2025\/05\/TreasuryandCamels8-scaled-1.jpg","contentUrl":"https:\/\/tragento.com\/wp-content\/uploads\/2025\/05\/TreasuryandCamels8-scaled-1.jpg","width":2560,"height":1707,"caption":"Photo by visitJordan"},{"@type":"BreadcrumbList","@id":"https:\/\/tragento.com\/poplave-u-petri-evakuirano-1-800-turista\/#breadcrumb","itemListElement":[{"@type":"ListItem","position":1,"name":"Home","item":"https:\/\/tragento.com\/"},{"@type":"ListItem","position":2,"name":"Poplave u Petri: Evakuirano 1.800 turista"}]},{"@type":"WebSite","@id":"https:\/\/tragento.com\/#website","url":"https:\/\/tragento.com\/","name":"Tragento","description":"Your Trusted Travel Partner","publisher":{"@id":"https:\/\/tragento.com\/#organization"},"potentialAction":[{"@type":"SearchAction","target":{"@type":"EntryPoint","urlTemplate":"https:\/\/tragento.com\/?s={search_term_string}"},"query-input":{"@type":"PropertyValueSpecification","valueRequired":true,"valueName":"search_term_string"}}],"inLanguage":"en-GB"},{"@type":"Organization","@id":"https:\/\/tragento.com\/#organization","name":"Tragento","url":"https:\/\/tragento.com\/","logo":{"@type":"ImageObject","inLanguage":"en-GB","@id":"https:\/\/tragento.com\/#\/schema\/logo\/image\/","url":"https:\/\/tragento.com\/wp-content\/uploads\/2026\/08\/Wordpress-Transparent.png","contentUrl":"https:\/\/tragento.com\/wp-content\/uploads\/2026\/08\/Wordpress-Transparent.png","width":512,"height":512,"caption":"Tragento"},"image":{"@id":"https:\/\/tragento.com\/#\/schema\/logo\/image\/"},"sameAs":["https:\/\/www.facebook.com\/profile.php?id=61567461024345"],"email":"info@tragento.com","vatID":"HR80113219655"},{"@type":"Person","@id":"https:\/\/tragento.com\/#\/schema\/person\/90a4711289a0230e41987dc84e2a8f1f","name":"Stipan Spaija","image":{"@type":"ImageObject","inLanguage":"en-GB","@id":"https:\/\/secure.gravatar.com\/avatar\/46ef65dabb1d8437d028b65b563fda6f57826810ab502a7f951be82634843f60?s=96&d=mm&r=g","url":"https:\/\/secure.gravatar.com\/avatar\/46ef65dabb1d8437d028b65b563fda6f57826810ab502a7f951be82634843f60?s=96&d=mm&r=g","contentUrl":"https:\/\/secure.gravatar.com\/avatar\/46ef65dabb1d8437d028b65b563fda6f57826810ab502a7f951be82634843f60?s=96&d=mm&r=g","caption":"stipan.spaija"},"birthDate":"1978-03-22","gender":"Male","knowsLanguage":["Croatian","English"],"url":"https:\/\/tragento.com\/en\/author\/stipan-spaija\/"}]}},"tragento_display_category":{"id":207,"name":"Middle East","slug":"middle-east","link":"https:\/\/tragento.com\/en\/category\/bliski-istok\/"},"_links":{"self":[{"href":"https:\/\/tragento.com\/en\/wp-json\/wp\/v2\/posts\/4744","targetHints":{"allow":["GET"]}}],"collection":[{"href":"https:\/\/tragento.com\/en\/wp-json\/wp\/v2\/posts"}],"about":[{"href":"https:\/\/tragento.com\/en\/wp-json\/wp\/v2\/types\/post"}],"author":[{"embeddable":true,"href":"https:\/\/tragento.com\/en\/wp-json\/wp\/v2\/users\/2"}],"replies":[{"embeddable":true,"href":"https:\/\/tragento.com\/en\/wp-json\/wp\/v2\/comments?post=4744"}],"version-history":[{"count":0,"href":"https:\/\/tragento.com\/en\/wp-json\/wp\/v2\/posts\/4744\/revisions"}],"wp:featuredmedia":[{"embeddable":true,"href":"https:\/\/tragento.com\/en\/wp-json\/wp\/v2\/media\/4745"}],"wp:attachment":[{"href":"https:\/\/tragento.com\/en\/wp-json\/wp\/v2\/media?parent=4744"}],"wp:term":[{"taxonomy":"category","embeddable":true,"href":"https:\/\/tragento.com\/en\/wp-json\/wp\/v2\/categories?post=4744"},{"taxonomy":"post_tag","embeddable":true,"href":"https:\/\/tragento.com\/en\/wp-json\/wp\/v2\/tags?post=4744"}],"curies":[{"name":"wp","href":"https:\/\/api.w.org\/{rel}","templated":true}]}}