{"id":12414,"date":"2026-09-02T12:34:41","date_gmt":"2026-09-02T10:34:41","guid":{"rendered":"https:\/\/tragento.com\/?p=12414"},"modified":"2026-09-02T13:58:14","modified_gmt":"2026-09-02T11:58:14","slug":"air-traffic-is-growing-again-europe-had-the-highest-flight-occupancy-in-july","status":"publish","type":"post","link":"https:\/\/tragento.com\/en\/zracni-promet-ponovno-raste-europa-u-srpnju-imala-najvisu-popunjenost-letova\/","title":{"rendered":"Air traffic is growing again"},"content":{"rendered":"<h3 id=\"h-globalna-potraznja-povecana-je-za-skromnih-0-2-posto-dok-aviokompanije-za-rujan-planiraju-gotovo-tri-posto-vise-sjedala\" class=\"wp-block-heading\">Global demand increased by a modest 0.2 percent, while airlines are planning nearly three percent more seats for September<\/h3>\n\n\n\n<p class=\"wp-block-paragraph\">Global travel <a href=\"https:\/\/tragento.com\/en\/category\/aerospace-industry\/\" data-type=\"category\" data-id=\"95\">air transport<\/a> In July 2026, it returned to growth following three consecutive months of decline. According to the latest data from the International Air Transport Association (IATA), total demand, measured in revenue passenger kilometres (RPKs), was 0.2 percent higher than in the same month last year.<\/p>\n\n\n\n<p class=\"wp-block-paragraph\">The relatively weak global result was mostly influenced by the fall in traffic on <a href=\"https:\/\/tragento.com\/en\/category\/destinations\/\" data-type=\"category\" data-id=\"191\">Middle East<\/a> and weaker demand from North American carriers. When Middle Eastern airlines are excluded, global passenger traffic rose by 1.2 per cent.<\/p>\n\n\n\n<p class=\"wp-block-paragraph\">Capacity, measured in available seat kilometres (ASK), increased by 0.3 per cent. Meanwhile, the average passenger load factor stood at a high 85.2 per cent, which is 0.1 percentage points lower than in July 2025.<\/p>\n\n\n\n<h2 id=\"h-europa-biljezi-stabilan-rast\" class=\"wp-block-heading\">Europe is recording steady growth<\/h2>\n\n\n\n<p class=\"wp-block-paragraph\">In July, European airlines achieved a total passenger traffic growth of 2.1 percent, while their capacity increased by 2.3 percent. The load factor stood at 87.7 percent, the highest among all global regions.<\/p>\n\n\n\n<p class=\"wp-block-paragraph\">An even better result was recorded in the international traffic of European carriers. Demand rose by 3.1 percent, with a nearly equal capacity increase of 3.2 percent.<\/p>\n\n\n\n<p class=\"wp-block-paragraph\">Traffic between Europe and Asia stood out in particular, surging by as much as 12.1 percent. That was the highest growth among all major international air corridors in July.<\/p>\n\n\n\n<h2 id=\"h-medunarodni-promet-jos-blago-zaostaje\" class=\"wp-block-heading\">International traffic is still lagging slightly behind<\/h2>\n\n\n\n<p class=\"wp-block-paragraph\">Global international demand decreased by 0.1 percent compared to July of last year. However, this represents an improvement compared to June's drop of 0.6 percent.<\/p>\n\n\n\n<p class=\"wp-block-paragraph\">Without the results of Middle Eastern carriers, international traffic would have grown by 1.5 percent. International capacity increased by 0.3 percent, while the load factor fell by 0.3 percentage points, to 85.2 percent.<\/p>\n\n\n\n<p class=\"wp-block-paragraph\">Middle Eastern airlines recorded a 9.5 per cent drop in international demand. Although the result remains negative, it is noticeably better than June's decline of 13.9 per cent, which shows a gradual recovery of traffic through Gulf aviation hubs.<\/p>\n\n\n\n<h2 id=\"h-domaci-promet-ponovno-u-plusu\" class=\"wp-block-heading\">Domestic traffic is back in the black<\/h2>\n\n\n\n<p class=\"wp-block-paragraph\">Domestic passenger traffic rose by 0.6 per cent after two months of decline. The recovery was mainly driven by the Chinese market, where demand increased by 5.3 per cent.<\/p>\n\n\n\n<p class=\"wp-block-paragraph\">Domestic capacity globally increased by 0.2 per cent, while the load factor reached 85.3 per cent. Among major markets, Brazil recorded the largest growth, with an increase in domestic traffic of six per cent.<\/p>\n\n\n\n<h2 id=\"h-aviokompanije-povecavaju-broj-sjedala\" class=\"wp-block-heading\">Airlines are increasing the number of seats<\/h2>\n\n\n\n<p class=\"wp-block-paragraph\">Flight schedules show that carriers expect solid demand to continue even after the peak of the summer season. The global number of available seats is expected to be 1.9 percent higher in August than a year earlier, and as much as 2.9 percent higher in September.<\/p>\n\n\n\n<p class=\"wp-block-paragraph\">The Asia-Pacific region is set to increase its capacity by 3.4 percent in September. In the Middle East, a lower number of seats than last year is still expected, but the decline is projected to gradually ease.<\/p>\n\n\n\n<p class=\"wp-block-paragraph\">IATA's Chief Economist Marie Owens Thomsen assessed that the results of the summer season are largely positive, especially given high fuel prices, economic uncertainty and geopolitical tensions. The announced increase in capacity shows that airlines still have confidence in demand during the final part of the year.<\/p>\n\n\n\n<p class=\"wp-block-paragraph\">A detailed report is available at <a href=\"https:\/\/www.iata.org\/en\/iata-repository\/publications\/economic-reports\/air-passenger-market-analysis-july-2026\/\">the IATA pages<\/a>.<\/p>\n\n\n\n<p class=\"wp-block-paragraph\"><\/p>","protected":false},"excerpt":{"rendered":"<p>Globalna potra\u017enja pove\u0107ana je za skromnih 0,2 posto, dok aviokompanije za rujan planiraju gotovo tri posto vi\u0161e sjedala Globalni putni\u010dki zra\u010dni promet u srpnju 2026. vratio se rastu nakon tri uzastopna mjeseca pada. Prema najnovijim podacima Me\u0111unarodnog udru\u017eenja zra\u010dnog prijevoza (IATA), ukupna potra\u017enja, mjerena prihodnim&#8230;<\/p>","protected":false},"author":2,"featured_media":7481,"comment_status":"closed","ping_status":"closed","sticky":false,"template":"","format":"standard","meta":{"_tragento_display_category":0,"footnotes":""},"categories":[95,89],"tags":[69,71,93,77],"class_list":["post-12414","post","type-post","status-publish","format-standard","has-post-thumbnail","hentry","category-avioindustrija","category-vijesti","tag-analize","tag-aviokompanije","tag-iata","tag-trendovi-2026"],"yoast_head":"<!-- This site is optimized with the Yoast SEO Premium plugin v28.4 (Yoast SEO v28.4) - https:\/\/yoast.com\/product\/yoast-seo-premium-wordpress\/ -->\n<title>Zra\u010dni promet ponovno raste: IATA analiza podataka - Tragento<\/title>\n<meta name=\"description\" content=\"Zra\u010dni promet ponovno raste u srpnju 2026. godine. Saznajte vi\u0161e o globalnim trendovima i potra\u017enji u zra\u010dnom prijevozu.\" \/>\n<meta name=\"robots\" content=\"index, follow, max-snippet:-1, max-image-preview:large, max-video-preview:-1\" \/>\n<link rel=\"canonical\" href=\"https:\/\/tragento.com\/en\/air-traffic-is-growing-again-europe-had-the-highest-flight-occupancy-in-july\/\" \/>\n<meta property=\"og:locale\" content=\"en_GB\" \/>\n<meta property=\"og:type\" content=\"article\" \/>\n<meta property=\"og:title\" content=\"Zra\u010dni promet ponovno raste\" \/>\n<meta property=\"og:description\" content=\"Zra\u010dni promet ponovno raste u srpnju 2026. godine. Saznajte vi\u0161e o globalnim trendovima i potra\u017enji u zra\u010dnom prijevozu.\" \/>\n<meta property=\"og:url\" content=\"https:\/\/tragento.com\/en\/air-traffic-is-growing-again-europe-had-the-highest-flight-occupancy-in-july\/\" \/>\n<meta property=\"og:site_name\" content=\"Tragento\" \/>\n<meta property=\"article:publisher\" content=\"https:\/\/www.facebook.com\/profile.php?id=61567461024345\" \/>\n<meta property=\"article:published_time\" content=\"2026-09-02T10:34:41+00:00\" \/>\n<meta property=\"article:modified_time\" content=\"2026-09-02T11:58:14+00:00\" \/>\n<meta property=\"og:image\" content=\"https:\/\/tragento.com\/wp-content\/uploads\/2025\/12\/dsc-5998-2025-03-14-21-23-56-utc-scaled-1.jpg\" \/>\n\t<meta property=\"og:image:width\" content=\"2560\" \/>\n\t<meta property=\"og:image:height\" content=\"1709\" \/>\n\t<meta property=\"og:image:type\" content=\"image\/jpeg\" \/>\n<meta name=\"author\" content=\"stipan.spaija\" \/>\n<meta name=\"twitter:card\" content=\"summary_large_image\" \/>\n<meta name=\"twitter:label1\" content=\"Written by\" \/>\n\t<meta name=\"twitter:data1\" content=\"stipan.spaija\" \/>\n\t<meta name=\"twitter:label2\" content=\"Estimated reading time\" \/>\n\t<meta name=\"twitter:data2\" content=\"3 minutes\" \/>\n<script type=\"application\/ld+json\" class=\"yoast-schema-graph\">{\"@context\":\"https:\\\/\\\/schema.org\",\"@graph\":[{\"@type\":\"Article\",\"@id\":\"https:\\\/\\\/tragento.com\\\/zracni-promet-ponovno-raste-europa-u-srpnju-imala-najvisu-popunjenost-letova\\\/#article\",\"isPartOf\":{\"@id\":\"https:\\\/\\\/tragento.com\\\/zracni-promet-ponovno-raste-europa-u-srpnju-imala-najvisu-popunjenost-letova\\\/\"},\"author\":{\"name\":\"stipan.spaija\",\"@id\":\"https:\\\/\\\/tragento.com\\\/#\\\/schema\\\/person\\\/90a4711289a0230e41987dc84e2a8f1f\"},\"headline\":\"Zra\u010dni promet ponovno raste\",\"datePublished\":\"2026-09-02T10:34:41+00:00\",\"dateModified\":\"2026-09-02T11:58:14+00:00\",\"mainEntityOfPage\":{\"@id\":\"https:\\\/\\\/tragento.com\\\/zracni-promet-ponovno-raste-europa-u-srpnju-imala-najvisu-popunjenost-letova\\\/\"},\"wordCount\":544,\"publisher\":{\"@id\":\"https:\\\/\\\/tragento.com\\\/#organization\"},\"image\":{\"@id\":\"https:\\\/\\\/tragento.com\\\/zracni-promet-ponovno-raste-europa-u-srpnju-imala-najvisu-popunjenost-letova\\\/#primaryimage\"},\"thumbnailUrl\":\"https:\\\/\\\/tragento.com\\\/wp-content\\\/uploads\\\/2025\\\/12\\\/dsc-5998-2025-03-14-21-23-56-utc-scaled-1.jpg\",\"keywords\":[\"analize\",\"aviokompanije\",\"iata\",\"trendovi 2026\"],\"articleSection\":[\"Avioindustrija\",\"Vijesti\"],\"inLanguage\":\"en-GB\"},{\"@type\":\"WebPage\",\"@id\":\"https:\\\/\\\/tragento.com\\\/zracni-promet-ponovno-raste-europa-u-srpnju-imala-najvisu-popunjenost-letova\\\/\",\"url\":\"https:\\\/\\\/tragento.com\\\/zracni-promet-ponovno-raste-europa-u-srpnju-imala-najvisu-popunjenost-letova\\\/\",\"name\":\"Zra\u010dni promet ponovno raste: IATA analiza podataka - Tragento\",\"isPartOf\":{\"@id\":\"https:\\\/\\\/tragento.com\\\/#website\"},\"primaryImageOfPage\":{\"@id\":\"https:\\\/\\\/tragento.com\\\/zracni-promet-ponovno-raste-europa-u-srpnju-imala-najvisu-popunjenost-letova\\\/#primaryimage\"},\"image\":{\"@id\":\"https:\\\/\\\/tragento.com\\\/zracni-promet-ponovno-raste-europa-u-srpnju-imala-najvisu-popunjenost-letova\\\/#primaryimage\"},\"thumbnailUrl\":\"https:\\\/\\\/tragento.com\\\/wp-content\\\/uploads\\\/2025\\\/12\\\/dsc-5998-2025-03-14-21-23-56-utc-scaled-1.jpg\",\"datePublished\":\"2026-09-02T10:34:41+00:00\",\"dateModified\":\"2026-09-02T11:58:14+00:00\",\"description\":\"Zra\u010dni promet ponovno raste u srpnju 2026. godine. Saznajte vi\u0161e o globalnim trendovima i potra\u017enji u zra\u010dnom prijevozu.\",\"breadcrumb\":{\"@id\":\"https:\\\/\\\/tragento.com\\\/zracni-promet-ponovno-raste-europa-u-srpnju-imala-najvisu-popunjenost-letova\\\/#breadcrumb\"},\"inLanguage\":\"en-GB\",\"potentialAction\":[{\"@type\":\"ReadAction\",\"target\":[\"https:\\\/\\\/tragento.com\\\/zracni-promet-ponovno-raste-europa-u-srpnju-imala-najvisu-popunjenost-letova\\\/\"]}]},{\"@type\":\"ImageObject\",\"inLanguage\":\"en-GB\",\"@id\":\"https:\\\/\\\/tragento.com\\\/zracni-promet-ponovno-raste-europa-u-srpnju-imala-najvisu-popunjenost-letova\\\/#primaryimage\",\"url\":\"https:\\\/\\\/tragento.com\\\/wp-content\\\/uploads\\\/2025\\\/12\\\/dsc-5998-2025-03-14-21-23-56-utc-scaled-1.jpg\",\"contentUrl\":\"https:\\\/\\\/tragento.com\\\/wp-content\\\/uploads\\\/2025\\\/12\\\/dsc-5998-2025-03-14-21-23-56-utc-scaled-1.jpg\",\"width\":2560,\"height\":1709,\"caption\":\"Photo Envato\"},{\"@type\":\"BreadcrumbList\",\"@id\":\"https:\\\/\\\/tragento.com\\\/zracni-promet-ponovno-raste-europa-u-srpnju-imala-najvisu-popunjenost-letova\\\/#breadcrumb\",\"itemListElement\":[{\"@type\":\"ListItem\",\"position\":1,\"name\":\"Home\",\"item\":\"https:\\\/\\\/tragento.com\\\/\"},{\"@type\":\"ListItem\",\"position\":2,\"name\":\"Zra\u010dni promet ponovno raste\"}]},{\"@type\":\"WebSite\",\"@id\":\"https:\\\/\\\/tragento.com\\\/#website\",\"url\":\"https:\\\/\\\/tragento.com\\\/\",\"name\":\"Tragento\",\"description\":\"Your Trusted Travel Partner\",\"publisher\":{\"@id\":\"https:\\\/\\\/tragento.com\\\/#organization\"},\"potentialAction\":[{\"@type\":\"SearchAction\",\"target\":{\"@type\":\"EntryPoint\",\"urlTemplate\":\"https:\\\/\\\/tragento.com\\\/?s={search_term_string}\"},\"query-input\":{\"@type\":\"PropertyValueSpecification\",\"valueRequired\":true,\"valueName\":\"search_term_string\"}}],\"inLanguage\":\"en-GB\"},{\"@type\":\"Organization\",\"@id\":\"https:\\\/\\\/tragento.com\\\/#organization\",\"name\":\"Tragento\",\"url\":\"https:\\\/\\\/tragento.com\\\/\",\"logo\":{\"@type\":\"ImageObject\",\"inLanguage\":\"en-GB\",\"@id\":\"https:\\\/\\\/tragento.com\\\/#\\\/schema\\\/logo\\\/image\\\/\",\"url\":\"https:\\\/\\\/tragento.com\\\/wp-content\\\/uploads\\\/2026\\\/08\\\/Wordpress-Transparent.png\",\"contentUrl\":\"https:\\\/\\\/tragento.com\\\/wp-content\\\/uploads\\\/2026\\\/08\\\/Wordpress-Transparent.png\",\"width\":512,\"height\":512,\"caption\":\"Tragento\"},\"image\":{\"@id\":\"https:\\\/\\\/tragento.com\\\/#\\\/schema\\\/logo\\\/image\\\/\"},\"sameAs\":[\"https:\\\/\\\/www.facebook.com\\\/profile.php?id=61567461024345\"],\"email\":\"info@tragento.com\",\"vatID\":\"HR80113219655\"},{\"@type\":\"Person\",\"@id\":\"https:\\\/\\\/tragento.com\\\/#\\\/schema\\\/person\\\/90a4711289a0230e41987dc84e2a8f1f\",\"name\":\"stipan.spaija\",\"image\":{\"@type\":\"ImageObject\",\"inLanguage\":\"en-GB\",\"@id\":\"https:\\\/\\\/secure.gravatar.com\\\/avatar\\\/46ef65dabb1d8437d028b65b563fda6f57826810ab502a7f951be82634843f60?s=96&d=mm&r=g\",\"url\":\"https:\\\/\\\/secure.gravatar.com\\\/avatar\\\/46ef65dabb1d8437d028b65b563fda6f57826810ab502a7f951be82634843f60?s=96&d=mm&r=g\",\"contentUrl\":\"https:\\\/\\\/secure.gravatar.com\\\/avatar\\\/46ef65dabb1d8437d028b65b563fda6f57826810ab502a7f951be82634843f60?s=96&d=mm&r=g\",\"caption\":\"stipan.spaija\"},\"birthDate\":\"1978-03-22\",\"gender\":\"Male\",\"knowsLanguage\":[\"Croatian\",\"English\"],\"url\":\"https:\\\/\\\/tragento.com\\\/en\\\/author\\\/stipan-spaija\\\/\"}]}<\/script>\n<!-- \/ Yoast SEO Premium plugin. -->","yoast_head_json":{"title":"Air traffic is growing again: IATA data analysis - Tragento","description":"Air traffic is growing again in July 2026. Find out more about global trends and demand in air transport.","robots":{"index":"index","follow":"follow","max-snippet":"max-snippet:-1","max-image-preview":"max-image-preview:large","max-video-preview":"max-video-preview:-1"},"canonical":"https:\/\/tragento.com\/en\/air-traffic-is-growing-again-europe-had-the-highest-flight-occupancy-in-july\/","og_locale":"en_GB","og_type":"article","og_title":"Zra\u010dni promet ponovno raste","og_description":"Zra\u010dni promet ponovno raste u srpnju 2026. godine. Saznajte vi\u0161e o globalnim trendovima i potra\u017enji u zra\u010dnom prijevozu.","og_url":"https:\/\/tragento.com\/en\/air-traffic-is-growing-again-europe-had-the-highest-flight-occupancy-in-july\/","og_site_name":"Tragento","article_publisher":"https:\/\/www.facebook.com\/profile.php?id=61567461024345","article_published_time":"2026-09-02T10:34:41+00:00","article_modified_time":"2026-09-02T11:58:14+00:00","og_image":[{"width":2560,"height":1709,"url":"https:\/\/tragento.com\/wp-content\/uploads\/2025\/12\/dsc-5998-2025-03-14-21-23-56-utc-scaled-1.jpg","type":"image\/jpeg"}],"author":"stipan.spaija","twitter_card":"summary_large_image","twitter_misc":{"Written by":"stipan.spaija","Estimated reading time":"3 minutes"},"schema":{"@context":"https:\/\/schema.org","@graph":[{"@type":"Article","@id":"https:\/\/tragento.com\/zracni-promet-ponovno-raste-europa-u-srpnju-imala-najvisu-popunjenost-letova\/#article","isPartOf":{"@id":"https:\/\/tragento.com\/zracni-promet-ponovno-raste-europa-u-srpnju-imala-najvisu-popunjenost-letova\/"},"author":{"name":"stipan.spaija","@id":"https:\/\/tragento.com\/#\/schema\/person\/90a4711289a0230e41987dc84e2a8f1f"},"headline":"Zra\u010dni promet ponovno raste","datePublished":"2026-09-02T10:34:41+00:00","dateModified":"2026-09-02T11:58:14+00:00","mainEntityOfPage":{"@id":"https:\/\/tragento.com\/zracni-promet-ponovno-raste-europa-u-srpnju-imala-najvisu-popunjenost-letova\/"},"wordCount":544,"publisher":{"@id":"https:\/\/tragento.com\/#organization"},"image":{"@id":"https:\/\/tragento.com\/zracni-promet-ponovno-raste-europa-u-srpnju-imala-najvisu-popunjenost-letova\/#primaryimage"},"thumbnailUrl":"https:\/\/tragento.com\/wp-content\/uploads\/2025\/12\/dsc-5998-2025-03-14-21-23-56-utc-scaled-1.jpg","keywords":["analize","aviokompanije","iata","trendovi 2026"],"articleSection":["Avioindustrija","Vijesti"],"inLanguage":"en-GB"},{"@type":"WebPage","@id":"https:\/\/tragento.com\/zracni-promet-ponovno-raste-europa-u-srpnju-imala-najvisu-popunjenost-letova\/","url":"https:\/\/tragento.com\/zracni-promet-ponovno-raste-europa-u-srpnju-imala-najvisu-popunjenost-letova\/","name":"Air traffic is growing again: IATA data analysis - Tragento","isPartOf":{"@id":"https:\/\/tragento.com\/#website"},"primaryImageOfPage":{"@id":"https:\/\/tragento.com\/zracni-promet-ponovno-raste-europa-u-srpnju-imala-najvisu-popunjenost-letova\/#primaryimage"},"image":{"@id":"https:\/\/tragento.com\/zracni-promet-ponovno-raste-europa-u-srpnju-imala-najvisu-popunjenost-letova\/#primaryimage"},"thumbnailUrl":"https:\/\/tragento.com\/wp-content\/uploads\/2025\/12\/dsc-5998-2025-03-14-21-23-56-utc-scaled-1.jpg","datePublished":"2026-09-02T10:34:41+00:00","dateModified":"2026-09-02T11:58:14+00:00","description":"Air traffic is growing again in July 2026. Find out more about global trends and demand in air transport.","breadcrumb":{"@id":"https:\/\/tragento.com\/zracni-promet-ponovno-raste-europa-u-srpnju-imala-najvisu-popunjenost-letova\/#breadcrumb"},"inLanguage":"en-GB","potentialAction":[{"@type":"ReadAction","target":["https:\/\/tragento.com\/zracni-promet-ponovno-raste-europa-u-srpnju-imala-najvisu-popunjenost-letova\/"]}]},{"@type":"ImageObject","inLanguage":"en-GB","@id":"https:\/\/tragento.com\/zracni-promet-ponovno-raste-europa-u-srpnju-imala-najvisu-popunjenost-letova\/#primaryimage","url":"https:\/\/tragento.com\/wp-content\/uploads\/2025\/12\/dsc-5998-2025-03-14-21-23-56-utc-scaled-1.jpg","contentUrl":"https:\/\/tragento.com\/wp-content\/uploads\/2025\/12\/dsc-5998-2025-03-14-21-23-56-utc-scaled-1.jpg","width":2560,"height":1709,"caption":"Photo Envato"},{"@type":"BreadcrumbList","@id":"https:\/\/tragento.com\/zracni-promet-ponovno-raste-europa-u-srpnju-imala-najvisu-popunjenost-letova\/#breadcrumb","itemListElement":[{"@type":"ListItem","position":1,"name":"Home","item":"https:\/\/tragento.com\/"},{"@type":"ListItem","position":2,"name":"Zra\u010dni promet ponovno raste"}]},{"@type":"WebSite","@id":"https:\/\/tragento.com\/#website","url":"https:\/\/tragento.com\/","name":"Tragento","description":"Your Trusted Travel Partner","publisher":{"@id":"https:\/\/tragento.com\/#organization"},"potentialAction":[{"@type":"SearchAction","target":{"@type":"EntryPoint","urlTemplate":"https:\/\/tragento.com\/?s={search_term_string}"},"query-input":{"@type":"PropertyValueSpecification","valueRequired":true,"valueName":"search_term_string"}}],"inLanguage":"en-GB"},{"@type":"Organization","@id":"https:\/\/tragento.com\/#organization","name":"Tragento","url":"https:\/\/tragento.com\/","logo":{"@type":"ImageObject","inLanguage":"en-GB","@id":"https:\/\/tragento.com\/#\/schema\/logo\/image\/","url":"https:\/\/tragento.com\/wp-content\/uploads\/2026\/08\/Wordpress-Transparent.png","contentUrl":"https:\/\/tragento.com\/wp-content\/uploads\/2026\/08\/Wordpress-Transparent.png","width":512,"height":512,"caption":"Tragento"},"image":{"@id":"https:\/\/tragento.com\/#\/schema\/logo\/image\/"},"sameAs":["https:\/\/www.facebook.com\/profile.php?id=61567461024345"],"email":"info@tragento.com","vatID":"HR80113219655"},{"@type":"Person","@id":"https:\/\/tragento.com\/#\/schema\/person\/90a4711289a0230e41987dc84e2a8f1f","name":"Stipan Spaija","image":{"@type":"ImageObject","inLanguage":"en-GB","@id":"https:\/\/secure.gravatar.com\/avatar\/46ef65dabb1d8437d028b65b563fda6f57826810ab502a7f951be82634843f60?s=96&d=mm&r=g","url":"https:\/\/secure.gravatar.com\/avatar\/46ef65dabb1d8437d028b65b563fda6f57826810ab502a7f951be82634843f60?s=96&d=mm&r=g","contentUrl":"https:\/\/secure.gravatar.com\/avatar\/46ef65dabb1d8437d028b65b563fda6f57826810ab502a7f951be82634843f60?s=96&d=mm&r=g","caption":"stipan.spaija"},"birthDate":"1978-03-22","gender":"Male","knowsLanguage":["Croatian","English"],"url":"https:\/\/tragento.com\/en\/author\/stipan-spaija\/"}]}},"tragento_display_category":{"id":95,"name":"Aviation Industry","slug":"aerospace-industry","link":"https:\/\/tragento.com\/en\/category\/avioindustrija\/"},"_links":{"self":[{"href":"https:\/\/tragento.com\/en\/wp-json\/wp\/v2\/posts\/12414","targetHints":{"allow":["GET"]}}],"collection":[{"href":"https:\/\/tragento.com\/en\/wp-json\/wp\/v2\/posts"}],"about":[{"href":"https:\/\/tragento.com\/en\/wp-json\/wp\/v2\/types\/post"}],"author":[{"embeddable":true,"href":"https:\/\/tragento.com\/en\/wp-json\/wp\/v2\/users\/2"}],"replies":[{"embeddable":true,"href":"https:\/\/tragento.com\/en\/wp-json\/wp\/v2\/comments?post=12414"}],"version-history":[{"count":2,"href":"https:\/\/tragento.com\/en\/wp-json\/wp\/v2\/posts\/12414\/revisions"}],"predecessor-version":[{"id":12423,"href":"https:\/\/tragento.com\/en\/wp-json\/wp\/v2\/posts\/12414\/revisions\/12423"}],"wp:featuredmedia":[{"embeddable":true,"href":"https:\/\/tragento.com\/en\/wp-json\/wp\/v2\/media\/7481"}],"wp:attachment":[{"href":"https:\/\/tragento.com\/en\/wp-json\/wp\/v2\/media?parent=12414"}],"wp:term":[{"taxonomy":"category","embeddable":true,"href":"https:\/\/tragento.com\/en\/wp-json\/wp\/v2\/categories?post=12414"},{"taxonomy":"post_tag","embeddable":true,"href":"https:\/\/tragento.com\/en\/wp-json\/wp\/v2\/tags?post=12414"}],"curies":[{"name":"wp","href":"https:\/\/api.w.org\/{rel}","templated":true}]}}