{"id":12388,"date":"2026-08-31T15:21:22","date_gmt":"2026-08-31T13:21:22","guid":{"rendered":"https:\/\/tragento.com\/?p=12388"},"modified":"2026-08-31T15:21:24","modified_gmt":"2026-08-31T13:21:24","slug":"the-netherlands-to-lose-public-transport-on-9-september-as-24-hour-strike-announced","status":"publish","type":"post","link":"https:\/\/tragento.com\/en\/nizozemska-9-rujna-ostaje-bez-javnog-prijevoza-najavljen-24-satni-strajk\/","title":{"rendered":"The Netherlands to be left without public transport on 9 September: 24-hour strike announced"},"content":{"rendered":"<p class=\"wp-block-paragraph\">Passengers planning to travel through the Netherlands on 9 September will have to factor in serious disruption. The strike covers the railways, urban and regional public transport, and those called upon to stop work include employees of NS and ProRail.<\/p>\n\n\n\n<p class=\"wp-block-paragraph\">Dutch unions are preparing a national 24-hour public transport strike for Wednesday, 9 September 2026. FNV has called on employees in rail, regional and urban transport to take action, while CNV has confirmed the participation of its members in public transport, including NS and rail infrastructure manager ProRail.<\/p>\n\n\n\n<h2 id=\"h-vlakovi-autobusi-tramvaji-i-metro-pod-pritiskom-strajka\" class=\"wp-block-heading\">Trains, buses, trams and the underground under strike pressure<\/h2>\n\n\n\n<p class=\"wp-block-paragraph\">According to information from the national public transport planner 9292, the strike is expected to last for 24 hours and cover public transport nationwide. For regional transport, the action begins with the start of the day shift, while FNV is expected to announce the exact start and end times of the strike for city and rail transport during September.<\/p>\n\n\n\n<p class=\"wp-block-paragraph\">The reason for the action is not negotiations involving just a single transport company. Unions are protesting against planned cuts in the Dutch social security system, specifically changes relating to unemployment and disability benefits. FNV states that this involves planned savings of 6.8 billion euros.<\/p>\n\n\n\n<p class=\"wp-block-paragraph\">CNV has, in turn, confirmed that its members will also join the action after the government refused to back down from the planned measures.<\/p>\n\n\n\n<h2 id=\"h-problem-za-avio-putnike-i-organizatore-putovanja\" class=\"wp-block-heading\">A problem for air passengers and tour operators<\/h2>\n\n\n\n<p class=\"wp-block-paragraph\">For the tourism industry, 9 September will not only be a problem because of cancelled trains. Disruptions could affect hotel transfers, business travel, group programmes and the arrivals of passengers who rely on rail and urban connections after their flight.<\/p>\n\n\n\n<p class=\"wp-block-paragraph\">Particularly sensitive are itineraries via Amsterdam and Schiphol Airport, where public transport is an important part of passenger distribution to the city and other Dutch destinations.<\/p>\n\n\n\n<p class=\"wp-block-paragraph\"><\/p>\n\n\n\n<p class=\"wp-block-paragraph\"><\/p>","protected":false},"excerpt":{"rendered":"<p>Putnici koji 9. rujna planiraju putovanje kroz Nizozemsku morat \u0107e ra\u010dunati na ozbiljne poreme\u0107aje. \u0160trajkom su obuhva\u0107eni \u017eeljeznica, gradski i regionalni javni prijevoz, a me\u0111u pozvanima na prekid rada su i zaposlenici NS-a i ProRaila. Nizozemski sindikati pripremaju nacionalni 24-satni \u0161trajk javnog prijevoza za srijedu,&#8230;<\/p>","protected":false},"author":2,"featured_media":7754,"comment_status":"closed","ping_status":"closed","sticky":false,"template":"","format":"standard","meta":{"_tragento_display_category":0,"footnotes":""},"categories":[89],"tags":[427,210],"class_list":["post-12388","post","type-post","status-publish","format-standard","has-post-thumbnail","hentry","category-vijesti","tag-nizozemska","tag-strajk-2"],"yoast_head":"<!-- This site is optimized with the Yoast SEO Premium plugin v28.3 (Yoast SEO v28.3) - https:\/\/yoast.com\/product\/yoast-seo-premium-wordpress\/ -->\n<title>Nizozemska 9. rujna ostaje bez javnog prijevoza - Tragento<\/title>\n<meta name=\"description\" content=\"Putnici u Nizozemskoj moraju o\u010dekivati poreme\u0107aje 9. rujna zbog najavljenog 24-satnog \u0161trajka javnog prijevoza.\" \/>\n<meta name=\"robots\" content=\"index, follow, max-snippet:-1, max-image-preview:large, max-video-preview:-1\" \/>\n<link rel=\"canonical\" href=\"https:\/\/tragento.com\/en\/the-netherlands-to-lose-public-transport-on-9-september-as-24-hour-strike-announced\/\" \/>\n<meta property=\"og:locale\" content=\"en_GB\" \/>\n<meta property=\"og:type\" content=\"article\" \/>\n<meta property=\"og:title\" content=\"Nizozemska 9. rujna ostaje bez javnog prijevoza: najavljen 24-satni \u0161trajk\" \/>\n<meta property=\"og:description\" content=\"Putnici u Nizozemskoj moraju o\u010dekivati poreme\u0107aje 9. rujna zbog najavljenog 24-satnog \u0161trajka javnog prijevoza.\" \/>\n<meta property=\"og:url\" content=\"https:\/\/tragento.com\/en\/the-netherlands-to-lose-public-transport-on-9-september-as-24-hour-strike-announced\/\" \/>\n<meta property=\"og:site_name\" content=\"Tragento\" \/>\n<meta property=\"article:publisher\" content=\"https:\/\/www.facebook.com\/profile.php?id=61567461024345\" \/>\n<meta property=\"article:published_time\" content=\"2026-08-31T13:21:22+00:00\" \/>\n<meta property=\"article:modified_time\" content=\"2026-08-31T13:21:24+00:00\" \/>\n<meta property=\"og:image\" content=\"https:\/\/tragento.com\/wp-content\/uploads\/2026\/01\/michal-parzuchowski-dmH3NWhYTHQ-unsplash-scaled-1.jpg\" \/>\n\t<meta property=\"og:image:width\" content=\"2560\" \/>\n\t<meta property=\"og:image:height\" content=\"1706\" \/>\n\t<meta property=\"og:image:type\" content=\"image\/jpeg\" \/>\n<meta name=\"author\" content=\"stipan.spaija\" \/>\n<meta name=\"twitter:card\" content=\"summary_large_image\" \/>\n<meta name=\"twitter:label1\" content=\"Written by\" \/>\n\t<meta name=\"twitter:data1\" content=\"stipan.spaija\" \/>\n\t<meta name=\"twitter:label2\" content=\"Estimated reading time\" \/>\n\t<meta name=\"twitter:data2\" content=\"2 minutes\" \/>\n<script type=\"application\/ld+json\" class=\"yoast-schema-graph\">{\"@context\":\"https:\\\/\\\/schema.org\",\"@graph\":[{\"@type\":\"Article\",\"@id\":\"https:\\\/\\\/tragento.com\\\/nizozemska-9-rujna-ostaje-bez-javnog-prijevoza-najavljen-24-satni-strajk\\\/#article\",\"isPartOf\":{\"@id\":\"https:\\\/\\\/tragento.com\\\/nizozemska-9-rujna-ostaje-bez-javnog-prijevoza-najavljen-24-satni-strajk\\\/\"},\"author\":{\"name\":\"stipan.spaija\",\"@id\":\"https:\\\/\\\/tragento.com\\\/#\\\/schema\\\/person\\\/90a4711289a0230e41987dc84e2a8f1f\"},\"headline\":\"Nizozemska 9. rujna ostaje bez javnog prijevoza: najavljen 24-satni \u0161trajk\",\"datePublished\":\"2026-08-31T13:21:22+00:00\",\"dateModified\":\"2026-08-31T13:21:24+00:00\",\"mainEntityOfPage\":{\"@id\":\"https:\\\/\\\/tragento.com\\\/nizozemska-9-rujna-ostaje-bez-javnog-prijevoza-najavljen-24-satni-strajk\\\/\"},\"wordCount\":281,\"publisher\":{\"@id\":\"https:\\\/\\\/tragento.com\\\/#organization\"},\"image\":{\"@id\":\"https:\\\/\\\/tragento.com\\\/nizozemska-9-rujna-ostaje-bez-javnog-prijevoza-najavljen-24-satni-strajk\\\/#primaryimage\"},\"thumbnailUrl\":\"https:\\\/\\\/tragento.com\\\/wp-content\\\/uploads\\\/2026\\\/01\\\/michal-parzuchowski-dmH3NWhYTHQ-unsplash-scaled-1.jpg\",\"keywords\":[\"nizozemska\",\"strajk\"],\"articleSection\":[\"Vijesti\"],\"inLanguage\":\"en-GB\"},{\"@type\":\"WebPage\",\"@id\":\"https:\\\/\\\/tragento.com\\\/nizozemska-9-rujna-ostaje-bez-javnog-prijevoza-najavljen-24-satni-strajk\\\/\",\"url\":\"https:\\\/\\\/tragento.com\\\/nizozemska-9-rujna-ostaje-bez-javnog-prijevoza-najavljen-24-satni-strajk\\\/\",\"name\":\"Nizozemska 9. rujna ostaje bez javnog prijevoza - Tragento\",\"isPartOf\":{\"@id\":\"https:\\\/\\\/tragento.com\\\/#website\"},\"primaryImageOfPage\":{\"@id\":\"https:\\\/\\\/tragento.com\\\/nizozemska-9-rujna-ostaje-bez-javnog-prijevoza-najavljen-24-satni-strajk\\\/#primaryimage\"},\"image\":{\"@id\":\"https:\\\/\\\/tragento.com\\\/nizozemska-9-rujna-ostaje-bez-javnog-prijevoza-najavljen-24-satni-strajk\\\/#primaryimage\"},\"thumbnailUrl\":\"https:\\\/\\\/tragento.com\\\/wp-content\\\/uploads\\\/2026\\\/01\\\/michal-parzuchowski-dmH3NWhYTHQ-unsplash-scaled-1.jpg\",\"datePublished\":\"2026-08-31T13:21:22+00:00\",\"dateModified\":\"2026-08-31T13:21:24+00:00\",\"description\":\"Putnici u Nizozemskoj moraju o\u010dekivati poreme\u0107aje 9. rujna zbog najavljenog 24-satnog \u0161trajka javnog prijevoza.\",\"breadcrumb\":{\"@id\":\"https:\\\/\\\/tragento.com\\\/nizozemska-9-rujna-ostaje-bez-javnog-prijevoza-najavljen-24-satni-strajk\\\/#breadcrumb\"},\"inLanguage\":\"en-GB\",\"potentialAction\":[{\"@type\":\"ReadAction\",\"target\":[\"https:\\\/\\\/tragento.com\\\/nizozemska-9-rujna-ostaje-bez-javnog-prijevoza-najavljen-24-satni-strajk\\\/\"]}]},{\"@type\":\"ImageObject\",\"inLanguage\":\"en-GB\",\"@id\":\"https:\\\/\\\/tragento.com\\\/nizozemska-9-rujna-ostaje-bez-javnog-prijevoza-najavljen-24-satni-strajk\\\/#primaryimage\",\"url\":\"https:\\\/\\\/tragento.com\\\/wp-content\\\/uploads\\\/2026\\\/01\\\/michal-parzuchowski-dmH3NWhYTHQ-unsplash-scaled-1.jpg\",\"contentUrl\":\"https:\\\/\\\/tragento.com\\\/wp-content\\\/uploads\\\/2026\\\/01\\\/michal-parzuchowski-dmH3NWhYTHQ-unsplash-scaled-1.jpg\",\"width\":2560,\"height\":1706,\"caption\":\"Photo by Micha\u0142 Parzuchowski on Unsplash\"},{\"@type\":\"BreadcrumbList\",\"@id\":\"https:\\\/\\\/tragento.com\\\/nizozemska-9-rujna-ostaje-bez-javnog-prijevoza-najavljen-24-satni-strajk\\\/#breadcrumb\",\"itemListElement\":[{\"@type\":\"ListItem\",\"position\":1,\"name\":\"Home\",\"item\":\"https:\\\/\\\/tragento.com\\\/\"},{\"@type\":\"ListItem\",\"position\":2,\"name\":\"Nizozemska 9. rujna ostaje bez javnog prijevoza: najavljen 24-satni \u0161trajk\"}]},{\"@type\":\"WebSite\",\"@id\":\"https:\\\/\\\/tragento.com\\\/#website\",\"url\":\"https:\\\/\\\/tragento.com\\\/\",\"name\":\"Tragento\",\"description\":\"Your Trusted Travel Partner\",\"publisher\":{\"@id\":\"https:\\\/\\\/tragento.com\\\/#organization\"},\"potentialAction\":[{\"@type\":\"SearchAction\",\"target\":{\"@type\":\"EntryPoint\",\"urlTemplate\":\"https:\\\/\\\/tragento.com\\\/?s={search_term_string}\"},\"query-input\":{\"@type\":\"PropertyValueSpecification\",\"valueRequired\":true,\"valueName\":\"search_term_string\"}}],\"inLanguage\":\"en-GB\"},{\"@type\":\"Organization\",\"@id\":\"https:\\\/\\\/tragento.com\\\/#organization\",\"name\":\"Tragento\",\"url\":\"https:\\\/\\\/tragento.com\\\/\",\"logo\":{\"@type\":\"ImageObject\",\"inLanguage\":\"en-GB\",\"@id\":\"https:\\\/\\\/tragento.com\\\/#\\\/schema\\\/logo\\\/image\\\/\",\"url\":\"https:\\\/\\\/tragento.com\\\/wp-content\\\/uploads\\\/2026\\\/08\\\/Wordpress-Transparent.png\",\"contentUrl\":\"https:\\\/\\\/tragento.com\\\/wp-content\\\/uploads\\\/2026\\\/08\\\/Wordpress-Transparent.png\",\"width\":512,\"height\":512,\"caption\":\"Tragento\"},\"image\":{\"@id\":\"https:\\\/\\\/tragento.com\\\/#\\\/schema\\\/logo\\\/image\\\/\"},\"sameAs\":[\"https:\\\/\\\/www.facebook.com\\\/profile.php?id=61567461024345\"],\"email\":\"info@tragento.com\",\"vatID\":\"HR80113219655\"},{\"@type\":\"Person\",\"@id\":\"https:\\\/\\\/tragento.com\\\/#\\\/schema\\\/person\\\/90a4711289a0230e41987dc84e2a8f1f\",\"name\":\"stipan.spaija\",\"image\":{\"@type\":\"ImageObject\",\"inLanguage\":\"en-GB\",\"@id\":\"https:\\\/\\\/secure.gravatar.com\\\/avatar\\\/46ef65dabb1d8437d028b65b563fda6f57826810ab502a7f951be82634843f60?s=96&d=mm&r=g\",\"url\":\"https:\\\/\\\/secure.gravatar.com\\\/avatar\\\/46ef65dabb1d8437d028b65b563fda6f57826810ab502a7f951be82634843f60?s=96&d=mm&r=g\",\"contentUrl\":\"https:\\\/\\\/secure.gravatar.com\\\/avatar\\\/46ef65dabb1d8437d028b65b563fda6f57826810ab502a7f951be82634843f60?s=96&d=mm&r=g\",\"caption\":\"stipan.spaija\"},\"birthDate\":\"1978-03-22\",\"gender\":\"Male\",\"knowsLanguage\":[\"Croatian\",\"English\"],\"url\":\"https:\\\/\\\/tragento.com\\\/en\\\/author\\\/stipan-spaija\\\/\"}]}<\/script>\n<!-- \/ Yoast SEO Premium plugin. -->","yoast_head_json":{"title":"The Netherlands to lose public transport on 9 September - Tragento","description":"Travellers in the Netherlands must expect disruption on 9 September due to the announced 24-hour public transport strike.","robots":{"index":"index","follow":"follow","max-snippet":"max-snippet:-1","max-image-preview":"max-image-preview:large","max-video-preview":"max-video-preview:-1"},"canonical":"https:\/\/tragento.com\/en\/the-netherlands-to-lose-public-transport-on-9-september-as-24-hour-strike-announced\/","og_locale":"en_GB","og_type":"article","og_title":"Nizozemska 9. rujna ostaje bez javnog prijevoza: najavljen 24-satni \u0161trajk","og_description":"Putnici u Nizozemskoj moraju o\u010dekivati poreme\u0107aje 9. rujna zbog najavljenog 24-satnog \u0161trajka javnog prijevoza.","og_url":"https:\/\/tragento.com\/en\/the-netherlands-to-lose-public-transport-on-9-september-as-24-hour-strike-announced\/","og_site_name":"Tragento","article_publisher":"https:\/\/www.facebook.com\/profile.php?id=61567461024345","article_published_time":"2026-08-31T13:21:22+00:00","article_modified_time":"2026-08-31T13:21:24+00:00","og_image":[{"width":2560,"height":1706,"url":"https:\/\/tragento.com\/wp-content\/uploads\/2026\/01\/michal-parzuchowski-dmH3NWhYTHQ-unsplash-scaled-1.jpg","type":"image\/jpeg"}],"author":"stipan.spaija","twitter_card":"summary_large_image","twitter_misc":{"Written by":"stipan.spaija","Estimated reading time":"2 minutes"},"schema":{"@context":"https:\/\/schema.org","@graph":[{"@type":"Article","@id":"https:\/\/tragento.com\/nizozemska-9-rujna-ostaje-bez-javnog-prijevoza-najavljen-24-satni-strajk\/#article","isPartOf":{"@id":"https:\/\/tragento.com\/nizozemska-9-rujna-ostaje-bez-javnog-prijevoza-najavljen-24-satni-strajk\/"},"author":{"name":"stipan.spaija","@id":"https:\/\/tragento.com\/#\/schema\/person\/90a4711289a0230e41987dc84e2a8f1f"},"headline":"Nizozemska 9. rujna ostaje bez javnog prijevoza: najavljen 24-satni \u0161trajk","datePublished":"2026-08-31T13:21:22+00:00","dateModified":"2026-08-31T13:21:24+00:00","mainEntityOfPage":{"@id":"https:\/\/tragento.com\/nizozemska-9-rujna-ostaje-bez-javnog-prijevoza-najavljen-24-satni-strajk\/"},"wordCount":281,"publisher":{"@id":"https:\/\/tragento.com\/#organization"},"image":{"@id":"https:\/\/tragento.com\/nizozemska-9-rujna-ostaje-bez-javnog-prijevoza-najavljen-24-satni-strajk\/#primaryimage"},"thumbnailUrl":"https:\/\/tragento.com\/wp-content\/uploads\/2026\/01\/michal-parzuchowski-dmH3NWhYTHQ-unsplash-scaled-1.jpg","keywords":["nizozemska","strajk"],"articleSection":["Vijesti"],"inLanguage":"en-GB"},{"@type":"WebPage","@id":"https:\/\/tragento.com\/nizozemska-9-rujna-ostaje-bez-javnog-prijevoza-najavljen-24-satni-strajk\/","url":"https:\/\/tragento.com\/nizozemska-9-rujna-ostaje-bez-javnog-prijevoza-najavljen-24-satni-strajk\/","name":"The Netherlands to lose public transport on 9 September - Tragento","isPartOf":{"@id":"https:\/\/tragento.com\/#website"},"primaryImageOfPage":{"@id":"https:\/\/tragento.com\/nizozemska-9-rujna-ostaje-bez-javnog-prijevoza-najavljen-24-satni-strajk\/#primaryimage"},"image":{"@id":"https:\/\/tragento.com\/nizozemska-9-rujna-ostaje-bez-javnog-prijevoza-najavljen-24-satni-strajk\/#primaryimage"},"thumbnailUrl":"https:\/\/tragento.com\/wp-content\/uploads\/2026\/01\/michal-parzuchowski-dmH3NWhYTHQ-unsplash-scaled-1.jpg","datePublished":"2026-08-31T13:21:22+00:00","dateModified":"2026-08-31T13:21:24+00:00","description":"Travellers in the Netherlands must expect disruption on 9 September due to the announced 24-hour public transport strike.","breadcrumb":{"@id":"https:\/\/tragento.com\/nizozemska-9-rujna-ostaje-bez-javnog-prijevoza-najavljen-24-satni-strajk\/#breadcrumb"},"inLanguage":"en-GB","potentialAction":[{"@type":"ReadAction","target":["https:\/\/tragento.com\/nizozemska-9-rujna-ostaje-bez-javnog-prijevoza-najavljen-24-satni-strajk\/"]}]},{"@type":"ImageObject","inLanguage":"en-GB","@id":"https:\/\/tragento.com\/nizozemska-9-rujna-ostaje-bez-javnog-prijevoza-najavljen-24-satni-strajk\/#primaryimage","url":"https:\/\/tragento.com\/wp-content\/uploads\/2026\/01\/michal-parzuchowski-dmH3NWhYTHQ-unsplash-scaled-1.jpg","contentUrl":"https:\/\/tragento.com\/wp-content\/uploads\/2026\/01\/michal-parzuchowski-dmH3NWhYTHQ-unsplash-scaled-1.jpg","width":2560,"height":1706,"caption":"Photo by Micha\u0142 Parzuchowski on Unsplash"},{"@type":"BreadcrumbList","@id":"https:\/\/tragento.com\/nizozemska-9-rujna-ostaje-bez-javnog-prijevoza-najavljen-24-satni-strajk\/#breadcrumb","itemListElement":[{"@type":"ListItem","position":1,"name":"Home","item":"https:\/\/tragento.com\/"},{"@type":"ListItem","position":2,"name":"Nizozemska 9. rujna ostaje bez javnog prijevoza: najavljen 24-satni \u0161trajk"}]},{"@type":"WebSite","@id":"https:\/\/tragento.com\/#website","url":"https:\/\/tragento.com\/","name":"Tragento","description":"Your Trusted Travel Partner","publisher":{"@id":"https:\/\/tragento.com\/#organization"},"potentialAction":[{"@type":"SearchAction","target":{"@type":"EntryPoint","urlTemplate":"https:\/\/tragento.com\/?s={search_term_string}"},"query-input":{"@type":"PropertyValueSpecification","valueRequired":true,"valueName":"search_term_string"}}],"inLanguage":"en-GB"},{"@type":"Organization","@id":"https:\/\/tragento.com\/#organization","name":"Tragento","url":"https:\/\/tragento.com\/","logo":{"@type":"ImageObject","inLanguage":"en-GB","@id":"https:\/\/tragento.com\/#\/schema\/logo\/image\/","url":"https:\/\/tragento.com\/wp-content\/uploads\/2026\/08\/Wordpress-Transparent.png","contentUrl":"https:\/\/tragento.com\/wp-content\/uploads\/2026\/08\/Wordpress-Transparent.png","width":512,"height":512,"caption":"Tragento"},"image":{"@id":"https:\/\/tragento.com\/#\/schema\/logo\/image\/"},"sameAs":["https:\/\/www.facebook.com\/profile.php?id=61567461024345"],"email":"info@tragento.com","vatID":"HR80113219655"},{"@type":"Person","@id":"https:\/\/tragento.com\/#\/schema\/person\/90a4711289a0230e41987dc84e2a8f1f","name":"Stipan Spaija","image":{"@type":"ImageObject","inLanguage":"en-GB","@id":"https:\/\/secure.gravatar.com\/avatar\/46ef65dabb1d8437d028b65b563fda6f57826810ab502a7f951be82634843f60?s=96&d=mm&r=g","url":"https:\/\/secure.gravatar.com\/avatar\/46ef65dabb1d8437d028b65b563fda6f57826810ab502a7f951be82634843f60?s=96&d=mm&r=g","contentUrl":"https:\/\/secure.gravatar.com\/avatar\/46ef65dabb1d8437d028b65b563fda6f57826810ab502a7f951be82634843f60?s=96&d=mm&r=g","caption":"stipan.spaija"},"birthDate":"1978-03-22","gender":"Male","knowsLanguage":["Croatian","English"],"url":"https:\/\/tragento.com\/en\/author\/stipan-spaija\/"}]}},"tragento_display_category":{"id":89,"name":"News","slug":"news","link":"https:\/\/tragento.com\/en\/category\/vijesti\/"},"_links":{"self":[{"href":"https:\/\/tragento.com\/en\/wp-json\/wp\/v2\/posts\/12388","targetHints":{"allow":["GET"]}}],"collection":[{"href":"https:\/\/tragento.com\/en\/wp-json\/wp\/v2\/posts"}],"about":[{"href":"https:\/\/tragento.com\/en\/wp-json\/wp\/v2\/types\/post"}],"author":[{"embeddable":true,"href":"https:\/\/tragento.com\/en\/wp-json\/wp\/v2\/users\/2"}],"replies":[{"embeddable":true,"href":"https:\/\/tragento.com\/en\/wp-json\/wp\/v2\/comments?post=12388"}],"version-history":[{"count":1,"href":"https:\/\/tragento.com\/en\/wp-json\/wp\/v2\/posts\/12388\/revisions"}],"predecessor-version":[{"id":12389,"href":"https:\/\/tragento.com\/en\/wp-json\/wp\/v2\/posts\/12388\/revisions\/12389"}],"wp:featuredmedia":[{"embeddable":true,"href":"https:\/\/tragento.com\/en\/wp-json\/wp\/v2\/media\/7754"}],"wp:attachment":[{"href":"https:\/\/tragento.com\/en\/wp-json\/wp\/v2\/media?parent=12388"}],"wp:term":[{"taxonomy":"category","embeddable":true,"href":"https:\/\/tragento.com\/en\/wp-json\/wp\/v2\/categories?post=12388"},{"taxonomy":"post_tag","embeddable":true,"href":"https:\/\/tragento.com\/en\/wp-json\/wp\/v2\/tags?post=12388"}],"curies":[{"name":"wp","href":"https:\/\/api.w.org\/{rel}","templated":true}]}}