{"id":11692,"date":"2026-07-06T12:40:52","date_gmt":"2026-07-06T10:40:52","guid":{"rendered":"https:\/\/tragento.com\/?p=9841"},"modified":"2026-07-06T12:40:52","modified_gmt":"2026-07-06T10:40:52","slug":"luka-modric-and-john-malkovich-in-a-new-promotional-advert-for-croatian-tourism","status":"publish","type":"post","link":"https:\/\/tragento.com\/en\/luka-modric-i-john-malkovich-u-novom-promotivnom-adutu-hrvatskog-turizma\/","title":{"rendered":"Luka Modri\u0107 and John Malkovich in a new promotional advertisement for Croatian tourism"},"content":{"rendered":"<p class=\"wp-block-paragraph\"><a href=\"https:\/\/www.htz.com\">Croatian National Tourist Board<\/a> launched the continuation of the \u201eCROATIA \u2013 I hear it's beautiful\u201d campaign, in which a sports and acting legend, through a humorous dialogue, discover Zadar's Sea Organ. Luka Modri\u0107 and John Malkovich, in the new promotional advertisement for Croatian tourism, have particularly attracted public attention with this collaboration.<\/p>\n\n\n\n<h2 id=\"h-spoj-holivudskog-sarma-i-nogometne-virtuoznosti\" class=\"wp-block-heading\">The fusion of Hollywood glamour and football virtuosity<\/h2>\n\n\n\n<p class=\"wp-block-paragraph\">Following the first collaboration with John Malkovich that attracted great attention, <a href=\"https:\/\/tragento.com\/en\/htz-is-targeting-last-minute-travellers-in-key-european-markets-with-its-new-campaign\/\" type=\"post\" id=\"9737\">continuation<\/a> brings an interaction between the famous actor and Luka Modri\u0107. The direction and creative leadership are once again signed by Pete Radovich, the multi-award-winning producer behind the visual identity of this series of promotional films.<\/p>\n\n\n\n<h2 id=\"h-fokus-na-autenticne-motive-i-cjelogodisnju-privlacnost\" class=\"wp-block-heading\">Focus on authentic motives and year-round appeal<\/h2>\n\n\n\n<p class=\"wp-block-paragraph\">The backbone of the story is Zadar's Sea Organ installation, which serves as a symbol of authenticity and <a href=\"https:\/\/tragento.com\/en\/category\/destinations\/\" type=\"category\" id=\"1\">natural beauty of the earth.<\/a> The film's narrative moves away from classic summer postcards and focuses on off-season travel. Through the relaxed conversation of the protagonists, the message is communicated that Croatia is an attractive and rich destination regardless of the time of year, which directly supports the strategy of extending the tourist season and attracting guests with greater purchasing power.<\/p>\n\n\n\n<figure class=\"wp-block-embed is-type-video is-provider-youtube wp-block-embed-youtube wp-embed-aspect-16-9 wp-has-aspect-ratio\"><div class=\"wp-block-embed__wrapper\">\n<iframe title=\"Croatia | I Hear It&#039;s Beautiful ft. Malkovich &amp; Modric\" width=\"1060\" height=\"596\" src=\"https:\/\/www.youtube.com\/embed\/eQSMz3IkKAY?feature=oembed\" frameborder=\"0\" allow=\"accelerometer; autoplay; clipboard-write; encrypted-media; gyroscope; picture-in-picture; web-share\" referrerpolicy=\"strict-origin-when-cross-origin\" allowfullscreen><\/iframe>\n<\/div><\/figure>\n\n\n\n<p class=\"wp-block-paragraph\"><\/p>","protected":false},"excerpt":{"rendered":"<p>Hrvatska turisti\u010dka zajednica lansirala je nastavak kampanje \u201eCROATIA \u2013 I hear it&#8217;s beautiful\u201d, u kojem sportska i gluma\u010dka legenda kroz duhovit dijalog otkrivaju zadarske Morske orgulje. Luka Modri\u0107 i John Malkovich u novom promotivnom adutu hrvatskog turizma posebno su privukli pa\u017enju javnosti ovom suradnjom. Spoj&#8230;<\/p>","protected":false},"author":2,"featured_media":11726,"comment_status":"open","ping_status":"open","sticky":false,"template":"","format":"standard","meta":{"_tragento_display_category":0,"footnotes":""},"categories":[157,595,81,143,350],"tags":[179,217,229],"class_list":["post-11692","post","type-post","status-publish","format-standard","has-post-thumbnail","hentry","category-dmc","category-export-latest","category-osvrti","category-turistickaindustrija","category-turisticke-price","tag-destinacije","tag-hrvatska","tag-htz"],"yoast_head":"<!-- This site is optimized with the Yoast SEO Premium plugin v28.4 (Yoast SEO v28.4) - https:\/\/yoast.com\/product\/yoast-seo-premium-wordpress\/ -->\n<title>Luka Modri\u0107 i John Malkovich promoviraju Hrvatsku - Tragento<\/title>\n<meta name=\"description\" content=\"Hrvatska turisti\u010dka zajednica donosi novi film s Lukom Modri\u0107em i Johnom Malkovichom koji otkriva Morske orgulje.\" \/>\n<meta name=\"robots\" content=\"index, follow, max-snippet:-1, max-image-preview:large, max-video-preview:-1\" \/>\n<link rel=\"canonical\" href=\"https:\/\/tragento.com\/en\/luka-modric-and-john-malkovich-in-a-new-promotional-advert-for-croatian-tourism\/\" \/>\n<meta property=\"og:locale\" content=\"en_GB\" \/>\n<meta property=\"og:type\" content=\"article\" \/>\n<meta property=\"og:title\" content=\"Luka Modri\u0107 i John Malkovich u novom promotivnom adutu hrvatskog turizma\" \/>\n<meta property=\"og:description\" content=\"Hrvatska turisti\u010dka zajednica donosi novi film s Lukom Modri\u0107em i Johnom Malkovichom koji otkriva Morske orgulje.\" \/>\n<meta property=\"og:url\" content=\"https:\/\/tragento.com\/en\/luka-modric-and-john-malkovich-in-a-new-promotional-advert-for-croatian-tourism\/\" \/>\n<meta property=\"og:site_name\" content=\"Tragento\" \/>\n<meta property=\"article:publisher\" content=\"https:\/\/www.facebook.com\/profile.php?id=61567461024345\" \/>\n<meta property=\"article:published_time\" content=\"2026-07-06T10:40:52+00:00\" \/>\n<meta property=\"og:image\" content=\"https:\/\/tragento.com\/wp-content\/uploads\/2026\/07\/HTZ_2026_Image_Youtube_thumbnail_LukaJohn2_1280x720.jpg\" \/>\n\t<meta property=\"og:image:width\" content=\"1280\" \/>\n\t<meta property=\"og:image:height\" content=\"720\" \/>\n\t<meta property=\"og:image:type\" content=\"image\/jpeg\" \/>\n<meta name=\"author\" content=\"stipan.spaija\" \/>\n<meta name=\"twitter:card\" content=\"summary_large_image\" \/>\n<meta name=\"twitter:label1\" content=\"Written by\" \/>\n\t<meta name=\"twitter:data1\" content=\"stipan.spaija\" \/>\n\t<meta name=\"twitter:label2\" content=\"Estimated reading time\" \/>\n\t<meta name=\"twitter:data2\" content=\"2 minutes\" \/>\n<script type=\"application\/ld+json\" class=\"yoast-schema-graph\">{\"@context\":\"https:\\\/\\\/schema.org\",\"@graph\":[{\"@type\":\"Article\",\"@id\":\"https:\\\/\\\/tragento.com\\\/luka-modric-i-john-malkovich-u-novom-promotivnom-adutu-hrvatskog-turizma\\\/#article\",\"isPartOf\":{\"@id\":\"https:\\\/\\\/tragento.com\\\/luka-modric-i-john-malkovich-u-novom-promotivnom-adutu-hrvatskog-turizma\\\/\"},\"author\":{\"name\":\"stipan.spaija\",\"@id\":\"https:\\\/\\\/tragento.com\\\/#\\\/schema\\\/person\\\/90a4711289a0230e41987dc84e2a8f1f\"},\"headline\":\"Luka Modri\u0107 i John Malkovich u novom promotivnom adutu hrvatskog turizma\",\"datePublished\":\"2026-07-06T10:40:52+00:00\",\"mainEntityOfPage\":{\"@id\":\"https:\\\/\\\/tragento.com\\\/luka-modric-i-john-malkovich-u-novom-promotivnom-adutu-hrvatskog-turizma\\\/\"},\"wordCount\":204,\"commentCount\":0,\"publisher\":{\"@id\":\"https:\\\/\\\/tragento.com\\\/#organization\"},\"image\":{\"@id\":\"https:\\\/\\\/tragento.com\\\/luka-modric-i-john-malkovich-u-novom-promotivnom-adutu-hrvatskog-turizma\\\/#primaryimage\"},\"thumbnailUrl\":\"https:\\\/\\\/tragento.com\\\/wp-content\\\/uploads\\\/2026\\\/07\\\/HTZ_2026_Image_Youtube_thumbnail_LukaJohn2_1280x720.jpg\",\"keywords\":[\"destinacije\",\"Hrvatska\",\"htz\"],\"articleSection\":[\"DMC\",\"EXPORT-LATEST\",\"Osvrti, Analize &amp; Intervjui\",\"Turisti\u010dka industrija\",\"Turisti\u010dke pri\u010de\"],\"inLanguage\":\"en-GB\"},{\"@type\":\"WebPage\",\"@id\":\"https:\\\/\\\/tragento.com\\\/luka-modric-i-john-malkovich-u-novom-promotivnom-adutu-hrvatskog-turizma\\\/\",\"url\":\"https:\\\/\\\/tragento.com\\\/luka-modric-i-john-malkovich-u-novom-promotivnom-adutu-hrvatskog-turizma\\\/\",\"name\":\"Luka Modri\u0107 i John Malkovich promoviraju Hrvatsku - Tragento\",\"isPartOf\":{\"@id\":\"https:\\\/\\\/tragento.com\\\/#website\"},\"primaryImageOfPage\":{\"@id\":\"https:\\\/\\\/tragento.com\\\/luka-modric-i-john-malkovich-u-novom-promotivnom-adutu-hrvatskog-turizma\\\/#primaryimage\"},\"image\":{\"@id\":\"https:\\\/\\\/tragento.com\\\/luka-modric-i-john-malkovich-u-novom-promotivnom-adutu-hrvatskog-turizma\\\/#primaryimage\"},\"thumbnailUrl\":\"https:\\\/\\\/tragento.com\\\/wp-content\\\/uploads\\\/2026\\\/07\\\/HTZ_2026_Image_Youtube_thumbnail_LukaJohn2_1280x720.jpg\",\"datePublished\":\"2026-07-06T10:40:52+00:00\",\"description\":\"Hrvatska turisti\u010dka zajednica donosi novi film s Lukom Modri\u0107em i Johnom Malkovichom koji otkriva Morske orgulje.\",\"breadcrumb\":{\"@id\":\"https:\\\/\\\/tragento.com\\\/luka-modric-i-john-malkovich-u-novom-promotivnom-adutu-hrvatskog-turizma\\\/#breadcrumb\"},\"inLanguage\":\"en-GB\",\"potentialAction\":[{\"@type\":\"ReadAction\",\"target\":[\"https:\\\/\\\/tragento.com\\\/luka-modric-i-john-malkovich-u-novom-promotivnom-adutu-hrvatskog-turizma\\\/\"]}]},{\"@type\":\"ImageObject\",\"inLanguage\":\"en-GB\",\"@id\":\"https:\\\/\\\/tragento.com\\\/luka-modric-i-john-malkovich-u-novom-promotivnom-adutu-hrvatskog-turizma\\\/#primaryimage\",\"url\":\"https:\\\/\\\/tragento.com\\\/wp-content\\\/uploads\\\/2026\\\/07\\\/HTZ_2026_Image_Youtube_thumbnail_LukaJohn2_1280x720.jpg\",\"contentUrl\":\"https:\\\/\\\/tragento.com\\\/wp-content\\\/uploads\\\/2026\\\/07\\\/HTZ_2026_Image_Youtube_thumbnail_LukaJohn2_1280x720.jpg\",\"width\":1280,\"height\":720,\"caption\":\"Photo HTZ\"},{\"@type\":\"BreadcrumbList\",\"@id\":\"https:\\\/\\\/tragento.com\\\/luka-modric-i-john-malkovich-u-novom-promotivnom-adutu-hrvatskog-turizma\\\/#breadcrumb\",\"itemListElement\":[{\"@type\":\"ListItem\",\"position\":1,\"name\":\"Home\",\"item\":\"https:\\\/\\\/tragento.com\\\/\"},{\"@type\":\"ListItem\",\"position\":2,\"name\":\"Luka Modri\u0107 i John Malkovich u novom promotivnom adutu hrvatskog turizma\"}]},{\"@type\":\"WebSite\",\"@id\":\"https:\\\/\\\/tragento.com\\\/#website\",\"url\":\"https:\\\/\\\/tragento.com\\\/\",\"name\":\"Tragento\",\"description\":\"Your Trusted Travel Partner\",\"publisher\":{\"@id\":\"https:\\\/\\\/tragento.com\\\/#organization\"},\"potentialAction\":[{\"@type\":\"SearchAction\",\"target\":{\"@type\":\"EntryPoint\",\"urlTemplate\":\"https:\\\/\\\/tragento.com\\\/?s={search_term_string}\"},\"query-input\":{\"@type\":\"PropertyValueSpecification\",\"valueRequired\":true,\"valueName\":\"search_term_string\"}}],\"inLanguage\":\"en-GB\"},{\"@type\":\"Organization\",\"@id\":\"https:\\\/\\\/tragento.com\\\/#organization\",\"name\":\"Tragento\",\"url\":\"https:\\\/\\\/tragento.com\\\/\",\"logo\":{\"@type\":\"ImageObject\",\"inLanguage\":\"en-GB\",\"@id\":\"https:\\\/\\\/tragento.com\\\/#\\\/schema\\\/logo\\\/image\\\/\",\"url\":\"https:\\\/\\\/tragento.com\\\/wp-content\\\/uploads\\\/2026\\\/08\\\/Wordpress-Transparent.png\",\"contentUrl\":\"https:\\\/\\\/tragento.com\\\/wp-content\\\/uploads\\\/2026\\\/08\\\/Wordpress-Transparent.png\",\"width\":512,\"height\":512,\"caption\":\"Tragento\"},\"image\":{\"@id\":\"https:\\\/\\\/tragento.com\\\/#\\\/schema\\\/logo\\\/image\\\/\"},\"sameAs\":[\"https:\\\/\\\/www.facebook.com\\\/profile.php?id=61567461024345\"],\"email\":\"info@tragento.com\",\"vatID\":\"HR80113219655\"},{\"@type\":\"Person\",\"@id\":\"https:\\\/\\\/tragento.com\\\/#\\\/schema\\\/person\\\/90a4711289a0230e41987dc84e2a8f1f\",\"name\":\"stipan.spaija\",\"image\":{\"@type\":\"ImageObject\",\"inLanguage\":\"en-GB\",\"@id\":\"https:\\\/\\\/secure.gravatar.com\\\/avatar\\\/46ef65dabb1d8437d028b65b563fda6f57826810ab502a7f951be82634843f60?s=96&d=mm&r=g\",\"url\":\"https:\\\/\\\/secure.gravatar.com\\\/avatar\\\/46ef65dabb1d8437d028b65b563fda6f57826810ab502a7f951be82634843f60?s=96&d=mm&r=g\",\"contentUrl\":\"https:\\\/\\\/secure.gravatar.com\\\/avatar\\\/46ef65dabb1d8437d028b65b563fda6f57826810ab502a7f951be82634843f60?s=96&d=mm&r=g\",\"caption\":\"stipan.spaija\"},\"birthDate\":\"1978-03-22\",\"gender\":\"Male\",\"knowsLanguage\":[\"Croatian\",\"English\"],\"url\":\"https:\\\/\\\/tragento.com\\\/en\\\/author\\\/stipan-spaija\\\/\"}]}<\/script>\n<!-- \/ Yoast SEO Premium plugin. -->","yoast_head_json":{"title":"Luka Modri\u0107 and John Malkovich promote Croatia - Tragento","description":"The Croatian National Tourist Board is releasing a new film featuring Luka Modri\u0107 and John Malkovich that showcases the Sea Organ.","robots":{"index":"index","follow":"follow","max-snippet":"max-snippet:-1","max-image-preview":"max-image-preview:large","max-video-preview":"max-video-preview:-1"},"canonical":"https:\/\/tragento.com\/en\/luka-modric-and-john-malkovich-in-a-new-promotional-advert-for-croatian-tourism\/","og_locale":"en_GB","og_type":"article","og_title":"Luka Modri\u0107 i John Malkovich u novom promotivnom adutu hrvatskog turizma","og_description":"Hrvatska turisti\u010dka zajednica donosi novi film s Lukom Modri\u0107em i Johnom Malkovichom koji otkriva Morske orgulje.","og_url":"https:\/\/tragento.com\/en\/luka-modric-and-john-malkovich-in-a-new-promotional-advert-for-croatian-tourism\/","og_site_name":"Tragento","article_publisher":"https:\/\/www.facebook.com\/profile.php?id=61567461024345","article_published_time":"2026-07-06T10:40:52+00:00","og_image":[{"width":1280,"height":720,"url":"https:\/\/tragento.com\/wp-content\/uploads\/2026\/07\/HTZ_2026_Image_Youtube_thumbnail_LukaJohn2_1280x720.jpg","type":"image\/jpeg"}],"author":"stipan.spaija","twitter_card":"summary_large_image","twitter_misc":{"Written by":"stipan.spaija","Estimated reading time":"2 minutes"},"schema":{"@context":"https:\/\/schema.org","@graph":[{"@type":"Article","@id":"https:\/\/tragento.com\/luka-modric-i-john-malkovich-u-novom-promotivnom-adutu-hrvatskog-turizma\/#article","isPartOf":{"@id":"https:\/\/tragento.com\/luka-modric-i-john-malkovich-u-novom-promotivnom-adutu-hrvatskog-turizma\/"},"author":{"name":"stipan.spaija","@id":"https:\/\/tragento.com\/#\/schema\/person\/90a4711289a0230e41987dc84e2a8f1f"},"headline":"Luka Modri\u0107 i John Malkovich u novom promotivnom adutu hrvatskog turizma","datePublished":"2026-07-06T10:40:52+00:00","mainEntityOfPage":{"@id":"https:\/\/tragento.com\/luka-modric-i-john-malkovich-u-novom-promotivnom-adutu-hrvatskog-turizma\/"},"wordCount":204,"commentCount":0,"publisher":{"@id":"https:\/\/tragento.com\/#organization"},"image":{"@id":"https:\/\/tragento.com\/luka-modric-i-john-malkovich-u-novom-promotivnom-adutu-hrvatskog-turizma\/#primaryimage"},"thumbnailUrl":"https:\/\/tragento.com\/wp-content\/uploads\/2026\/07\/HTZ_2026_Image_Youtube_thumbnail_LukaJohn2_1280x720.jpg","keywords":["destinacije","Hrvatska","htz"],"articleSection":["DMC","EXPORT-LATEST","Osvrti, Analize &amp; Intervjui","Turisti\u010dka industrija","Turisti\u010dke pri\u010de"],"inLanguage":"en-GB"},{"@type":"WebPage","@id":"https:\/\/tragento.com\/luka-modric-i-john-malkovich-u-novom-promotivnom-adutu-hrvatskog-turizma\/","url":"https:\/\/tragento.com\/luka-modric-i-john-malkovich-u-novom-promotivnom-adutu-hrvatskog-turizma\/","name":"Luka Modri\u0107 and John Malkovich promote Croatia - Tragento","isPartOf":{"@id":"https:\/\/tragento.com\/#website"},"primaryImageOfPage":{"@id":"https:\/\/tragento.com\/luka-modric-i-john-malkovich-u-novom-promotivnom-adutu-hrvatskog-turizma\/#primaryimage"},"image":{"@id":"https:\/\/tragento.com\/luka-modric-i-john-malkovich-u-novom-promotivnom-adutu-hrvatskog-turizma\/#primaryimage"},"thumbnailUrl":"https:\/\/tragento.com\/wp-content\/uploads\/2026\/07\/HTZ_2026_Image_Youtube_thumbnail_LukaJohn2_1280x720.jpg","datePublished":"2026-07-06T10:40:52+00:00","description":"The Croatian National Tourist Board is releasing a new film featuring Luka Modri\u0107 and John Malkovich that showcases the Sea Organ.","breadcrumb":{"@id":"https:\/\/tragento.com\/luka-modric-i-john-malkovich-u-novom-promotivnom-adutu-hrvatskog-turizma\/#breadcrumb"},"inLanguage":"en-GB","potentialAction":[{"@type":"ReadAction","target":["https:\/\/tragento.com\/luka-modric-i-john-malkovich-u-novom-promotivnom-adutu-hrvatskog-turizma\/"]}]},{"@type":"ImageObject","inLanguage":"en-GB","@id":"https:\/\/tragento.com\/luka-modric-i-john-malkovich-u-novom-promotivnom-adutu-hrvatskog-turizma\/#primaryimage","url":"https:\/\/tragento.com\/wp-content\/uploads\/2026\/07\/HTZ_2026_Image_Youtube_thumbnail_LukaJohn2_1280x720.jpg","contentUrl":"https:\/\/tragento.com\/wp-content\/uploads\/2026\/07\/HTZ_2026_Image_Youtube_thumbnail_LukaJohn2_1280x720.jpg","width":1280,"height":720,"caption":"Photo HTZ"},{"@type":"BreadcrumbList","@id":"https:\/\/tragento.com\/luka-modric-i-john-malkovich-u-novom-promotivnom-adutu-hrvatskog-turizma\/#breadcrumb","itemListElement":[{"@type":"ListItem","position":1,"name":"Home","item":"https:\/\/tragento.com\/"},{"@type":"ListItem","position":2,"name":"Luka Modri\u0107 i John Malkovich u novom promotivnom adutu hrvatskog turizma"}]},{"@type":"WebSite","@id":"https:\/\/tragento.com\/#website","url":"https:\/\/tragento.com\/","name":"Tragento","description":"Your Trusted Travel Partner","publisher":{"@id":"https:\/\/tragento.com\/#organization"},"potentialAction":[{"@type":"SearchAction","target":{"@type":"EntryPoint","urlTemplate":"https:\/\/tragento.com\/?s={search_term_string}"},"query-input":{"@type":"PropertyValueSpecification","valueRequired":true,"valueName":"search_term_string"}}],"inLanguage":"en-GB"},{"@type":"Organization","@id":"https:\/\/tragento.com\/#organization","name":"Tragento","url":"https:\/\/tragento.com\/","logo":{"@type":"ImageObject","inLanguage":"en-GB","@id":"https:\/\/tragento.com\/#\/schema\/logo\/image\/","url":"https:\/\/tragento.com\/wp-content\/uploads\/2026\/08\/Wordpress-Transparent.png","contentUrl":"https:\/\/tragento.com\/wp-content\/uploads\/2026\/08\/Wordpress-Transparent.png","width":512,"height":512,"caption":"Tragento"},"image":{"@id":"https:\/\/tragento.com\/#\/schema\/logo\/image\/"},"sameAs":["https:\/\/www.facebook.com\/profile.php?id=61567461024345"],"email":"info@tragento.com","vatID":"HR80113219655"},{"@type":"Person","@id":"https:\/\/tragento.com\/#\/schema\/person\/90a4711289a0230e41987dc84e2a8f1f","name":"Stipan Spaija","image":{"@type":"ImageObject","inLanguage":"en-GB","@id":"https:\/\/secure.gravatar.com\/avatar\/46ef65dabb1d8437d028b65b563fda6f57826810ab502a7f951be82634843f60?s=96&d=mm&r=g","url":"https:\/\/secure.gravatar.com\/avatar\/46ef65dabb1d8437d028b65b563fda6f57826810ab502a7f951be82634843f60?s=96&d=mm&r=g","contentUrl":"https:\/\/secure.gravatar.com\/avatar\/46ef65dabb1d8437d028b65b563fda6f57826810ab502a7f951be82634843f60?s=96&d=mm&r=g","caption":"stipan.spaija"},"birthDate":"1978-03-22","gender":"Male","knowsLanguage":["Croatian","English"],"url":"https:\/\/tragento.com\/en\/author\/stipan-spaija\/"}]}},"tragento_display_category":{"id":157,"name":"DMC","slug":"dmc","link":"https:\/\/tragento.com\/en\/category\/dmc\/"},"_links":{"self":[{"href":"https:\/\/tragento.com\/en\/wp-json\/wp\/v2\/posts\/11692","targetHints":{"allow":["GET"]}}],"collection":[{"href":"https:\/\/tragento.com\/en\/wp-json\/wp\/v2\/posts"}],"about":[{"href":"https:\/\/tragento.com\/en\/wp-json\/wp\/v2\/types\/post"}],"author":[{"embeddable":true,"href":"https:\/\/tragento.com\/en\/wp-json\/wp\/v2\/users\/2"}],"replies":[{"embeddable":true,"href":"https:\/\/tragento.com\/en\/wp-json\/wp\/v2\/comments?post=11692"}],"version-history":[{"count":0,"href":"https:\/\/tragento.com\/en\/wp-json\/wp\/v2\/posts\/11692\/revisions"}],"wp:featuredmedia":[{"embeddable":true,"href":"https:\/\/tragento.com\/en\/wp-json\/wp\/v2\/media\/11726"}],"wp:attachment":[{"href":"https:\/\/tragento.com\/en\/wp-json\/wp\/v2\/media?parent=11692"}],"wp:term":[{"taxonomy":"category","embeddable":true,"href":"https:\/\/tragento.com\/en\/wp-json\/wp\/v2\/categories?post=11692"},{"taxonomy":"post_tag","embeddable":true,"href":"https:\/\/tragento.com\/en\/wp-json\/wp\/v2\/tags?post=11692"}],"curies":[{"name":"wp","href":"https:\/\/api.w.org\/{rel}","templated":true}]}}