{"id":8852,"date":"2026-04-02T20:21:30","date_gmt":"2026-04-02T18:21:30","guid":{"rendered":"https:\/\/tragento.com\/?p=8852"},"modified":"2026-04-02T20:21:30","modified_gmt":"2026-04-02T18:21:30","slug":"studie-nr-1-in-europa-der-radtourismus-hat-sich-zu-einem-wichtigen-instrument-fur-den-ganzjahrigen-tourismus-entwickelt","status":"publish","type":"post","link":"https:\/\/tragento.com\/de\/istra-broj-1-u-europi-cikloturizam-postao-kljucni-alat-za-cjelogodisnji-turizam\/","title":{"rendered":"Istrien ist die Nummer 1 in Europa: Der Radtourismus hat sich zu einem wichtigen Faktor f\u00fcr den ganzj\u00e4hrigen Tourismus entwickelt."},"content":{"rendered":"<p class=\"is-style-info wp-block-paragraph\">Der Global Cycle Tourism Index hat best\u00e4tigt, was der Markt bereits angedeutet hat: Istrien ist mittlerweile europaweit f\u00fchrend im Radtourismus und wird immer weniger von der Saison abh\u00e4ngig.<\/p>\n\n\n\n<p class=\"wp-block-paragraph\"><a href=\"https:\/\/tragento.com\/de\/istrazivanje-otkriva-putne-navike-austrijskih-obitelji\/\" type=\"post\" id=\"6121\">Istra hat einen Durchbruch erzielt.<\/a> das \u00fcber die klassischen Tourismusauszeichnungen hinausgeht. Auf der \u201eFiera del Cicloturismo\u201c in Padua wurden die Ergebnisse des Global Cycle Tourism Index (CTI) vorgestellt, wonach genau diese Region zum besten Radtourismus-Reiseziel Europas f\u00fcr das Jahr 2025 gek\u00fcrt wurde.<\/p>\n\n\n\n<p class=\"wp-block-paragraph\">Es handelt sich um eine Studie von Komoot und Bikenomist, die auf Daten von \u00fcber 50 Millionen Nutzern basiert. Eine solche Stichprobe liefert realistische Einblicke in das Verhalten und die Vorlieben von Radtouristen, wodurch diese Publikation f\u00fcr alle relevant ist, die an der Entwicklung und dem Vertrieb von Tourismusprodukten beteiligt sind.<\/p>\n\n\n\n<p class=\"wp-block-paragraph\">Mit insgesamt 71,12 Punkten, <a href=\"https:\/\/tragento.com\/de\/kategorie\/reiseziele\/\" type=\"category\" id=\"1\">Istrien hat sich vor etablierten Reisezielen wie den spanischen Balearen an die Spitze gesetzt.<\/a>, und festigt damit seinen Status als eine der wettbewerbsf\u00e4higsten Outdoor-Regionen Europas.<\/p>\n\n\n\n<h3 class=\"wp-block-heading\" id=\"h-cikloturizam-u-istri-vise-nije-sezonski-proizvod\"><strong>Der Radtourismus in Istrien ist l\u00e4ngst kein saisonales Angebot mehr.<\/strong><\/h3>\n\n\n\n<p class=\"wp-block-paragraph\">Eine der wichtigsten Erkenntnisse dieser Studie betrifft die saisonalen Schwankungen. Istra wurde zwar zum \u201eK\u00f6nig des Sommers\u201c gek\u00fcrt, doch noch wichtiger ist, dass es das ganze Jahr \u00fcber hohe Platzierungen beibeh\u00e4lt.<\/p>\n\n\n\n<p class=\"wp-block-paragraph\">Im Fr\u00fchjahr und Herbst liegt es knapp hinter den Balearen, w\u00e4hrend es im Winter den dritten Platz in Europa belegt hat. F\u00fcr ein Reiseziel ohne tropisches Klima deutet ein solches Ergebnis auf etwas anderes hin \u2013 <a href=\"https:\/\/tragento.com\/de\/hrvatska-trijumfirala-na-wanderlust-reader-travel-awards-sa-sest-nagrada\/\" type=\"post\" id=\"7016\">Ein ausgereiftes Produkt, das saisonunabh\u00e4ngig funktioniert.<\/a>.<\/p>\n\n\n\n<p class=\"wp-block-paragraph\">F\u00fcr Reiseb\u00fcros und DMCs bedeutet dies eine stabilere Nachfrage und die M\u00f6glichkeit, Angebote auch au\u00dferhalb der Hochsaisonmonate zu entwickeln. Gerade in dieser Hinsicht entwickelt sich der Radtourismus zu einem der wichtigsten Instrumente zur Saisonverl\u00e4ngerung.<\/p>\n\n\n\n<h3 class=\"wp-block-heading\" id=\"h-infrastruktura-sigurnost-i-usluga-kao-temelj-konkurentnosti\"><strong>Infrastruktur, Sicherheit und Service als Grundlage der Wettbewerbsf\u00e4higkeit<\/strong><\/h3>\n\n\n\n<p class=\"wp-block-paragraph\">Der CTI-Index basiert auf vier Kriterien: Beliebtheit des Reiseziels, Qualit\u00e4t der Routen und Dichte des Netzes, Sicherheit sowie das Angebot an fahrradfreundlichen Dienstleistungen. Istrien schneidet in allen Kategorien sehr gut ab, was auf eine langfristige und koordinierte Entwicklung hindeutet.<\/p>\n\n\n\n<p class=\"wp-block-paragraph\">In der Praxis umfasst dies gut gepflegte und deutlich ausgeschilderte Routen mit unterschiedlichen Schwierigkeitsgraden, spezielle Unterk\u00fcnfte wie \u201eBed &amp; Bike\u201c-Einrichtungen sowie zus\u00e4tzliche Infrastruktur \u2013 darunter ein Netz von E-Bike-Ladestationen und logistische Unterst\u00fctzung f\u00fcr Radfahrer.<\/p>\n\n\n\n<p class=\"wp-block-paragraph\">Ein solches System entsteht nicht von selbst. Es ist das Ergebnis kontinuierlicher Investitionen und der Zusammenarbeit zwischen dem \u00f6ffentlichen und dem privaten Sektor, was sich nun in internationaler Anerkennung widerspiegelt.<\/p>\n\n\n\n<h3 class=\"wp-block-heading\" id=\"h-istra-kao-predvodnik-sireg-pozicioniranja-hrvatske\"><strong>Istrien als Vorreiter bei der breiteren Positionierung Kroatiens<\/strong><\/h3>\n\n\n\n<p class=\"wp-block-paragraph\">Was die Bedeutung dieses Ergebnisses noch unterstreicht, ist die Tatsache, dass sich Kroatien zunehmend zu einer bedeutenden Region f\u00fcr den Radtourismus entwickelt. Neben Istrien haben es mehrere andere Landkreise an der Adria unter die Top Ten der europ\u00e4ischen Reiseziele geschafft, wodurch sich die gesamte K\u00fcste als fahrradfreundliche Region etabliert hat.<\/p>\n\n\n\n<p class=\"wp-block-paragraph\">F\u00fcr die Branche er\u00f6ffnet dies die M\u00f6glichkeit, verschiedene Regionen zu einem einzigen Produkt zu verkn\u00fcpfen. Anstelle einzelner Reiseziele kann Kroatien zunehmend als integrierte Radtourismusroute vermarktet werden, was f\u00fcr internationale Reiseveranstalter besonders attraktiv ist.<\/p>\n\n\n\n<h3 class=\"wp-block-heading\" id=\"h-dogadaji-dodatno-ucvrscuju-trzisnu-poziciju\"><strong>Diese Ereignisse st\u00e4rken die Marktposition weiter.<\/strong><\/h3>\n\n\n\n<p class=\"wp-block-paragraph\">Die Positionierung Istriens wird zudem durch einen umfangreichen Veranstaltungskalender gest\u00fctzt. Der UCI Istria Gran Fondo, die Eroica Istria \u2013 Truffle Tour, das Cro Race, der Istria 300 und der Ironman 70.3 ziehen bereits ein spezifisches G\u00e4steprofil an und steigern die Bekanntheit der Destination in wichtigen M\u00e4rkten.<\/p>\n\n\n\n<p class=\"wp-block-paragraph\">Solche Veranstaltungen sorgen nicht nur f\u00fcr kurzfristige Einnahmen, sondern st\u00e4rken auch langfristig den Ruf des Reiseziels als ernstzunehmender Akteur im Sport- und Outdoor-Tourismus.<\/p>\n\n\n\n<p class=\"wp-block-paragraph\">Istrien best\u00e4tigt mit diesem Ergebnis nicht nur die Qualit\u00e4t seines bestehenden Angebots, sondern auch die Richtung seiner Entwicklung. Der Radtourismus erweist sich als eines der wenigen Segmente, das gleichzeitig <a href=\"https:\/\/tragento.com\/de\/kategorie\/aktivitaten\/\" type=\"category\" id=\"48\">den Wert des Reiseziels steigert und die Abh\u00e4ngigkeit von der Saison verringert <\/a>\u2013 was ihm eine strategische Bedeutung f\u00fcr die gesamte Branche verleiht.<\/p>","protected":false},"excerpt":{"rendered":"<p>Global Cycle Tourism Index potvrdio je ono \u0161to tr\u017ei\u0161te ve\u0107 sugerira \u2013 Istra danas predvodi Europu u bike turizmu i sve manje ovisi o sezoni Istra je napravila iskorak koji nadilazi klasi\u010dne turisti\u010dke nagrade. Na sajmu Fiera del Cicloturismo u Padovi predstavljeni su rezultati Global&#8230;<\/p>","protected":false},"author":2,"featured_media":8853,"comment_status":"open","ping_status":"open","sticky":false,"template":"","format":"standard","meta":{"_tragento_display_category":0,"footnotes":""},"categories":[163,191,139],"tags":[343,179,217],"class_list":["post-8852","post","type-post","status-publish","format-standard","has-post-thumbnail","hentry","category-aktivnosti","category-destinacije","category-europa","tag-aktivnosti","tag-destinacije","tag-hrvatska"],"yoast_head":"<!-- This site is optimized with the Yoast SEO Premium plugin v28.4 (Yoast SEO v28.4) - https:\/\/yoast.com\/product\/yoast-seo-premium-wordpress\/ -->\n<title>Najbolja cikloturisti\u010dka destinacija Europa za 2025 - Tragento<\/title>\n<meta name=\"description\" content=\"Istra je najbolja cikloturisti\u010dka destinacija Europa za 2025. godinu. Otkrijte \u0161to je \u010dini posebnom za bicikliste.\" \/>\n<meta name=\"robots\" content=\"index, follow, max-snippet:-1, max-image-preview:large, max-video-preview:-1\" \/>\n<link rel=\"canonical\" href=\"https:\/\/tragento.com\/de\/studie-nr-1-in-europa-der-radtourismus-hat-sich-zu-einem-wichtigen-instrument-fur-den-ganzjahrigen-tourismus-entwickelt\/\" \/>\n<meta property=\"og:locale\" content=\"de_DE\" \/>\n<meta property=\"og:type\" content=\"article\" \/>\n<meta property=\"og:title\" content=\"Istra broj 1 u Europi: cikloturizam postao klju\u010dni alat za cjelogodi\u0161nji turizam\" \/>\n<meta property=\"og:description\" content=\"Istra je najbolja cikloturisti\u010dka destinacija Europa za 2025. godinu. Otkrijte \u0161to je \u010dini posebnom za bicikliste.\" \/>\n<meta property=\"og:url\" content=\"https:\/\/tragento.com\/de\/studie-nr-1-in-europa-der-radtourismus-hat-sich-zu-einem-wichtigen-instrument-fur-den-ganzjahrigen-tourismus-entwickelt\/\" \/>\n<meta property=\"og:site_name\" content=\"Tragento\" \/>\n<meta property=\"article:publisher\" content=\"https:\/\/www.facebook.com\/profile.php?id=61567461024345\" \/>\n<meta property=\"article:published_time\" content=\"2026-04-02T18:21:30+00:00\" \/>\n<meta property=\"og:image\" content=\"https:\/\/tragento.com\/wp-content\/uploads\/2026\/04\/tony-pham-K2xGNNcQn_w-unsplash-scaled-1.jpg\" \/>\n\t<meta property=\"og:image:width\" content=\"2560\" \/>\n\t<meta property=\"og:image:height\" content=\"1920\" \/>\n\t<meta property=\"og:image:type\" content=\"image\/jpeg\" \/>\n<meta name=\"author\" content=\"stipan.spaija\" \/>\n<meta name=\"twitter:card\" content=\"summary_large_image\" \/>\n<meta name=\"twitter:label1\" content=\"Verfasst von\" \/>\n\t<meta name=\"twitter:data1\" content=\"stipan.spaija\" \/>\n\t<meta name=\"twitter:label2\" content=\"Gesch\u00e4tzte Lesezeit\" \/>\n\t<meta name=\"twitter:data2\" content=\"3\u00a0Minuten\" \/>\n<script type=\"application\/ld+json\" class=\"yoast-schema-graph\">{\"@context\":\"https:\\\/\\\/schema.org\",\"@graph\":[{\"@type\":\"Article\",\"@id\":\"https:\\\/\\\/tragento.com\\\/istra-broj-1-u-europi-cikloturizam-postao-kljucni-alat-za-cjelogodisnji-turizam\\\/#article\",\"isPartOf\":{\"@id\":\"https:\\\/\\\/tragento.com\\\/istra-broj-1-u-europi-cikloturizam-postao-kljucni-alat-za-cjelogodisnji-turizam\\\/\"},\"author\":{\"name\":\"stipan.spaija\",\"@id\":\"https:\\\/\\\/tragento.com\\\/#\\\/schema\\\/person\\\/90a4711289a0230e41987dc84e2a8f1f\"},\"headline\":\"Istra broj 1 u Europi: cikloturizam postao klju\u010dni alat za cjelogodi\u0161nji turizam\",\"datePublished\":\"2026-04-02T18:21:30+00:00\",\"mainEntityOfPage\":{\"@id\":\"https:\\\/\\\/tragento.com\\\/istra-broj-1-u-europi-cikloturizam-postao-kljucni-alat-za-cjelogodisnji-turizam\\\/\"},\"wordCount\":578,\"commentCount\":0,\"publisher\":{\"@id\":\"https:\\\/\\\/tragento.com\\\/#organization\"},\"image\":{\"@id\":\"https:\\\/\\\/tragento.com\\\/istra-broj-1-u-europi-cikloturizam-postao-kljucni-alat-za-cjelogodisnji-turizam\\\/#primaryimage\"},\"thumbnailUrl\":\"https:\\\/\\\/tragento.com\\\/wp-content\\\/uploads\\\/2026\\\/04\\\/tony-pham-K2xGNNcQn_w-unsplash-scaled-1.jpg\",\"keywords\":[\"aktivnosti\",\"destinacije\",\"Hrvatska\"],\"articleSection\":[\"Aktivnosti\",\"Destinacije\",\"Europa\"],\"inLanguage\":\"de\"},{\"@type\":\"WebPage\",\"@id\":\"https:\\\/\\\/tragento.com\\\/istra-broj-1-u-europi-cikloturizam-postao-kljucni-alat-za-cjelogodisnji-turizam\\\/\",\"url\":\"https:\\\/\\\/tragento.com\\\/istra-broj-1-u-europi-cikloturizam-postao-kljucni-alat-za-cjelogodisnji-turizam\\\/\",\"name\":\"Najbolja cikloturisti\u010dka destinacija Europa za 2025 - Tragento\",\"isPartOf\":{\"@id\":\"https:\\\/\\\/tragento.com\\\/#website\"},\"primaryImageOfPage\":{\"@id\":\"https:\\\/\\\/tragento.com\\\/istra-broj-1-u-europi-cikloturizam-postao-kljucni-alat-za-cjelogodisnji-turizam\\\/#primaryimage\"},\"image\":{\"@id\":\"https:\\\/\\\/tragento.com\\\/istra-broj-1-u-europi-cikloturizam-postao-kljucni-alat-za-cjelogodisnji-turizam\\\/#primaryimage\"},\"thumbnailUrl\":\"https:\\\/\\\/tragento.com\\\/wp-content\\\/uploads\\\/2026\\\/04\\\/tony-pham-K2xGNNcQn_w-unsplash-scaled-1.jpg\",\"datePublished\":\"2026-04-02T18:21:30+00:00\",\"description\":\"Istra je najbolja cikloturisti\u010dka destinacija Europa za 2025. godinu. Otkrijte \u0161to je \u010dini posebnom za bicikliste.\",\"breadcrumb\":{\"@id\":\"https:\\\/\\\/tragento.com\\\/istra-broj-1-u-europi-cikloturizam-postao-kljucni-alat-za-cjelogodisnji-turizam\\\/#breadcrumb\"},\"inLanguage\":\"de\",\"potentialAction\":[{\"@type\":\"ReadAction\",\"target\":[\"https:\\\/\\\/tragento.com\\\/istra-broj-1-u-europi-cikloturizam-postao-kljucni-alat-za-cjelogodisnji-turizam\\\/\"]}]},{\"@type\":\"ImageObject\",\"inLanguage\":\"de\",\"@id\":\"https:\\\/\\\/tragento.com\\\/istra-broj-1-u-europi-cikloturizam-postao-kljucni-alat-za-cjelogodisnji-turizam\\\/#primaryimage\",\"url\":\"https:\\\/\\\/tragento.com\\\/wp-content\\\/uploads\\\/2026\\\/04\\\/tony-pham-K2xGNNcQn_w-unsplash-scaled-1.jpg\",\"contentUrl\":\"https:\\\/\\\/tragento.com\\\/wp-content\\\/uploads\\\/2026\\\/04\\\/tony-pham-K2xGNNcQn_w-unsplash-scaled-1.jpg\",\"width\":2560,\"height\":1920,\"caption\":\"Photo by Tony Pham on Unsplash\"},{\"@type\":\"BreadcrumbList\",\"@id\":\"https:\\\/\\\/tragento.com\\\/istra-broj-1-u-europi-cikloturizam-postao-kljucni-alat-za-cjelogodisnji-turizam\\\/#breadcrumb\",\"itemListElement\":[{\"@type\":\"ListItem\",\"position\":1,\"name\":\"Home\",\"item\":\"https:\\\/\\\/tragento.com\\\/\"},{\"@type\":\"ListItem\",\"position\":2,\"name\":\"Istra broj 1 u Europi: cikloturizam postao klju\u010dni alat za cjelogodi\u0161nji turizam\"}]},{\"@type\":\"WebSite\",\"@id\":\"https:\\\/\\\/tragento.com\\\/#website\",\"url\":\"https:\\\/\\\/tragento.com\\\/\",\"name\":\"Tragento\",\"description\":\"Your Trusted Travel Partner\",\"publisher\":{\"@id\":\"https:\\\/\\\/tragento.com\\\/#organization\"},\"potentialAction\":[{\"@type\":\"SearchAction\",\"target\":{\"@type\":\"EntryPoint\",\"urlTemplate\":\"https:\\\/\\\/tragento.com\\\/?s={search_term_string}\"},\"query-input\":{\"@type\":\"PropertyValueSpecification\",\"valueRequired\":true,\"valueName\":\"search_term_string\"}}],\"inLanguage\":\"de\"},{\"@type\":\"Organization\",\"@id\":\"https:\\\/\\\/tragento.com\\\/#organization\",\"name\":\"Tragento\",\"url\":\"https:\\\/\\\/tragento.com\\\/\",\"logo\":{\"@type\":\"ImageObject\",\"inLanguage\":\"de\",\"@id\":\"https:\\\/\\\/tragento.com\\\/#\\\/schema\\\/logo\\\/image\\\/\",\"url\":\"https:\\\/\\\/tragento.com\\\/wp-content\\\/uploads\\\/2026\\\/08\\\/Wordpress-Transparent.png\",\"contentUrl\":\"https:\\\/\\\/tragento.com\\\/wp-content\\\/uploads\\\/2026\\\/08\\\/Wordpress-Transparent.png\",\"width\":512,\"height\":512,\"caption\":\"Tragento\"},\"image\":{\"@id\":\"https:\\\/\\\/tragento.com\\\/#\\\/schema\\\/logo\\\/image\\\/\"},\"sameAs\":[\"https:\\\/\\\/www.facebook.com\\\/profile.php?id=61567461024345\"],\"email\":\"info@tragento.com\",\"vatID\":\"HR80113219655\"},{\"@type\":\"Person\",\"@id\":\"https:\\\/\\\/tragento.com\\\/#\\\/schema\\\/person\\\/90a4711289a0230e41987dc84e2a8f1f\",\"name\":\"stipan.spaija\",\"image\":{\"@type\":\"ImageObject\",\"inLanguage\":\"de\",\"@id\":\"https:\\\/\\\/secure.gravatar.com\\\/avatar\\\/46ef65dabb1d8437d028b65b563fda6f57826810ab502a7f951be82634843f60?s=96&d=mm&r=g\",\"url\":\"https:\\\/\\\/secure.gravatar.com\\\/avatar\\\/46ef65dabb1d8437d028b65b563fda6f57826810ab502a7f951be82634843f60?s=96&d=mm&r=g\",\"contentUrl\":\"https:\\\/\\\/secure.gravatar.com\\\/avatar\\\/46ef65dabb1d8437d028b65b563fda6f57826810ab502a7f951be82634843f60?s=96&d=mm&r=g\",\"caption\":\"stipan.spaija\"},\"birthDate\":\"1978-03-22\",\"gender\":\"Male\",\"knowsLanguage\":[\"Croatian\",\"English\"],\"url\":\"https:\\\/\\\/tragento.com\\\/de\\\/author\\\/stipan-spaija\\\/\"}]}<\/script>\n<!-- \/ Yoast SEO Premium plugin. -->","yoast_head_json":{"title":"Beste europ\u00e4ische Radreiseziel f\u00fcr 2025 \u2013 Tragento","description":"Istrien ist das beste Radreiseziel Europas f\u00fcr das Jahr 2025. Entdecken Sie, was es f\u00fcr Radfahrer so besonders macht.","robots":{"index":"index","follow":"follow","max-snippet":"max-snippet:-1","max-image-preview":"max-image-preview:large","max-video-preview":"max-video-preview:-1"},"canonical":"https:\/\/tragento.com\/de\/studie-nr-1-in-europa-der-radtourismus-hat-sich-zu-einem-wichtigen-instrument-fur-den-ganzjahrigen-tourismus-entwickelt\/","og_locale":"de_DE","og_type":"article","og_title":"Istra broj 1 u Europi: cikloturizam postao klju\u010dni alat za cjelogodi\u0161nji turizam","og_description":"Istra je najbolja cikloturisti\u010dka destinacija Europa za 2025. godinu. Otkrijte \u0161to je \u010dini posebnom za bicikliste.","og_url":"https:\/\/tragento.com\/de\/studie-nr-1-in-europa-der-radtourismus-hat-sich-zu-einem-wichtigen-instrument-fur-den-ganzjahrigen-tourismus-entwickelt\/","og_site_name":"Tragento","article_publisher":"https:\/\/www.facebook.com\/profile.php?id=61567461024345","article_published_time":"2026-04-02T18:21:30+00:00","og_image":[{"width":2560,"height":1920,"url":"https:\/\/tragento.com\/wp-content\/uploads\/2026\/04\/tony-pham-K2xGNNcQn_w-unsplash-scaled-1.jpg","type":"image\/jpeg"}],"author":"stipan.spaija","twitter_card":"summary_large_image","twitter_misc":{"Verfasst von":"stipan.spaija","Gesch\u00e4tzte Lesezeit":"3\u00a0Minuten"},"schema":{"@context":"https:\/\/schema.org","@graph":[{"@type":"Article","@id":"https:\/\/tragento.com\/istra-broj-1-u-europi-cikloturizam-postao-kljucni-alat-za-cjelogodisnji-turizam\/#article","isPartOf":{"@id":"https:\/\/tragento.com\/istra-broj-1-u-europi-cikloturizam-postao-kljucni-alat-za-cjelogodisnji-turizam\/"},"author":{"name":"stipan.spaija","@id":"https:\/\/tragento.com\/#\/schema\/person\/90a4711289a0230e41987dc84e2a8f1f"},"headline":"Istra broj 1 u Europi: cikloturizam postao klju\u010dni alat za cjelogodi\u0161nji turizam","datePublished":"2026-04-02T18:21:30+00:00","mainEntityOfPage":{"@id":"https:\/\/tragento.com\/istra-broj-1-u-europi-cikloturizam-postao-kljucni-alat-za-cjelogodisnji-turizam\/"},"wordCount":578,"commentCount":0,"publisher":{"@id":"https:\/\/tragento.com\/#organization"},"image":{"@id":"https:\/\/tragento.com\/istra-broj-1-u-europi-cikloturizam-postao-kljucni-alat-za-cjelogodisnji-turizam\/#primaryimage"},"thumbnailUrl":"https:\/\/tragento.com\/wp-content\/uploads\/2026\/04\/tony-pham-K2xGNNcQn_w-unsplash-scaled-1.jpg","keywords":["aktivnosti","destinacije","Hrvatska"],"articleSection":["Aktivnosti","Destinacije","Europa"],"inLanguage":"de"},{"@type":"WebPage","@id":"https:\/\/tragento.com\/istra-broj-1-u-europi-cikloturizam-postao-kljucni-alat-za-cjelogodisnji-turizam\/","url":"https:\/\/tragento.com\/istra-broj-1-u-europi-cikloturizam-postao-kljucni-alat-za-cjelogodisnji-turizam\/","name":"Beste europ\u00e4ische Radreiseziel f\u00fcr 2025 \u2013 Tragento","isPartOf":{"@id":"https:\/\/tragento.com\/#website"},"primaryImageOfPage":{"@id":"https:\/\/tragento.com\/istra-broj-1-u-europi-cikloturizam-postao-kljucni-alat-za-cjelogodisnji-turizam\/#primaryimage"},"image":{"@id":"https:\/\/tragento.com\/istra-broj-1-u-europi-cikloturizam-postao-kljucni-alat-za-cjelogodisnji-turizam\/#primaryimage"},"thumbnailUrl":"https:\/\/tragento.com\/wp-content\/uploads\/2026\/04\/tony-pham-K2xGNNcQn_w-unsplash-scaled-1.jpg","datePublished":"2026-04-02T18:21:30+00:00","description":"Istrien ist das beste Radreiseziel Europas f\u00fcr das Jahr 2025. Entdecken Sie, was es f\u00fcr Radfahrer so besonders macht.","breadcrumb":{"@id":"https:\/\/tragento.com\/istra-broj-1-u-europi-cikloturizam-postao-kljucni-alat-za-cjelogodisnji-turizam\/#breadcrumb"},"inLanguage":"de","potentialAction":[{"@type":"ReadAction","target":["https:\/\/tragento.com\/istra-broj-1-u-europi-cikloturizam-postao-kljucni-alat-za-cjelogodisnji-turizam\/"]}]},{"@type":"ImageObject","inLanguage":"de","@id":"https:\/\/tragento.com\/istra-broj-1-u-europi-cikloturizam-postao-kljucni-alat-za-cjelogodisnji-turizam\/#primaryimage","url":"https:\/\/tragento.com\/wp-content\/uploads\/2026\/04\/tony-pham-K2xGNNcQn_w-unsplash-scaled-1.jpg","contentUrl":"https:\/\/tragento.com\/wp-content\/uploads\/2026\/04\/tony-pham-K2xGNNcQn_w-unsplash-scaled-1.jpg","width":2560,"height":1920,"caption":"Photo by Tony Pham on Unsplash"},{"@type":"BreadcrumbList","@id":"https:\/\/tragento.com\/istra-broj-1-u-europi-cikloturizam-postao-kljucni-alat-za-cjelogodisnji-turizam\/#breadcrumb","itemListElement":[{"@type":"ListItem","position":1,"name":"Home","item":"https:\/\/tragento.com\/"},{"@type":"ListItem","position":2,"name":"Istra broj 1 u Europi: cikloturizam postao klju\u010dni alat za cjelogodi\u0161nji turizam"}]},{"@type":"WebSite","@id":"https:\/\/tragento.com\/#website","url":"https:\/\/tragento.com\/","name":"Tragento","description":"Ihr zuverl\u00e4ssiger Reisepartner","publisher":{"@id":"https:\/\/tragento.com\/#organization"},"potentialAction":[{"@type":"SearchAction","target":{"@type":"EntryPoint","urlTemplate":"https:\/\/tragento.com\/?s={search_term_string}"},"query-input":{"@type":"PropertyValueSpecification","valueRequired":true,"valueName":"search_term_string"}}],"inLanguage":"de"},{"@type":"Organization","@id":"https:\/\/tragento.com\/#organization","name":"Tragento","url":"https:\/\/tragento.com\/","logo":{"@type":"ImageObject","inLanguage":"de","@id":"https:\/\/tragento.com\/#\/schema\/logo\/image\/","url":"https:\/\/tragento.com\/wp-content\/uploads\/2026\/08\/Wordpress-Transparent.png","contentUrl":"https:\/\/tragento.com\/wp-content\/uploads\/2026\/08\/Wordpress-Transparent.png","width":512,"height":512,"caption":"Tragento"},"image":{"@id":"https:\/\/tragento.com\/#\/schema\/logo\/image\/"},"sameAs":["https:\/\/www.facebook.com\/profile.php?id=61567461024345"],"email":"info@tragento.com","vatID":"HR80113219655"},{"@type":"Person","@id":"https:\/\/tragento.com\/#\/schema\/person\/90a4711289a0230e41987dc84e2a8f1f","name":"stipan.spaija","image":{"@type":"ImageObject","inLanguage":"de","@id":"https:\/\/secure.gravatar.com\/avatar\/46ef65dabb1d8437d028b65b563fda6f57826810ab502a7f951be82634843f60?s=96&d=mm&r=g","url":"https:\/\/secure.gravatar.com\/avatar\/46ef65dabb1d8437d028b65b563fda6f57826810ab502a7f951be82634843f60?s=96&d=mm&r=g","contentUrl":"https:\/\/secure.gravatar.com\/avatar\/46ef65dabb1d8437d028b65b563fda6f57826810ab502a7f951be82634843f60?s=96&d=mm&r=g","caption":"stipan.spaija"},"birthDate":"1978-03-22","gender":"Male","knowsLanguage":["Croatian","English"],"url":"https:\/\/tragento.com\/de\/author\/stipan-spaija\/"}]}},"tragento_display_category":{"id":163,"name":"Aktivit\u00e4ten","slug":"aktivitaten","link":"https:\/\/tragento.com\/de\/category\/aktivnosti\/"},"_links":{"self":[{"href":"https:\/\/tragento.com\/de\/wp-json\/wp\/v2\/posts\/8852","targetHints":{"allow":["GET"]}}],"collection":[{"href":"https:\/\/tragento.com\/de\/wp-json\/wp\/v2\/posts"}],"about":[{"href":"https:\/\/tragento.com\/de\/wp-json\/wp\/v2\/types\/post"}],"author":[{"embeddable":true,"href":"https:\/\/tragento.com\/de\/wp-json\/wp\/v2\/users\/2"}],"replies":[{"embeddable":true,"href":"https:\/\/tragento.com\/de\/wp-json\/wp\/v2\/comments?post=8852"}],"version-history":[{"count":0,"href":"https:\/\/tragento.com\/de\/wp-json\/wp\/v2\/posts\/8852\/revisions"}],"wp:featuredmedia":[{"embeddable":true,"href":"https:\/\/tragento.com\/de\/wp-json\/wp\/v2\/media\/8853"}],"wp:attachment":[{"href":"https:\/\/tragento.com\/de\/wp-json\/wp\/v2\/media?parent=8852"}],"wp:term":[{"taxonomy":"category","embeddable":true,"href":"https:\/\/tragento.com\/de\/wp-json\/wp\/v2\/categories?post=8852"},{"taxonomy":"post_tag","embeddable":true,"href":"https:\/\/tragento.com\/de\/wp-json\/wp\/v2\/tags?post=8852"}],"curies":[{"name":"WordPress","href":"https:\/\/api.w.org\/{rel}","templated":true}]}}