{"id":6604,"date":"2025-10-11T19:45:14","date_gmt":"2025-10-11T17:45:14","guid":{"rendered":"https:\/\/tragento.com\/?p=6604"},"modified":"2025-10-11T19:45:14","modified_gmt":"2025-10-11T17:45:14","slug":"griechenland-und-nordmazedonien-bundeln-ihre-krafte-hochgeschwindigkeitsbahn-soll-regionales-wachstum-und-tourismus-ankurbeln","status":"publish","type":"post","link":"https:\/\/tragento.com\/de\/grcka-i-sjeverna-makedonija-udruzuju-snage-brza-zeljeznica-potaknut-ce-regionalni-rast-i-turizam\/","title":{"rendered":"Griechenland und Nordmazedonien b\u00fcndeln ihre Kr\u00e4fte: Hochgeschwindigkeitsbahn soll regionales Wachstum und Tourismus ankurbeln"},"content":{"rendered":"<p class=\"wp-block-paragraph\">Griechenland und Nordmazedonien b\u00fcndeln ihre Kr\u00e4fte: Eine Hochgeschwindigkeitsbahnstrecke soll das regionale Wachstum und den Tourismus ankurbeln. Mit einem Schritt, der die Verkehrs- und Wirtschaftslandschaft S\u00fcdosteuropas erheblich ver\u00e4ndern k\u00f6nnte, haben Griechenland und Nordmazedonien ihr gemeinsames Engagement f\u00fcr die Entwicklung bekr\u00e4ftigt. <strong><a href=\"https:\/\/transport.ec.europa.eu\/transport-themes\/international-relations\/enlargement\/western-balkans_en\">Hochgeschwindigkeitsstrecken entlang des Korridors 10<\/a><\/strong>. Ziel dieses strategischen Projekts ist es, die Verkehrseffizienz zu steigern, das Wirtschaftswachstum anzukurbeln und die touristischen Verbindungen zwischen den beiden L\u00e4ndern zu st\u00e4rken.<\/p>\n\n\n\n<p class=\"wp-block-paragraph\">Bei dem Treffen der stellvertretenden Ministerpr\u00e4sidenten beider L\u00e4nder wurde betont, dass <strong>Eine gut funktionierende regionale Anbindung ist ein entscheidender Motor f\u00fcr eine beschleunigte wirtschaftliche Entwicklung.<\/strong>, insbesondere im Zusammenhang mit den Verkehrskorridoren des Westbalkans.<\/p>\n\n\n\n<h3 class=\"wp-block-heading\" id=\"h-koridor-10-arterija-europske-povezanosti\">Korridor 10 \u2013 die Lebensader der europ\u00e4ischen Vernetzung<\/h3>\n\n\n\n<p class=\"wp-block-paragraph\">Der Korridor 10 ist eine der wichtigsten paneurop\u00e4ischen Verkehrsachsen und verbindet <strong>Mitteleuropa und die \u00c4g\u00e4is<\/strong>. Die neue Hochgeschwindigkeitsbahnstrecke d\u00fcrfte die Reisezeiten erheblich verk\u00fcrzen und den Waren- und Personenverkehr ankurbeln, was zur Steigerung der Wettbewerbsf\u00e4higkeit und Nachhaltigkeit beider Volkswirtschaften beitragen wird.<\/p>\n\n\n\n<p class=\"wp-block-paragraph\">Das Projekt f\u00fcgt sich perfekt ein in <strong>die Strategie der Europ\u00e4ischen Union<\/strong> zur St\u00e4rkung der Verkehrsinfrastruktur in der Region des Westbalkans und zur Verringerung der Abh\u00e4ngigkeit vom Stra\u00dfen- und Luftverkehr. Neben den wirtschaftlichen Auswirkungen werden auch positive Effekte erwartet. <strong>Auswirkungen auf die Umwelt<\/strong> dank der Verringerung der CO\u2082-Emissionen und der Umstellung auf eine energieeffizientere Verkehrsart.<\/p>\n\n\n\n<h3 class=\"wp-block-heading\" id=\"h-gospodarski-i-turisticki-potencijal\">Wirtschaftliches und touristisches Potenzial<\/h3>\n\n\n\n<p class=\"wp-block-paragraph\">Der Bau der Hochgeschwindigkeitsbahn ebnet den Weg <strong>durch neue Investitionen, einen verst\u00e4rkten Handel und die Schaffung von Arbeitspl\u00e4tzen<\/strong>. Schnellere und einfachere Verbindungen zwischen H\u00e4fen, Industriegebieten und touristischen Zielen k\u00f6nnten neue Gesch\u00e4ftsm\u00f6glichkeiten er\u00f6ffnen und das Interesse ausl\u00e4ndischer Investoren wecken.<\/p>\n\n\n\n<p class=\"wp-block-paragraph\">F\u00fcr den Tourismus bedeutet das Projekt <strong>einfachere Erreichbarkeit wichtiger Ziele<\/strong> in beiden L\u00e4ndern. Griechenland k\u00f6nnte mehr Besucher aus der Region anziehen, w\u00e4hrend Nordmazedonien vom Durchreisetourismus und einem schnelleren Zugang zu seinen Kultur- und Naturattraktionen profitieren w\u00fcrde.<\/p>\n\n\n\n<h3 class=\"wp-block-heading\" id=\"h-investicije-i-plan-provedbe\">Investitionen und Umsetzungsplan<\/h3>\n\n\n\n<p class=\"wp-block-paragraph\">Nordmazedonien hat bereits Gespr\u00e4che mit internationalen Finanzinstitutionen wie <strong>Weltbanken und europ\u00e4ische Investitionsbanken<\/strong>, sich umschauend <strong>1,9 Milliarden Euro<\/strong> zur Finanzierung des Projekts.<br>Der Plan umfasst <strong>rund 200 Kilometer Eisenbahninfrastruktur<\/strong>, und die gesch\u00e4tzten Baukosten betragen <strong>8,8 Millionen Euro pro Kilometer<\/strong>.<\/p>\n\n\n\n<h3 class=\"wp-block-heading\" id=\"h-pogled-u-buducnost\">Ein Blick in die Zukunft<\/h3>\n\n\n\n<p class=\"wp-block-paragraph\">Beide Regierungen haben ihre feste Entschlossenheit bekundet, die Zusammenarbeit bei Infrastrukturprojekten fortzusetzen, die die regionale Anbindung st\u00e4rken. <a href=\"https:\/\/tragento.com\/de\/kategorie\/transport-2\/schienenverkehr\/\">Erfolgreiche Umsetzung des Hochgeschwindigkeitsbahnprojekts entlang des Korridors 10<\/a> Das w\u00e4re ein wichtiger Schritt in Richtung <strong>st\u00e4rkere Integration, schnelleres Wirtschaftswachstum und ein nachhaltigeres Verkehrssystem<\/strong> ganze Regionen.<\/p>","protected":false},"excerpt":{"rendered":"<p>Gr\u010dka i Sjeverna Makedonija udru\u017euju snage: brza \u017eeljeznica potaknut \u0107e regionalni rast i turizam. U potezu koji bi mogao zna\u010dajno promijeniti prometnu i gospodarsku sliku jugoisto\u010dne Europe, Gr\u010dka i Sjeverna Makedonija ponovno su potvrdile zajedni\u010dku posve\u0107enost razvoju brze \u017eeljezni\u010dke pruge du\u017e Koridora 10. Cilj ovog&#8230;<\/p>","protected":false},"author":2,"featured_media":2638,"comment_status":"open","ping_status":"open","sticky":false,"template":"","format":"standard","meta":{"_tragento_display_category":0,"footnotes":""},"categories":[89,197],"tags":[185,280,196],"class_list":["post-6604","post","type-post","status-publish","format-standard","has-post-thumbnail","hentry","category-vijesti","category-zeljeznicki-prijevoz","tag-partnerstva","tag-sjeverna-makedonija","tag-zeljeznica"],"yoast_head":"<!-- This site is optimized with the Yoast SEO Premium plugin v28.4 (Yoast SEO v28.4) - https:\/\/yoast.com\/product\/yoast-seo-premium-wordpress\/ -->\n<title>Gr\u010dka i Sjeverna Makedonija udru\u017euju snage za turizam - Tragento<\/title>\n<meta name=\"description\" content=\"Gr\u010dka i Sjeverna Makedonija udru\u017euju snage. Brza \u017eeljeznica \u0107e potaknuti regionalni rast i turizam u jugoisto\u010dnoj Europi.\" \/>\n<meta name=\"robots\" content=\"index, follow, max-snippet:-1, max-image-preview:large, max-video-preview:-1\" \/>\n<link rel=\"canonical\" href=\"https:\/\/tragento.com\/de\/griechenland-und-nordmazedonien-bundeln-ihre-krafte-hochgeschwindigkeitsbahn-soll-regionales-wachstum-und-tourismus-ankurbeln\/\" \/>\n<meta property=\"og:locale\" content=\"de_DE\" \/>\n<meta property=\"og:type\" content=\"article\" \/>\n<meta property=\"og:title\" content=\"Gr\u010dka i Sjeverna Makedonija udru\u017euju snage: brza \u017eeljeznica potaknut \u0107e regionalni rast i turizam\" \/>\n<meta property=\"og:description\" content=\"Gr\u010dka i Sjeverna Makedonija udru\u017euju snage. Brza \u017eeljeznica \u0107e potaknuti regionalni rast i turizam u jugoisto\u010dnoj Europi.\" \/>\n<meta property=\"og:url\" content=\"https:\/\/tragento.com\/de\/griechenland-und-nordmazedonien-bundeln-ihre-krafte-hochgeschwindigkeitsbahn-soll-regionales-wachstum-und-tourismus-ankurbeln\/\" \/>\n<meta property=\"og:site_name\" content=\"Tragento\" \/>\n<meta property=\"article:publisher\" content=\"https:\/\/www.facebook.com\/profile.php?id=61567461024345\" \/>\n<meta property=\"article:published_time\" content=\"2025-10-11T17:45:14+00:00\" \/>\n<meta property=\"og:image\" content=\"https:\/\/tragento.com\/wp-content\/uploads\/2024\/11\/pexels-donaldtong94-28614-scaled-1.jpg\" \/>\n\t<meta property=\"og:image:width\" content=\"2560\" \/>\n\t<meta property=\"og:image:height\" content=\"1707\" \/>\n\t<meta property=\"og:image:type\" content=\"image\/jpeg\" \/>\n<meta name=\"author\" content=\"stipan.spaija\" \/>\n<meta name=\"twitter:card\" content=\"summary_large_image\" \/>\n<meta name=\"twitter:label1\" content=\"Verfasst von\" \/>\n\t<meta name=\"twitter:data1\" content=\"stipan.spaija\" \/>\n\t<meta name=\"twitter:label2\" content=\"Gesch\u00e4tzte Lesezeit\" \/>\n\t<meta name=\"twitter:data2\" content=\"3\u00a0Minuten\" \/>\n<script type=\"application\/ld+json\" class=\"yoast-schema-graph\">{\"@context\":\"https:\\\/\\\/schema.org\",\"@graph\":[{\"@type\":\"Article\",\"@id\":\"https:\\\/\\\/tragento.com\\\/grcka-i-sjeverna-makedonija-udruzuju-snage-brza-zeljeznica-potaknut-ce-regionalni-rast-i-turizam\\\/#article\",\"isPartOf\":{\"@id\":\"https:\\\/\\\/tragento.com\\\/grcka-i-sjeverna-makedonija-udruzuju-snage-brza-zeljeznica-potaknut-ce-regionalni-rast-i-turizam\\\/\"},\"author\":{\"name\":\"stipan.spaija\",\"@id\":\"https:\\\/\\\/tragento.com\\\/#\\\/schema\\\/person\\\/90a4711289a0230e41987dc84e2a8f1f\"},\"headline\":\"Gr\u010dka i Sjeverna Makedonija udru\u017euju snage: brza \u017eeljeznica potaknut \u0107e regionalni rast i turizam\",\"datePublished\":\"2025-10-11T17:45:14+00:00\",\"mainEntityOfPage\":{\"@id\":\"https:\\\/\\\/tragento.com\\\/grcka-i-sjeverna-makedonija-udruzuju-snage-brza-zeljeznica-potaknut-ce-regionalni-rast-i-turizam\\\/\"},\"wordCount\":408,\"commentCount\":0,\"publisher\":{\"@id\":\"https:\\\/\\\/tragento.com\\\/#organization\"},\"image\":{\"@id\":\"https:\\\/\\\/tragento.com\\\/grcka-i-sjeverna-makedonija-udruzuju-snage-brza-zeljeznica-potaknut-ce-regionalni-rast-i-turizam\\\/#primaryimage\"},\"thumbnailUrl\":\"https:\\\/\\\/tragento.com\\\/wp-content\\\/uploads\\\/2024\\\/11\\\/pexels-donaldtong94-28614-scaled-1.jpg\",\"keywords\":[\"partnerstva\",\"sjeverna makedonija\",\"\u017eeljeznica\"],\"articleSection\":[\"Vijesti\",\"\u017deljezni\u010dki prijevoz\"],\"inLanguage\":\"de\"},{\"@type\":\"WebPage\",\"@id\":\"https:\\\/\\\/tragento.com\\\/grcka-i-sjeverna-makedonija-udruzuju-snage-brza-zeljeznica-potaknut-ce-regionalni-rast-i-turizam\\\/\",\"url\":\"https:\\\/\\\/tragento.com\\\/grcka-i-sjeverna-makedonija-udruzuju-snage-brza-zeljeznica-potaknut-ce-regionalni-rast-i-turizam\\\/\",\"name\":\"Gr\u010dka i Sjeverna Makedonija udru\u017euju snage za turizam - Tragento\",\"isPartOf\":{\"@id\":\"https:\\\/\\\/tragento.com\\\/#website\"},\"primaryImageOfPage\":{\"@id\":\"https:\\\/\\\/tragento.com\\\/grcka-i-sjeverna-makedonija-udruzuju-snage-brza-zeljeznica-potaknut-ce-regionalni-rast-i-turizam\\\/#primaryimage\"},\"image\":{\"@id\":\"https:\\\/\\\/tragento.com\\\/grcka-i-sjeverna-makedonija-udruzuju-snage-brza-zeljeznica-potaknut-ce-regionalni-rast-i-turizam\\\/#primaryimage\"},\"thumbnailUrl\":\"https:\\\/\\\/tragento.com\\\/wp-content\\\/uploads\\\/2024\\\/11\\\/pexels-donaldtong94-28614-scaled-1.jpg\",\"datePublished\":\"2025-10-11T17:45:14+00:00\",\"description\":\"Gr\u010dka i Sjeverna Makedonija udru\u017euju snage. Brza \u017eeljeznica \u0107e potaknuti regionalni rast i turizam u jugoisto\u010dnoj Europi.\",\"breadcrumb\":{\"@id\":\"https:\\\/\\\/tragento.com\\\/grcka-i-sjeverna-makedonija-udruzuju-snage-brza-zeljeznica-potaknut-ce-regionalni-rast-i-turizam\\\/#breadcrumb\"},\"inLanguage\":\"de\",\"potentialAction\":[{\"@type\":\"ReadAction\",\"target\":[\"https:\\\/\\\/tragento.com\\\/grcka-i-sjeverna-makedonija-udruzuju-snage-brza-zeljeznica-potaknut-ce-regionalni-rast-i-turizam\\\/\"]}]},{\"@type\":\"ImageObject\",\"inLanguage\":\"de\",\"@id\":\"https:\\\/\\\/tragento.com\\\/grcka-i-sjeverna-makedonija-udruzuju-snage-brza-zeljeznica-potaknut-ce-regionalni-rast-i-turizam\\\/#primaryimage\",\"url\":\"https:\\\/\\\/tragento.com\\\/wp-content\\\/uploads\\\/2024\\\/11\\\/pexels-donaldtong94-28614-scaled-1.jpg\",\"contentUrl\":\"https:\\\/\\\/tragento.com\\\/wp-content\\\/uploads\\\/2024\\\/11\\\/pexels-donaldtong94-28614-scaled-1.jpg\",\"width\":2560,\"height\":1707,\"caption\":\"Photo by Donald Tong\\\/Pexels\"},{\"@type\":\"BreadcrumbList\",\"@id\":\"https:\\\/\\\/tragento.com\\\/grcka-i-sjeverna-makedonija-udruzuju-snage-brza-zeljeznica-potaknut-ce-regionalni-rast-i-turizam\\\/#breadcrumb\",\"itemListElement\":[{\"@type\":\"ListItem\",\"position\":1,\"name\":\"Home\",\"item\":\"https:\\\/\\\/tragento.com\\\/\"},{\"@type\":\"ListItem\",\"position\":2,\"name\":\"Gr\u010dka i Sjeverna Makedonija udru\u017euju snage: brza \u017eeljeznica potaknut \u0107e regionalni rast i turizam\"}]},{\"@type\":\"WebSite\",\"@id\":\"https:\\\/\\\/tragento.com\\\/#website\",\"url\":\"https:\\\/\\\/tragento.com\\\/\",\"name\":\"Tragento\",\"description\":\"Your Trusted Travel Partner\",\"publisher\":{\"@id\":\"https:\\\/\\\/tragento.com\\\/#organization\"},\"potentialAction\":[{\"@type\":\"SearchAction\",\"target\":{\"@type\":\"EntryPoint\",\"urlTemplate\":\"https:\\\/\\\/tragento.com\\\/?s={search_term_string}\"},\"query-input\":{\"@type\":\"PropertyValueSpecification\",\"valueRequired\":true,\"valueName\":\"search_term_string\"}}],\"inLanguage\":\"de\"},{\"@type\":\"Organization\",\"@id\":\"https:\\\/\\\/tragento.com\\\/#organization\",\"name\":\"Tragento\",\"url\":\"https:\\\/\\\/tragento.com\\\/\",\"logo\":{\"@type\":\"ImageObject\",\"inLanguage\":\"de\",\"@id\":\"https:\\\/\\\/tragento.com\\\/#\\\/schema\\\/logo\\\/image\\\/\",\"url\":\"https:\\\/\\\/tragento.com\\\/wp-content\\\/uploads\\\/2026\\\/08\\\/Wordpress-Transparent.png\",\"contentUrl\":\"https:\\\/\\\/tragento.com\\\/wp-content\\\/uploads\\\/2026\\\/08\\\/Wordpress-Transparent.png\",\"width\":512,\"height\":512,\"caption\":\"Tragento\"},\"image\":{\"@id\":\"https:\\\/\\\/tragento.com\\\/#\\\/schema\\\/logo\\\/image\\\/\"},\"sameAs\":[\"https:\\\/\\\/www.facebook.com\\\/profile.php?id=61567461024345\"],\"email\":\"info@tragento.com\",\"vatID\":\"HR80113219655\"},{\"@type\":\"Person\",\"@id\":\"https:\\\/\\\/tragento.com\\\/#\\\/schema\\\/person\\\/90a4711289a0230e41987dc84e2a8f1f\",\"name\":\"stipan.spaija\",\"image\":{\"@type\":\"ImageObject\",\"inLanguage\":\"de\",\"@id\":\"https:\\\/\\\/secure.gravatar.com\\\/avatar\\\/46ef65dabb1d8437d028b65b563fda6f57826810ab502a7f951be82634843f60?s=96&d=mm&r=g\",\"url\":\"https:\\\/\\\/secure.gravatar.com\\\/avatar\\\/46ef65dabb1d8437d028b65b563fda6f57826810ab502a7f951be82634843f60?s=96&d=mm&r=g\",\"contentUrl\":\"https:\\\/\\\/secure.gravatar.com\\\/avatar\\\/46ef65dabb1d8437d028b65b563fda6f57826810ab502a7f951be82634843f60?s=96&d=mm&r=g\",\"caption\":\"stipan.spaija\"},\"birthDate\":\"1978-03-22\",\"gender\":\"Male\",\"knowsLanguage\":[\"Croatian\",\"English\"],\"url\":\"https:\\\/\\\/tragento.com\\\/de\\\/author\\\/stipan-spaija\\\/\"}]}<\/script>\n<!-- \/ Yoast SEO Premium plugin. -->","yoast_head_json":{"title":"Griechenland und Nordmazedonien b\u00fcndeln ihre Kr\u00e4fte im Tourismus \u2013 Tragento","description":"Griechenland und Nordmazedonien b\u00fcndeln ihre Kr\u00e4fte. Die Hochgeschwindigkeitsbahnstrecke wird das regionale Wachstum und den Tourismus in S\u00fcdosteuropa ankurbeln.","robots":{"index":"index","follow":"follow","max-snippet":"max-snippet:-1","max-image-preview":"max-image-preview:large","max-video-preview":"max-video-preview:-1"},"canonical":"https:\/\/tragento.com\/de\/griechenland-und-nordmazedonien-bundeln-ihre-krafte-hochgeschwindigkeitsbahn-soll-regionales-wachstum-und-tourismus-ankurbeln\/","og_locale":"de_DE","og_type":"article","og_title":"Gr\u010dka i Sjeverna Makedonija udru\u017euju snage: brza \u017eeljeznica potaknut \u0107e regionalni rast i turizam","og_description":"Gr\u010dka i Sjeverna Makedonija udru\u017euju snage. Brza \u017eeljeznica \u0107e potaknuti regionalni rast i turizam u jugoisto\u010dnoj Europi.","og_url":"https:\/\/tragento.com\/de\/griechenland-und-nordmazedonien-bundeln-ihre-krafte-hochgeschwindigkeitsbahn-soll-regionales-wachstum-und-tourismus-ankurbeln\/","og_site_name":"Tragento","article_publisher":"https:\/\/www.facebook.com\/profile.php?id=61567461024345","article_published_time":"2025-10-11T17:45:14+00:00","og_image":[{"width":2560,"height":1707,"url":"https:\/\/tragento.com\/wp-content\/uploads\/2024\/11\/pexels-donaldtong94-28614-scaled-1.jpg","type":"image\/jpeg"}],"author":"stipan.spaija","twitter_card":"summary_large_image","twitter_misc":{"Verfasst von":"stipan.spaija","Gesch\u00e4tzte Lesezeit":"3\u00a0Minuten"},"schema":{"@context":"https:\/\/schema.org","@graph":[{"@type":"Article","@id":"https:\/\/tragento.com\/grcka-i-sjeverna-makedonija-udruzuju-snage-brza-zeljeznica-potaknut-ce-regionalni-rast-i-turizam\/#article","isPartOf":{"@id":"https:\/\/tragento.com\/grcka-i-sjeverna-makedonija-udruzuju-snage-brza-zeljeznica-potaknut-ce-regionalni-rast-i-turizam\/"},"author":{"name":"stipan.spaija","@id":"https:\/\/tragento.com\/#\/schema\/person\/90a4711289a0230e41987dc84e2a8f1f"},"headline":"Gr\u010dka i Sjeverna Makedonija udru\u017euju snage: brza \u017eeljeznica potaknut \u0107e regionalni rast i turizam","datePublished":"2025-10-11T17:45:14+00:00","mainEntityOfPage":{"@id":"https:\/\/tragento.com\/grcka-i-sjeverna-makedonija-udruzuju-snage-brza-zeljeznica-potaknut-ce-regionalni-rast-i-turizam\/"},"wordCount":408,"commentCount":0,"publisher":{"@id":"https:\/\/tragento.com\/#organization"},"image":{"@id":"https:\/\/tragento.com\/grcka-i-sjeverna-makedonija-udruzuju-snage-brza-zeljeznica-potaknut-ce-regionalni-rast-i-turizam\/#primaryimage"},"thumbnailUrl":"https:\/\/tragento.com\/wp-content\/uploads\/2024\/11\/pexels-donaldtong94-28614-scaled-1.jpg","keywords":["partnerstva","sjeverna makedonija","\u017eeljeznica"],"articleSection":["Vijesti","\u017deljezni\u010dki prijevoz"],"inLanguage":"de"},{"@type":"WebPage","@id":"https:\/\/tragento.com\/grcka-i-sjeverna-makedonija-udruzuju-snage-brza-zeljeznica-potaknut-ce-regionalni-rast-i-turizam\/","url":"https:\/\/tragento.com\/grcka-i-sjeverna-makedonija-udruzuju-snage-brza-zeljeznica-potaknut-ce-regionalni-rast-i-turizam\/","name":"Griechenland und Nordmazedonien b\u00fcndeln ihre Kr\u00e4fte im Tourismus \u2013 Tragento","isPartOf":{"@id":"https:\/\/tragento.com\/#website"},"primaryImageOfPage":{"@id":"https:\/\/tragento.com\/grcka-i-sjeverna-makedonija-udruzuju-snage-brza-zeljeznica-potaknut-ce-regionalni-rast-i-turizam\/#primaryimage"},"image":{"@id":"https:\/\/tragento.com\/grcka-i-sjeverna-makedonija-udruzuju-snage-brza-zeljeznica-potaknut-ce-regionalni-rast-i-turizam\/#primaryimage"},"thumbnailUrl":"https:\/\/tragento.com\/wp-content\/uploads\/2024\/11\/pexels-donaldtong94-28614-scaled-1.jpg","datePublished":"2025-10-11T17:45:14+00:00","description":"Griechenland und Nordmazedonien b\u00fcndeln ihre Kr\u00e4fte. Die Hochgeschwindigkeitsbahnstrecke wird das regionale Wachstum und den Tourismus in S\u00fcdosteuropa ankurbeln.","breadcrumb":{"@id":"https:\/\/tragento.com\/grcka-i-sjeverna-makedonija-udruzuju-snage-brza-zeljeznica-potaknut-ce-regionalni-rast-i-turizam\/#breadcrumb"},"inLanguage":"de","potentialAction":[{"@type":"ReadAction","target":["https:\/\/tragento.com\/grcka-i-sjeverna-makedonija-udruzuju-snage-brza-zeljeznica-potaknut-ce-regionalni-rast-i-turizam\/"]}]},{"@type":"ImageObject","inLanguage":"de","@id":"https:\/\/tragento.com\/grcka-i-sjeverna-makedonija-udruzuju-snage-brza-zeljeznica-potaknut-ce-regionalni-rast-i-turizam\/#primaryimage","url":"https:\/\/tragento.com\/wp-content\/uploads\/2024\/11\/pexels-donaldtong94-28614-scaled-1.jpg","contentUrl":"https:\/\/tragento.com\/wp-content\/uploads\/2024\/11\/pexels-donaldtong94-28614-scaled-1.jpg","width":2560,"height":1707,"caption":"Photo by Donald Tong\/Pexels"},{"@type":"BreadcrumbList","@id":"https:\/\/tragento.com\/grcka-i-sjeverna-makedonija-udruzuju-snage-brza-zeljeznica-potaknut-ce-regionalni-rast-i-turizam\/#breadcrumb","itemListElement":[{"@type":"ListItem","position":1,"name":"Home","item":"https:\/\/tragento.com\/"},{"@type":"ListItem","position":2,"name":"Gr\u010dka i Sjeverna Makedonija udru\u017euju snage: brza \u017eeljeznica potaknut \u0107e regionalni rast i turizam"}]},{"@type":"WebSite","@id":"https:\/\/tragento.com\/#website","url":"https:\/\/tragento.com\/","name":"Tragento","description":"Ihr zuverl\u00e4ssiger Reisepartner","publisher":{"@id":"https:\/\/tragento.com\/#organization"},"potentialAction":[{"@type":"SearchAction","target":{"@type":"EntryPoint","urlTemplate":"https:\/\/tragento.com\/?s={search_term_string}"},"query-input":{"@type":"PropertyValueSpecification","valueRequired":true,"valueName":"search_term_string"}}],"inLanguage":"de"},{"@type":"Organization","@id":"https:\/\/tragento.com\/#organization","name":"Tragento","url":"https:\/\/tragento.com\/","logo":{"@type":"ImageObject","inLanguage":"de","@id":"https:\/\/tragento.com\/#\/schema\/logo\/image\/","url":"https:\/\/tragento.com\/wp-content\/uploads\/2026\/08\/Wordpress-Transparent.png","contentUrl":"https:\/\/tragento.com\/wp-content\/uploads\/2026\/08\/Wordpress-Transparent.png","width":512,"height":512,"caption":"Tragento"},"image":{"@id":"https:\/\/tragento.com\/#\/schema\/logo\/image\/"},"sameAs":["https:\/\/www.facebook.com\/profile.php?id=61567461024345"],"email":"info@tragento.com","vatID":"HR80113219655"},{"@type":"Person","@id":"https:\/\/tragento.com\/#\/schema\/person\/90a4711289a0230e41987dc84e2a8f1f","name":"stipan.spaija","image":{"@type":"ImageObject","inLanguage":"de","@id":"https:\/\/secure.gravatar.com\/avatar\/46ef65dabb1d8437d028b65b563fda6f57826810ab502a7f951be82634843f60?s=96&d=mm&r=g","url":"https:\/\/secure.gravatar.com\/avatar\/46ef65dabb1d8437d028b65b563fda6f57826810ab502a7f951be82634843f60?s=96&d=mm&r=g","contentUrl":"https:\/\/secure.gravatar.com\/avatar\/46ef65dabb1d8437d028b65b563fda6f57826810ab502a7f951be82634843f60?s=96&d=mm&r=g","caption":"stipan.spaija"},"birthDate":"1978-03-22","gender":"Male","knowsLanguage":["Croatian","English"],"url":"https:\/\/tragento.com\/de\/author\/stipan-spaija\/"}]}},"tragento_display_category":{"id":89,"name":"Nachrichten","slug":"nachrichten","link":"https:\/\/tragento.com\/de\/category\/vijesti\/"},"_links":{"self":[{"href":"https:\/\/tragento.com\/de\/wp-json\/wp\/v2\/posts\/6604","targetHints":{"allow":["GET"]}}],"collection":[{"href":"https:\/\/tragento.com\/de\/wp-json\/wp\/v2\/posts"}],"about":[{"href":"https:\/\/tragento.com\/de\/wp-json\/wp\/v2\/types\/post"}],"author":[{"embeddable":true,"href":"https:\/\/tragento.com\/de\/wp-json\/wp\/v2\/users\/2"}],"replies":[{"embeddable":true,"href":"https:\/\/tragento.com\/de\/wp-json\/wp\/v2\/comments?post=6604"}],"version-history":[{"count":0,"href":"https:\/\/tragento.com\/de\/wp-json\/wp\/v2\/posts\/6604\/revisions"}],"wp:featuredmedia":[{"embeddable":true,"href":"https:\/\/tragento.com\/de\/wp-json\/wp\/v2\/media\/2638"}],"wp:attachment":[{"href":"https:\/\/tragento.com\/de\/wp-json\/wp\/v2\/media?parent=6604"}],"wp:term":[{"taxonomy":"category","embeddable":true,"href":"https:\/\/tragento.com\/de\/wp-json\/wp\/v2\/categories?post=6604"},{"taxonomy":"post_tag","embeddable":true,"href":"https:\/\/tragento.com\/de\/wp-json\/wp\/v2\/tags?post=6604"}],"curies":[{"name":"WordPress","href":"https:\/\/api.w.org\/{rel}","templated":true}]}}