{"id":12443,"date":"2026-09-05T16:40:56","date_gmt":"2026-09-05T14:40:56","guid":{"rendered":"https:\/\/tragento.com\/?p=12443"},"modified":"2026-09-05T16:46:38","modified_gmt":"2026-09-05T14:46:38","slug":"kubanischer-tourismus-im-freien-fall-zahl-der-internationalen-besucher-sinkt-um-fast-63","status":"publish","type":"post","link":"https:\/\/tragento.com\/de\/kubanski-turizam-u-slobodnom-padu-broj-medunarodnih-posjetitelja-pao-gotovo-63\/","title":{"rendered":"Kubanischer Tourismus im freien Fall: Zahl der internationalen Besucher sinkt um fast 63%"},"content":{"rendered":"<p class=\"wp-block-paragraph\"><a href=\"https:\/\/tragento.com\/de\/kategorie\/reiseziele\/\" data-type=\"category\" data-id=\"191\">Kuba<\/a> Von Januar bis Juli 2026 verzeichnete die Region lediglich 419.863 internationale Besucher. Das sind fast 63% weniger als im gleichen Zeitraum des Vorjahres, und Probleme in den Bereichen Energieversorgung, Flugverbindungen und Hotelkapazit\u00e4ten behindern die Erholung des Reiseziels zus\u00e4tzlich.<\/p>\n\n\n\n<p class=\"wp-block-paragraph\">Der kubanische Tourismus steht vor einer der schwierigsten Saisonen der letzten Jahrzehnte. Nach Angaben des Nationalen Amtes f\u00fcr Statistik und Information (ONEI) erreichte die Zahl der internationalen Besucher in den ersten sieben Monaten lediglich 37,21 Prozent des Vorjahresniveaus. Damit verlor Kuba innerhalb eines Jahres fast 709.000 Besucher.<\/p>\n\n\n\n<p class=\"wp-block-paragraph\">Ein noch gr\u00f6\u00dferes Problem ist, dass die kubanische Regierung f\u00fcr das Jahr 2026 mit 2,2 Millionen Besuchern gerechnet hatte. Bis Ende Juli waren davon nur etwa 19% erreicht worden.<\/p>\n\n\n\n<h2 id=\"h-kanada-predvodi-pad-glavnih-emitivnih-trzista\" class=\"wp-block-heading\">Kanada ist f\u00fchrend beim R\u00fcckgang der Emissionen in den wichtigsten Emissionsm\u00e4rkten<\/h2>\n\n\n\n<p class=\"wp-block-paragraph\">Den gr\u00f6\u00dften Einbruch verzeichnet der kanadische Markt, der traditionell der wichtigste f\u00fcr den kubanischen Incoming-Tourismus ist. Bis Ende Juli waren 127.645 Besucher aus Kanada eingereist, rund 351.000 weniger als im Vorjahr.<\/p>\n\n\n\n<p class=\"wp-block-paragraph\">Es folgen die Vereinigten Staaten mit 37.351 Besuchern, Russland mit 21.374 und Mexiko mit 19.828. Auch die Zahl der Einreisen von im Ausland lebenden Kubanern, die ebenfalls einen wichtigen Anteil an den lokalen Tourismusausgaben ausmachen, ist zur\u00fcckgegangen.<\/p>\n\n\n\n<h2 id=\"h-problem-vise-nije-samo-potraznja\" class=\"wp-block-heading\">Das Problem ist nicht mehr nur die Nachfrage.<\/h2>\n\n\n\n<p class=\"wp-block-paragraph\">Der R\u00fcckgang der Besucherzahlen geht mit gravierenden Problemen auf der Angebotsseite einher. Der kubanische Ministerpr\u00e4sident Manuel Marrero Cruz erkl\u00e4rte im Juli, dass aufgrund von Treibstoffengp\u00e4ssen und anderen Einschr\u00e4nkungen bis zu 731 touristische Einrichtungen geschlossen worden seien, w\u00e4hrend sich sieben internationale Hotelketten aus dem Gesch\u00e4ft auf der Insel zur\u00fcckgezogen h\u00e4tten.<\/p>\n\n\n\n<p class=\"wp-block-paragraph\">F\u00fcr <a href=\"https:\/\/tragento.com\/de\/kategorie\/reiseveranstalter\/\" data-type=\"category\" data-id=\"106\">Das ver\u00e4ndert die Arbeitsweise eines Reiseveranstalters.<\/a> auf deren Grundlage Kuba vermarktet werden kann. Der Preis des Pauschalangebots ist nicht mehr der einzige Faktor. Die Zuverl\u00e4ssigkeit der Fl\u00fcge, die Verf\u00fcgbarkeit von Hotels, die Energieversorgung, der Transport vor Ort und die Zahlungsinfrastruktur flie\u00dfen zunehmend in die Risikobewertung ein, bevor Kapazit\u00e4ten gebucht werden.<\/p>\n\n\n\n<h2 id=\"h-havana-pokusava-otvoriti-prostor-privatnom-sektoru\" class=\"wp-block-heading\">Havanna versucht, dem privaten Sektor mehr Spielraum zu verschaffen.<\/h2>\n\n\n\n<p class=\"wp-block-paragraph\">Die kubanischen Beh\u00f6rden versuchen nun, darauf zu reagieren, indem sie den Tourismusmarkt teilweise liberalisieren. Die neuen Ma\u00dfnahmen r\u00e4umen privaten Reiseb\u00fcros und unabh\u00e4ngigen Reiseleitern mehr Spielraum ein und erleichtern ausl\u00e4ndischen Investoren die Gesch\u00e4ftst\u00e4tigkeit.<\/p>\n\n\n\n<p class=\"wp-block-paragraph\">Die kurzfristige Herausforderung bleibt jedoch das Besucheraufkommen. Im Juli verzeichnete Kuba lediglich 32.272 internationale Besucher. Um das Jahresziel zu erreichen, m\u00fcssten in den n\u00e4chsten f\u00fcnf Monaten fast 1,8 Millionen weitere Besucher anreisen, was das derzeitige Tempo kaum aufrechtzuerhalten macht.<\/p>\n\n\n\n<p class=\"wp-block-paragraph\"><\/p>","protected":false},"excerpt":{"rendered":"<p>Kuba je od sije\u010dnja do srpnja 2026. primila samo 419.863 me\u0111unarodna posjetitelja. To je gotovo 63% manje nego u istom razdoblju pro\u0161le godine, a problemi s energijom, zra\u010dnom povezano\u0161\u0107u i hotelskim kapacitetima dodatno ote\u017eavaju oporavak destinacije. Kubanski turizam ulazi u jednu od najte\u017eih sezona posljednjih&#8230;<\/p>","protected":false},"author":2,"featured_media":12444,"comment_status":"closed","ping_status":"closed","sticky":false,"template":"","format":"standard","meta":{"_tragento_display_category":191,"footnotes":""},"categories":[191,206],"tags":[179,77],"class_list":["post-12443","post","type-post","status-publish","format-standard","has-post-thumbnail","hentry","category-destinacije","category-amerike","tag-destinacije","tag-trendovi-2026"],"yoast_head":"<!-- This site is optimized with the Yoast SEO Premium plugin v28.4 (Yoast SEO v28.4) - https:\/\/yoast.com\/product\/yoast-seo-premium-wordpress\/ -->\n<title>Kubanski turizam u slobodnom padu: \u0160to dalje? - Tragento<\/title>\n<meta name=\"description\" content=\"Istra\u017eite uzroke slobodnog pada Kubanskog turizma i broj posjetitelja koji su zabilje\u017eeni u 2026. godini.\" \/>\n<meta name=\"robots\" content=\"index, follow, max-snippet:-1, max-image-preview:large, max-video-preview:-1\" \/>\n<link rel=\"canonical\" href=\"https:\/\/tragento.com\/de\/kubanischer-tourismus-im-freien-fall-zahl-der-internationalen-besucher-sinkt-um-fast-63\/\" \/>\n<meta property=\"og:locale\" content=\"de_DE\" \/>\n<meta property=\"og:type\" content=\"article\" \/>\n<meta property=\"og:title\" content=\"Kubanski turizam u slobodnom padu: broj me\u0111unarodnih posjetitelja pao gotovo 63%\" \/>\n<meta property=\"og:description\" content=\"Istra\u017eite uzroke slobodnog pada Kubanskog turizma i broj posjetitelja koji su zabilje\u017eeni u 2026. godini.\" \/>\n<meta property=\"og:url\" content=\"https:\/\/tragento.com\/de\/kubanischer-tourismus-im-freien-fall-zahl-der-internationalen-besucher-sinkt-um-fast-63\/\" \/>\n<meta property=\"og:site_name\" content=\"Tragento\" \/>\n<meta property=\"article:publisher\" content=\"https:\/\/www.facebook.com\/profile.php?id=61567461024345\" \/>\n<meta property=\"article:published_time\" content=\"2026-09-05T14:40:56+00:00\" \/>\n<meta property=\"article:modified_time\" content=\"2026-09-05T14:46:38+00:00\" \/>\n<meta property=\"og:image\" content=\"https:\/\/tragento.com\/wp-content\/uploads\/2026\/09\/alexander-kunze-uLh71gTmZ4g-unsplash-scaled.jpg\" \/>\n\t<meta property=\"og:image:width\" content=\"2560\" \/>\n\t<meta property=\"og:image:height\" content=\"1707\" \/>\n\t<meta property=\"og:image:type\" content=\"image\/jpeg\" \/>\n<meta name=\"author\" content=\"stipan.spaija\" \/>\n<meta name=\"twitter:card\" content=\"summary_large_image\" \/>\n<meta name=\"twitter:label1\" content=\"Verfasst von\" \/>\n\t<meta name=\"twitter:data1\" content=\"stipan.spaija\" \/>\n\t<meta name=\"twitter:label2\" content=\"Gesch\u00e4tzte Lesezeit\" \/>\n\t<meta name=\"twitter:data2\" content=\"2\u00a0Minuten\" \/>\n<script type=\"application\/ld+json\" class=\"yoast-schema-graph\">{\"@context\":\"https:\\\/\\\/schema.org\",\"@graph\":[{\"@type\":\"Article\",\"@id\":\"https:\\\/\\\/tragento.com\\\/kubanski-turizam-u-slobodnom-padu-broj-medunarodnih-posjetitelja-pao-gotovo-63\\\/#article\",\"isPartOf\":{\"@id\":\"https:\\\/\\\/tragento.com\\\/kubanski-turizam-u-slobodnom-padu-broj-medunarodnih-posjetitelja-pao-gotovo-63\\\/\"},\"author\":{\"name\":\"stipan.spaija\",\"@id\":\"https:\\\/\\\/tragento.com\\\/#\\\/schema\\\/person\\\/90a4711289a0230e41987dc84e2a8f1f\"},\"headline\":\"Kubanski turizam u slobodnom padu: broj me\u0111unarodnih posjetitelja pao gotovo 63%\",\"datePublished\":\"2026-09-05T14:40:56+00:00\",\"dateModified\":\"2026-09-05T14:46:38+00:00\",\"mainEntityOfPage\":{\"@id\":\"https:\\\/\\\/tragento.com\\\/kubanski-turizam-u-slobodnom-padu-broj-medunarodnih-posjetitelja-pao-gotovo-63\\\/\"},\"wordCount\":362,\"publisher\":{\"@id\":\"https:\\\/\\\/tragento.com\\\/#organization\"},\"image\":{\"@id\":\"https:\\\/\\\/tragento.com\\\/kubanski-turizam-u-slobodnom-padu-broj-medunarodnih-posjetitelja-pao-gotovo-63\\\/#primaryimage\"},\"thumbnailUrl\":\"https:\\\/\\\/tragento.com\\\/wp-content\\\/uploads\\\/2026\\\/09\\\/alexander-kunze-uLh71gTmZ4g-unsplash-scaled.jpg\",\"keywords\":[\"destinacije\",\"trendovi 2026\"],\"articleSection\":[\"Destinacije\",\"Amerike\"],\"inLanguage\":\"de\"},{\"@type\":\"WebPage\",\"@id\":\"https:\\\/\\\/tragento.com\\\/kubanski-turizam-u-slobodnom-padu-broj-medunarodnih-posjetitelja-pao-gotovo-63\\\/\",\"url\":\"https:\\\/\\\/tragento.com\\\/kubanski-turizam-u-slobodnom-padu-broj-medunarodnih-posjetitelja-pao-gotovo-63\\\/\",\"name\":\"Kubanski turizam u slobodnom padu: \u0160to dalje? - Tragento\",\"isPartOf\":{\"@id\":\"https:\\\/\\\/tragento.com\\\/#website\"},\"primaryImageOfPage\":{\"@id\":\"https:\\\/\\\/tragento.com\\\/kubanski-turizam-u-slobodnom-padu-broj-medunarodnih-posjetitelja-pao-gotovo-63\\\/#primaryimage\"},\"image\":{\"@id\":\"https:\\\/\\\/tragento.com\\\/kubanski-turizam-u-slobodnom-padu-broj-medunarodnih-posjetitelja-pao-gotovo-63\\\/#primaryimage\"},\"thumbnailUrl\":\"https:\\\/\\\/tragento.com\\\/wp-content\\\/uploads\\\/2026\\\/09\\\/alexander-kunze-uLh71gTmZ4g-unsplash-scaled.jpg\",\"datePublished\":\"2026-09-05T14:40:56+00:00\",\"dateModified\":\"2026-09-05T14:46:38+00:00\",\"description\":\"Istra\u017eite uzroke slobodnog pada Kubanskog turizma i broj posjetitelja koji su zabilje\u017eeni u 2026. godini.\",\"breadcrumb\":{\"@id\":\"https:\\\/\\\/tragento.com\\\/kubanski-turizam-u-slobodnom-padu-broj-medunarodnih-posjetitelja-pao-gotovo-63\\\/#breadcrumb\"},\"inLanguage\":\"de\",\"potentialAction\":[{\"@type\":\"ReadAction\",\"target\":[\"https:\\\/\\\/tragento.com\\\/kubanski-turizam-u-slobodnom-padu-broj-medunarodnih-posjetitelja-pao-gotovo-63\\\/\"]}]},{\"@type\":\"ImageObject\",\"inLanguage\":\"de\",\"@id\":\"https:\\\/\\\/tragento.com\\\/kubanski-turizam-u-slobodnom-padu-broj-medunarodnih-posjetitelja-pao-gotovo-63\\\/#primaryimage\",\"url\":\"https:\\\/\\\/tragento.com\\\/wp-content\\\/uploads\\\/2026\\\/09\\\/alexander-kunze-uLh71gTmZ4g-unsplash-scaled.jpg\",\"contentUrl\":\"https:\\\/\\\/tragento.com\\\/wp-content\\\/uploads\\\/2026\\\/09\\\/alexander-kunze-uLh71gTmZ4g-unsplash-scaled.jpg\",\"width\":2560,\"height\":1707},{\"@type\":\"BreadcrumbList\",\"@id\":\"https:\\\/\\\/tragento.com\\\/kubanski-turizam-u-slobodnom-padu-broj-medunarodnih-posjetitelja-pao-gotovo-63\\\/#breadcrumb\",\"itemListElement\":[{\"@type\":\"ListItem\",\"position\":1,\"name\":\"Home\",\"item\":\"https:\\\/\\\/tragento.com\\\/\"},{\"@type\":\"ListItem\",\"position\":2,\"name\":\"Kubanski turizam u slobodnom padu: broj me\u0111unarodnih posjetitelja pao gotovo 63%\"}]},{\"@type\":\"WebSite\",\"@id\":\"https:\\\/\\\/tragento.com\\\/#website\",\"url\":\"https:\\\/\\\/tragento.com\\\/\",\"name\":\"Tragento\",\"description\":\"Your Trusted Travel Partner\",\"publisher\":{\"@id\":\"https:\\\/\\\/tragento.com\\\/#organization\"},\"potentialAction\":[{\"@type\":\"SearchAction\",\"target\":{\"@type\":\"EntryPoint\",\"urlTemplate\":\"https:\\\/\\\/tragento.com\\\/?s={search_term_string}\"},\"query-input\":{\"@type\":\"PropertyValueSpecification\",\"valueRequired\":true,\"valueName\":\"search_term_string\"}}],\"inLanguage\":\"de\"},{\"@type\":\"Organization\",\"@id\":\"https:\\\/\\\/tragento.com\\\/#organization\",\"name\":\"Tragento\",\"url\":\"https:\\\/\\\/tragento.com\\\/\",\"logo\":{\"@type\":\"ImageObject\",\"inLanguage\":\"de\",\"@id\":\"https:\\\/\\\/tragento.com\\\/#\\\/schema\\\/logo\\\/image\\\/\",\"url\":\"https:\\\/\\\/tragento.com\\\/wp-content\\\/uploads\\\/2026\\\/08\\\/Wordpress-Transparent.png\",\"contentUrl\":\"https:\\\/\\\/tragento.com\\\/wp-content\\\/uploads\\\/2026\\\/08\\\/Wordpress-Transparent.png\",\"width\":512,\"height\":512,\"caption\":\"Tragento\"},\"image\":{\"@id\":\"https:\\\/\\\/tragento.com\\\/#\\\/schema\\\/logo\\\/image\\\/\"},\"sameAs\":[\"https:\\\/\\\/www.facebook.com\\\/profile.php?id=61567461024345\"],\"email\":\"info@tragento.com\",\"vatID\":\"HR80113219655\"},{\"@type\":\"Person\",\"@id\":\"https:\\\/\\\/tragento.com\\\/#\\\/schema\\\/person\\\/90a4711289a0230e41987dc84e2a8f1f\",\"name\":\"stipan.spaija\",\"image\":{\"@type\":\"ImageObject\",\"inLanguage\":\"de\",\"@id\":\"https:\\\/\\\/secure.gravatar.com\\\/avatar\\\/46ef65dabb1d8437d028b65b563fda6f57826810ab502a7f951be82634843f60?s=96&d=mm&r=g\",\"url\":\"https:\\\/\\\/secure.gravatar.com\\\/avatar\\\/46ef65dabb1d8437d028b65b563fda6f57826810ab502a7f951be82634843f60?s=96&d=mm&r=g\",\"contentUrl\":\"https:\\\/\\\/secure.gravatar.com\\\/avatar\\\/46ef65dabb1d8437d028b65b563fda6f57826810ab502a7f951be82634843f60?s=96&d=mm&r=g\",\"caption\":\"stipan.spaija\"},\"birthDate\":\"1978-03-22\",\"gender\":\"Male\",\"knowsLanguage\":[\"Croatian\",\"English\"],\"url\":\"https:\\\/\\\/tragento.com\\\/de\\\/author\\\/stipan-spaija\\\/\"}]}<\/script>\n<!-- \/ Yoast SEO Premium plugin. -->","yoast_head_json":{"title":"Der kubanische Tourismus im freien Fall: Wie geht es weiter? \u2013 Tragento","description":"Untersuchen Sie die Ursachen f\u00fcr den Einbruch im kubanischen Tourismus und die im Jahr 2026 verzeichnete Besucherzahl.","robots":{"index":"index","follow":"follow","max-snippet":"max-snippet:-1","max-image-preview":"max-image-preview:large","max-video-preview":"max-video-preview:-1"},"canonical":"https:\/\/tragento.com\/de\/kubanischer-tourismus-im-freien-fall-zahl-der-internationalen-besucher-sinkt-um-fast-63\/","og_locale":"de_DE","og_type":"article","og_title":"Kubanski turizam u slobodnom padu: broj me\u0111unarodnih posjetitelja pao gotovo 63%","og_description":"Istra\u017eite uzroke slobodnog pada Kubanskog turizma i broj posjetitelja koji su zabilje\u017eeni u 2026. godini.","og_url":"https:\/\/tragento.com\/de\/kubanischer-tourismus-im-freien-fall-zahl-der-internationalen-besucher-sinkt-um-fast-63\/","og_site_name":"Tragento","article_publisher":"https:\/\/www.facebook.com\/profile.php?id=61567461024345","article_published_time":"2026-09-05T14:40:56+00:00","article_modified_time":"2026-09-05T14:46:38+00:00","og_image":[{"width":2560,"height":1707,"url":"https:\/\/tragento.com\/wp-content\/uploads\/2026\/09\/alexander-kunze-uLh71gTmZ4g-unsplash-scaled.jpg","type":"image\/jpeg"}],"author":"stipan.spaija","twitter_card":"summary_large_image","twitter_misc":{"Verfasst von":"stipan.spaija","Gesch\u00e4tzte Lesezeit":"2\u00a0Minuten"},"schema":{"@context":"https:\/\/schema.org","@graph":[{"@type":"Article","@id":"https:\/\/tragento.com\/kubanski-turizam-u-slobodnom-padu-broj-medunarodnih-posjetitelja-pao-gotovo-63\/#article","isPartOf":{"@id":"https:\/\/tragento.com\/kubanski-turizam-u-slobodnom-padu-broj-medunarodnih-posjetitelja-pao-gotovo-63\/"},"author":{"name":"stipan.spaija","@id":"https:\/\/tragento.com\/#\/schema\/person\/90a4711289a0230e41987dc84e2a8f1f"},"headline":"Kubanski turizam u slobodnom padu: broj me\u0111unarodnih posjetitelja pao gotovo 63%","datePublished":"2026-09-05T14:40:56+00:00","dateModified":"2026-09-05T14:46:38+00:00","mainEntityOfPage":{"@id":"https:\/\/tragento.com\/kubanski-turizam-u-slobodnom-padu-broj-medunarodnih-posjetitelja-pao-gotovo-63\/"},"wordCount":362,"publisher":{"@id":"https:\/\/tragento.com\/#organization"},"image":{"@id":"https:\/\/tragento.com\/kubanski-turizam-u-slobodnom-padu-broj-medunarodnih-posjetitelja-pao-gotovo-63\/#primaryimage"},"thumbnailUrl":"https:\/\/tragento.com\/wp-content\/uploads\/2026\/09\/alexander-kunze-uLh71gTmZ4g-unsplash-scaled.jpg","keywords":["destinacije","trendovi 2026"],"articleSection":["Destinacije","Amerike"],"inLanguage":"de"},{"@type":"WebPage","@id":"https:\/\/tragento.com\/kubanski-turizam-u-slobodnom-padu-broj-medunarodnih-posjetitelja-pao-gotovo-63\/","url":"https:\/\/tragento.com\/kubanski-turizam-u-slobodnom-padu-broj-medunarodnih-posjetitelja-pao-gotovo-63\/","name":"Der kubanische Tourismus im freien Fall: Wie geht es weiter? \u2013 Tragento","isPartOf":{"@id":"https:\/\/tragento.com\/#website"},"primaryImageOfPage":{"@id":"https:\/\/tragento.com\/kubanski-turizam-u-slobodnom-padu-broj-medunarodnih-posjetitelja-pao-gotovo-63\/#primaryimage"},"image":{"@id":"https:\/\/tragento.com\/kubanski-turizam-u-slobodnom-padu-broj-medunarodnih-posjetitelja-pao-gotovo-63\/#primaryimage"},"thumbnailUrl":"https:\/\/tragento.com\/wp-content\/uploads\/2026\/09\/alexander-kunze-uLh71gTmZ4g-unsplash-scaled.jpg","datePublished":"2026-09-05T14:40:56+00:00","dateModified":"2026-09-05T14:46:38+00:00","description":"Untersuchen Sie die Ursachen f\u00fcr den Einbruch im kubanischen Tourismus und die im Jahr 2026 verzeichnete Besucherzahl.","breadcrumb":{"@id":"https:\/\/tragento.com\/kubanski-turizam-u-slobodnom-padu-broj-medunarodnih-posjetitelja-pao-gotovo-63\/#breadcrumb"},"inLanguage":"de","potentialAction":[{"@type":"ReadAction","target":["https:\/\/tragento.com\/kubanski-turizam-u-slobodnom-padu-broj-medunarodnih-posjetitelja-pao-gotovo-63\/"]}]},{"@type":"ImageObject","inLanguage":"de","@id":"https:\/\/tragento.com\/kubanski-turizam-u-slobodnom-padu-broj-medunarodnih-posjetitelja-pao-gotovo-63\/#primaryimage","url":"https:\/\/tragento.com\/wp-content\/uploads\/2026\/09\/alexander-kunze-uLh71gTmZ4g-unsplash-scaled.jpg","contentUrl":"https:\/\/tragento.com\/wp-content\/uploads\/2026\/09\/alexander-kunze-uLh71gTmZ4g-unsplash-scaled.jpg","width":2560,"height":1707},{"@type":"BreadcrumbList","@id":"https:\/\/tragento.com\/kubanski-turizam-u-slobodnom-padu-broj-medunarodnih-posjetitelja-pao-gotovo-63\/#breadcrumb","itemListElement":[{"@type":"ListItem","position":1,"name":"Home","item":"https:\/\/tragento.com\/"},{"@type":"ListItem","position":2,"name":"Kubanski turizam u slobodnom padu: broj me\u0111unarodnih posjetitelja pao gotovo 63%"}]},{"@type":"WebSite","@id":"https:\/\/tragento.com\/#website","url":"https:\/\/tragento.com\/","name":"Tragento","description":"Ihr zuverl\u00e4ssiger Reisepartner","publisher":{"@id":"https:\/\/tragento.com\/#organization"},"potentialAction":[{"@type":"SearchAction","target":{"@type":"EntryPoint","urlTemplate":"https:\/\/tragento.com\/?s={search_term_string}"},"query-input":{"@type":"PropertyValueSpecification","valueRequired":true,"valueName":"search_term_string"}}],"inLanguage":"de"},{"@type":"Organization","@id":"https:\/\/tragento.com\/#organization","name":"Tragento","url":"https:\/\/tragento.com\/","logo":{"@type":"ImageObject","inLanguage":"de","@id":"https:\/\/tragento.com\/#\/schema\/logo\/image\/","url":"https:\/\/tragento.com\/wp-content\/uploads\/2026\/08\/Wordpress-Transparent.png","contentUrl":"https:\/\/tragento.com\/wp-content\/uploads\/2026\/08\/Wordpress-Transparent.png","width":512,"height":512,"caption":"Tragento"},"image":{"@id":"https:\/\/tragento.com\/#\/schema\/logo\/image\/"},"sameAs":["https:\/\/www.facebook.com\/profile.php?id=61567461024345"],"email":"info@tragento.com","vatID":"HR80113219655"},{"@type":"Person","@id":"https:\/\/tragento.com\/#\/schema\/person\/90a4711289a0230e41987dc84e2a8f1f","name":"stipan.spaija","image":{"@type":"ImageObject","inLanguage":"de","@id":"https:\/\/secure.gravatar.com\/avatar\/46ef65dabb1d8437d028b65b563fda6f57826810ab502a7f951be82634843f60?s=96&d=mm&r=g","url":"https:\/\/secure.gravatar.com\/avatar\/46ef65dabb1d8437d028b65b563fda6f57826810ab502a7f951be82634843f60?s=96&d=mm&r=g","contentUrl":"https:\/\/secure.gravatar.com\/avatar\/46ef65dabb1d8437d028b65b563fda6f57826810ab502a7f951be82634843f60?s=96&d=mm&r=g","caption":"stipan.spaija"},"birthDate":"1978-03-22","gender":"Male","knowsLanguage":["Croatian","English"],"url":"https:\/\/tragento.com\/de\/author\/stipan-spaija\/"}]}},"tragento_display_category":{"id":191,"name":"Reiseziele","slug":"reiseziele","link":"https:\/\/tragento.com\/de\/category\/destinacije\/"},"_links":{"self":[{"href":"https:\/\/tragento.com\/de\/wp-json\/wp\/v2\/posts\/12443","targetHints":{"allow":["GET"]}}],"collection":[{"href":"https:\/\/tragento.com\/de\/wp-json\/wp\/v2\/posts"}],"about":[{"href":"https:\/\/tragento.com\/de\/wp-json\/wp\/v2\/types\/post"}],"author":[{"embeddable":true,"href":"https:\/\/tragento.com\/de\/wp-json\/wp\/v2\/users\/2"}],"replies":[{"embeddable":true,"href":"https:\/\/tragento.com\/de\/wp-json\/wp\/v2\/comments?post=12443"}],"version-history":[{"count":1,"href":"https:\/\/tragento.com\/de\/wp-json\/wp\/v2\/posts\/12443\/revisions"}],"predecessor-version":[{"id":12445,"href":"https:\/\/tragento.com\/de\/wp-json\/wp\/v2\/posts\/12443\/revisions\/12445"}],"wp:featuredmedia":[{"embeddable":true,"href":"https:\/\/tragento.com\/de\/wp-json\/wp\/v2\/media\/12444"}],"wp:attachment":[{"href":"https:\/\/tragento.com\/de\/wp-json\/wp\/v2\/media?parent=12443"}],"wp:term":[{"taxonomy":"category","embeddable":true,"href":"https:\/\/tragento.com\/de\/wp-json\/wp\/v2\/categories?post=12443"},{"taxonomy":"post_tag","embeddable":true,"href":"https:\/\/tragento.com\/de\/wp-json\/wp\/v2\/tags?post=12443"}],"curies":[{"name":"WordPress","href":"https:\/\/api.w.org\/{rel}","templated":true}]}}