{"id":12441,"date":"2026-09-05T16:34:05","date_gmt":"2026-09-05T14:34:05","guid":{"rendered":"https:\/\/tragento.com\/?p=12441"},"modified":"2026-09-05T16:34:07","modified_gmt":"2026-09-05T14:34:07","slug":"air-canada-nimmt-ab-mai-2027-eine-flugverbindung-zwischen-montreal-und-dubrovnik-mit-drei-flugen-pro-woche-auf","status":"publish","type":"post","link":"https:\/\/tragento.com\/de\/air-canada-otvara-liniju-montreal-dubrovnik-tri-leta-tjedno-od-svibnja-2027\/","title":{"rendered":"Air Canada nimmt die Strecke Montr\u00e9al\u2013Dubrovnik auf: ab Mai 2027 drei Fl\u00fcge pro Woche."},"content":{"rendered":"<p class=\"wp-block-paragraph\">Ab dem 11. Mai 2027 wird Air Canada Montr\u00e9al und Dubrovnik mit Direktfl\u00fcgen mit Boeing 787 Dreamlinern verbinden. Die Strecke wird bis Ende Oktober dreimal w\u00f6chentlich bedient.<\/p>\n\n\n\n<p class=\"wp-block-paragraph\"><a href=\"https:\/\/tragento.com\/de\/kategorie\/luftfahrtindustrie\/\" data-type=\"category\" data-id=\"95\">Air Canada<\/a> Das Unternehmen hat die Aufnahme von Fl\u00fcgen nach Dubrovnik als Teil der gr\u00f6\u00dften interkontinentalen Netzwerkerweiterung seiner Geschichte best\u00e4tigt. F\u00fcr den kroatischen Tourismus ist vor allem entscheidend, was hinter der neuen Flugverbindung steckt: Dubrovnik erh\u00e4lt direkten Zugang zu einem wichtigen kanadischen Drehkreuz und einem umfangreichen Streckennetz mit Verbindungen in den Rest Kanadas und in die Vereinigten Staaten.<\/p>\n\n\n\n<h2 id=\"h-tri-tjedna-leta-tijekom-gotovo-cijele-ljetne-sezone\" class=\"wp-block-heading\">Drei Wochen lang Fl\u00fcge w\u00e4hrend fast der gesamten Sommersaison<\/h2>\n\n\n\n<p class=\"wp-block-paragraph\">Der Flug AC950 startet dienstags, donnerstags und samstags um 18:15 Uhr in Montreal und kommt am n\u00e4chsten Morgen um 08:30 Uhr in Dubrovnik an. Der erste Flug ist f\u00fcr den 11. Mai geplant, der letzte f\u00fcr den 23. Oktober 2027.<\/p>\n\n\n\n<p class=\"wp-block-paragraph\">In die entgegengesetzte Richtung wird der Flug AC951 mittwochs, freitags und sonntags stattfinden. Der Abflug von Dubrovnik ist f\u00fcr 10:45 Uhr vorgesehen, die Ankunft in Montr\u00e9al f\u00fcr 13:45 Uhr Ortszeit. Der letzte R\u00fcckflug der Saison ist f\u00fcr den 24. Oktober geplant.<\/p>\n\n\n\n<p class=\"wp-block-paragraph\">Air Canada plant, auf dieser Strecke eine Boeing 787 Dreamliner mit drei Passagierklassen einzusetzen: Signature Business, Premium Economy und Economy. Das Unternehmen nennt die hohe Nachfrage im Premium-Freizeitbereich als einen der Gr\u00fcnde f\u00fcr die Wahl von Dubrovnik.<\/p>\n\n\n\n<h2 id=\"h-cijene-vec-krecu-ispod-1-000-kanadskih-dolara\" class=\"wp-block-heading\">Die Preise beginnen bereits bei unter 1.000 kanadischen Dollar.<\/h2>\n\n\n\n<p class=\"wp-block-paragraph\">Tickets sind bereits \u00fcber das Verkaufssystem von Air Canada erh\u00e4ltlich und <a href=\"https:\/\/tragento.com\/de\/kategorie\/agenturen\/\" data-type=\"category\" data-id=\"102\">Reiseb\u00fcros<\/a>. Den am 5. September angezeigten Preisen zufolge ist ein Hin- und R\u00fcckflug von Montr\u00e9al nach Dubrovnik f\u00fcr bestimmte Termine im Mai 2027 bereits ab etwa 993 kanadischen Dollar in der Economy-Klasse erh\u00e4ltlich. F\u00fcr Juni beginnen die derzeit angezeigten g\u00fcnstigsten Tarife bei etwa 1.109 CAD, allerdings variieren die Preise je nach Datum und Verf\u00fcgbarkeit.<\/p>\n\n\n\n<h2 id=\"h-dubrovnik-jaca-poziciju-na-sjevernoamerickom-trzistu\" class=\"wp-block-heading\">Dubrovnik festigt seine Position auf dem nordamerikanischen Markt<\/h2>\n\n\n\n<p class=\"wp-block-paragraph\">Die neue Flugverbindung hat eine gr\u00f6\u00dfere Bedeutung als nur der direkte Flugverkehr zwischen Qu\u00e9bec und S\u00fcdkroatien. Montr\u00e9al ist einer der wichtigsten transatlantischen Drehkreuze von Air Canada, sodass die Reiserouten Anschlussfl\u00fcge aus einer Vielzahl kanadischer und US-amerikanischer St\u00e4dte beinhalten k\u00f6nnen.<\/p>\n\n\n\n<p class=\"wp-block-paragraph\"><\/p>","protected":false},"excerpt":{"rendered":"<p>Air Canada od 11. svibnja 2027. povezuje Montr\u00e9al i Dubrovnik izravnim letovima Boeingom 787 Dreamliner. Linija \u0107e prometovati tri puta tjedno sve do kraja listopada. Air Canada potvrdila je ulazak u Dubrovnik kao dio najve\u0107eg interkontinentalnog \u0161irenja mre\u017ee u svojoj povijesti. Za hrvatski turizam pritom&#8230;<\/p>","protected":false},"author":2,"featured_media":1881,"comment_status":"closed","ping_status":"closed","sticky":false,"template":"","format":"standard","meta":{"_tragento_display_category":0,"footnotes":""},"categories":[95,191,89],"tags":[340,71,179,364],"class_list":["post-12441","post","type-post","status-publish","format-standard","has-post-thumbnail","hentry","category-avioindustrija","category-destinacije","category-vijesti","tag-air-canada","tag-aviokompanije","tag-destinacije","tag-dubrovnik"],"yoast_head":"<!-- This site is optimized with the Yoast SEO Premium plugin v28.4 (Yoast SEO v28.4) - https:\/\/yoast.com\/product\/yoast-seo-premium-wordpress\/ -->\n<title>Air Canada otvara liniju Montr\u00e9al \u2013 Dubrovnik tri puta tjedno - Tragento<\/title>\n<meta name=\"description\" content=\"Air Canada otvara novu liniju Montr\u00e9al \u2013 Dubrovnik s izravnim letovima Boeingom 787 Dreamliner od 11. svibnja 2027.\" \/>\n<meta name=\"robots\" content=\"index, follow, max-snippet:-1, max-image-preview:large, max-video-preview:-1\" \/>\n<link rel=\"canonical\" href=\"https:\/\/tragento.com\/de\/air-canada-nimmt-ab-mai-2027-eine-flugverbindung-zwischen-montreal-und-dubrovnik-mit-drei-flugen-pro-woche-auf\/\" \/>\n<meta property=\"og:locale\" content=\"de_DE\" \/>\n<meta property=\"og:type\" content=\"article\" \/>\n<meta property=\"og:title\" content=\"Air Canada otvara liniju Montr\u00e9al \u2013 Dubrovnik: tri leta tjedno od svibnja 2027.\" \/>\n<meta property=\"og:description\" content=\"Air Canada otvara novu liniju Montr\u00e9al \u2013 Dubrovnik s izravnim letovima Boeingom 787 Dreamliner od 11. svibnja 2027.\" \/>\n<meta property=\"og:url\" content=\"https:\/\/tragento.com\/de\/air-canada-nimmt-ab-mai-2027-eine-flugverbindung-zwischen-montreal-und-dubrovnik-mit-drei-flugen-pro-woche-auf\/\" \/>\n<meta property=\"og:site_name\" content=\"Tragento\" \/>\n<meta property=\"article:publisher\" content=\"https:\/\/www.facebook.com\/profile.php?id=61567461024345\" \/>\n<meta property=\"article:published_time\" content=\"2026-09-05T14:34:05+00:00\" \/>\n<meta property=\"article:modified_time\" content=\"2026-09-05T14:34:07+00:00\" \/>\n<meta property=\"og:image\" content=\"https:\/\/tragento.com\/wp-content\/uploads\/2024\/09\/C-GVUH-Air-Canada-Airbus-A220-300-scaled-1.jpg\" \/>\n\t<meta property=\"og:image:width\" content=\"2048\" \/>\n\t<meta property=\"og:image:height\" content=\"1247\" \/>\n\t<meta property=\"og:image:type\" content=\"image\/jpeg\" \/>\n<meta name=\"author\" content=\"stipan.spaija\" \/>\n<meta name=\"twitter:card\" content=\"summary_large_image\" \/>\n<meta name=\"twitter:label1\" content=\"Verfasst von\" \/>\n\t<meta name=\"twitter:data1\" content=\"stipan.spaija\" \/>\n\t<meta name=\"twitter:label2\" content=\"Gesch\u00e4tzte Lesezeit\" \/>\n\t<meta name=\"twitter:data2\" content=\"2\u00a0Minuten\" \/>\n<script type=\"application\/ld+json\" class=\"yoast-schema-graph\">{\"@context\":\"https:\\\/\\\/schema.org\",\"@graph\":[{\"@type\":\"Article\",\"@id\":\"https:\\\/\\\/tragento.com\\\/air-canada-otvara-liniju-montreal-dubrovnik-tri-leta-tjedno-od-svibnja-2027\\\/#article\",\"isPartOf\":{\"@id\":\"https:\\\/\\\/tragento.com\\\/air-canada-otvara-liniju-montreal-dubrovnik-tri-leta-tjedno-od-svibnja-2027\\\/\"},\"author\":{\"name\":\"stipan.spaija\",\"@id\":\"https:\\\/\\\/tragento.com\\\/#\\\/schema\\\/person\\\/90a4711289a0230e41987dc84e2a8f1f\"},\"headline\":\"Air Canada otvara liniju Montr\u00e9al \u2013 Dubrovnik: tri leta tjedno od svibnja 2027.\",\"datePublished\":\"2026-09-05T14:34:05+00:00\",\"dateModified\":\"2026-09-05T14:34:07+00:00\",\"mainEntityOfPage\":{\"@id\":\"https:\\\/\\\/tragento.com\\\/air-canada-otvara-liniju-montreal-dubrovnik-tri-leta-tjedno-od-svibnja-2027\\\/\"},\"wordCount\":308,\"publisher\":{\"@id\":\"https:\\\/\\\/tragento.com\\\/#organization\"},\"image\":{\"@id\":\"https:\\\/\\\/tragento.com\\\/air-canada-otvara-liniju-montreal-dubrovnik-tri-leta-tjedno-od-svibnja-2027\\\/#primaryimage\"},\"thumbnailUrl\":\"https:\\\/\\\/tragento.com\\\/wp-content\\\/uploads\\\/2024\\\/09\\\/C-GVUH-Air-Canada-Airbus-A220-300-scaled-1.jpg\",\"keywords\":[\"Air canada\",\"aviokompanije\",\"destinacije\",\"dubrovnik\"],\"articleSection\":[\"Avioindustrija\",\"Destinacije\",\"Vijesti\"],\"inLanguage\":\"de\"},{\"@type\":\"WebPage\",\"@id\":\"https:\\\/\\\/tragento.com\\\/air-canada-otvara-liniju-montreal-dubrovnik-tri-leta-tjedno-od-svibnja-2027\\\/\",\"url\":\"https:\\\/\\\/tragento.com\\\/air-canada-otvara-liniju-montreal-dubrovnik-tri-leta-tjedno-od-svibnja-2027\\\/\",\"name\":\"Air Canada otvara liniju Montr\u00e9al \u2013 Dubrovnik tri puta tjedno - Tragento\",\"isPartOf\":{\"@id\":\"https:\\\/\\\/tragento.com\\\/#website\"},\"primaryImageOfPage\":{\"@id\":\"https:\\\/\\\/tragento.com\\\/air-canada-otvara-liniju-montreal-dubrovnik-tri-leta-tjedno-od-svibnja-2027\\\/#primaryimage\"},\"image\":{\"@id\":\"https:\\\/\\\/tragento.com\\\/air-canada-otvara-liniju-montreal-dubrovnik-tri-leta-tjedno-od-svibnja-2027\\\/#primaryimage\"},\"thumbnailUrl\":\"https:\\\/\\\/tragento.com\\\/wp-content\\\/uploads\\\/2024\\\/09\\\/C-GVUH-Air-Canada-Airbus-A220-300-scaled-1.jpg\",\"datePublished\":\"2026-09-05T14:34:05+00:00\",\"dateModified\":\"2026-09-05T14:34:07+00:00\",\"description\":\"Air Canada otvara novu liniju Montr\u00e9al \u2013 Dubrovnik s izravnim letovima Boeingom 787 Dreamliner od 11. svibnja 2027.\",\"breadcrumb\":{\"@id\":\"https:\\\/\\\/tragento.com\\\/air-canada-otvara-liniju-montreal-dubrovnik-tri-leta-tjedno-od-svibnja-2027\\\/#breadcrumb\"},\"inLanguage\":\"de\",\"potentialAction\":[{\"@type\":\"ReadAction\",\"target\":[\"https:\\\/\\\/tragento.com\\\/air-canada-otvara-liniju-montreal-dubrovnik-tri-leta-tjedno-od-svibnja-2027\\\/\"]}]},{\"@type\":\"ImageObject\",\"inLanguage\":\"de\",\"@id\":\"https:\\\/\\\/tragento.com\\\/air-canada-otvara-liniju-montreal-dubrovnik-tri-leta-tjedno-od-svibnja-2027\\\/#primaryimage\",\"url\":\"https:\\\/\\\/tragento.com\\\/wp-content\\\/uploads\\\/2024\\\/09\\\/C-GVUH-Air-Canada-Airbus-A220-300-scaled-1.jpg\",\"contentUrl\":\"https:\\\/\\\/tragento.com\\\/wp-content\\\/uploads\\\/2024\\\/09\\\/C-GVUH-Air-Canada-Airbus-A220-300-scaled-1.jpg\",\"width\":2048,\"height\":1247},{\"@type\":\"BreadcrumbList\",\"@id\":\"https:\\\/\\\/tragento.com\\\/air-canada-otvara-liniju-montreal-dubrovnik-tri-leta-tjedno-od-svibnja-2027\\\/#breadcrumb\",\"itemListElement\":[{\"@type\":\"ListItem\",\"position\":1,\"name\":\"Home\",\"item\":\"https:\\\/\\\/tragento.com\\\/\"},{\"@type\":\"ListItem\",\"position\":2,\"name\":\"Air Canada otvara liniju Montr\u00e9al \u2013 Dubrovnik: tri leta tjedno od svibnja 2027.\"}]},{\"@type\":\"WebSite\",\"@id\":\"https:\\\/\\\/tragento.com\\\/#website\",\"url\":\"https:\\\/\\\/tragento.com\\\/\",\"name\":\"Tragento\",\"description\":\"Your Trusted Travel Partner\",\"publisher\":{\"@id\":\"https:\\\/\\\/tragento.com\\\/#organization\"},\"potentialAction\":[{\"@type\":\"SearchAction\",\"target\":{\"@type\":\"EntryPoint\",\"urlTemplate\":\"https:\\\/\\\/tragento.com\\\/?s={search_term_string}\"},\"query-input\":{\"@type\":\"PropertyValueSpecification\",\"valueRequired\":true,\"valueName\":\"search_term_string\"}}],\"inLanguage\":\"de\"},{\"@type\":\"Organization\",\"@id\":\"https:\\\/\\\/tragento.com\\\/#organization\",\"name\":\"Tragento\",\"url\":\"https:\\\/\\\/tragento.com\\\/\",\"logo\":{\"@type\":\"ImageObject\",\"inLanguage\":\"de\",\"@id\":\"https:\\\/\\\/tragento.com\\\/#\\\/schema\\\/logo\\\/image\\\/\",\"url\":\"https:\\\/\\\/tragento.com\\\/wp-content\\\/uploads\\\/2026\\\/08\\\/Wordpress-Transparent.png\",\"contentUrl\":\"https:\\\/\\\/tragento.com\\\/wp-content\\\/uploads\\\/2026\\\/08\\\/Wordpress-Transparent.png\",\"width\":512,\"height\":512,\"caption\":\"Tragento\"},\"image\":{\"@id\":\"https:\\\/\\\/tragento.com\\\/#\\\/schema\\\/logo\\\/image\\\/\"},\"sameAs\":[\"https:\\\/\\\/www.facebook.com\\\/profile.php?id=61567461024345\"],\"email\":\"info@tragento.com\",\"vatID\":\"HR80113219655\"},{\"@type\":\"Person\",\"@id\":\"https:\\\/\\\/tragento.com\\\/#\\\/schema\\\/person\\\/90a4711289a0230e41987dc84e2a8f1f\",\"name\":\"stipan.spaija\",\"image\":{\"@type\":\"ImageObject\",\"inLanguage\":\"de\",\"@id\":\"https:\\\/\\\/secure.gravatar.com\\\/avatar\\\/46ef65dabb1d8437d028b65b563fda6f57826810ab502a7f951be82634843f60?s=96&d=mm&r=g\",\"url\":\"https:\\\/\\\/secure.gravatar.com\\\/avatar\\\/46ef65dabb1d8437d028b65b563fda6f57826810ab502a7f951be82634843f60?s=96&d=mm&r=g\",\"contentUrl\":\"https:\\\/\\\/secure.gravatar.com\\\/avatar\\\/46ef65dabb1d8437d028b65b563fda6f57826810ab502a7f951be82634843f60?s=96&d=mm&r=g\",\"caption\":\"stipan.spaija\"},\"birthDate\":\"1978-03-22\",\"gender\":\"Male\",\"knowsLanguage\":[\"Croatian\",\"English\"],\"url\":\"https:\\\/\\\/tragento.com\\\/de\\\/author\\\/stipan-spaija\\\/\"}]}<\/script>\n<!-- \/ Yoast SEO Premium plugin. -->","yoast_head_json":{"title":"Air Canada nimmt dreimal w\u00f6chentlich die Strecke Montr\u00e9al\u2013Dubrovnik auf \u2013 Tragento","description":"Air Canada nimmt ab dem 11. Mai 2027 eine neue Flugverbindung zwischen Montr\u00e9al und Dubrovnik mit Direktfl\u00fcgen in der Boeing 787 Dreamliner in Betrieb.","robots":{"index":"index","follow":"follow","max-snippet":"max-snippet:-1","max-image-preview":"max-image-preview:large","max-video-preview":"max-video-preview:-1"},"canonical":"https:\/\/tragento.com\/de\/air-canada-nimmt-ab-mai-2027-eine-flugverbindung-zwischen-montreal-und-dubrovnik-mit-drei-flugen-pro-woche-auf\/","og_locale":"de_DE","og_type":"article","og_title":"Air Canada otvara liniju Montr\u00e9al \u2013 Dubrovnik: tri leta tjedno od svibnja 2027.","og_description":"Air Canada otvara novu liniju Montr\u00e9al \u2013 Dubrovnik s izravnim letovima Boeingom 787 Dreamliner od 11. svibnja 2027.","og_url":"https:\/\/tragento.com\/de\/air-canada-nimmt-ab-mai-2027-eine-flugverbindung-zwischen-montreal-und-dubrovnik-mit-drei-flugen-pro-woche-auf\/","og_site_name":"Tragento","article_publisher":"https:\/\/www.facebook.com\/profile.php?id=61567461024345","article_published_time":"2026-09-05T14:34:05+00:00","article_modified_time":"2026-09-05T14:34:07+00:00","og_image":[{"width":2048,"height":1247,"url":"https:\/\/tragento.com\/wp-content\/uploads\/2024\/09\/C-GVUH-Air-Canada-Airbus-A220-300-scaled-1.jpg","type":"image\/jpeg"}],"author":"stipan.spaija","twitter_card":"summary_large_image","twitter_misc":{"Verfasst von":"stipan.spaija","Gesch\u00e4tzte Lesezeit":"2\u00a0Minuten"},"schema":{"@context":"https:\/\/schema.org","@graph":[{"@type":"Article","@id":"https:\/\/tragento.com\/air-canada-otvara-liniju-montreal-dubrovnik-tri-leta-tjedno-od-svibnja-2027\/#article","isPartOf":{"@id":"https:\/\/tragento.com\/air-canada-otvara-liniju-montreal-dubrovnik-tri-leta-tjedno-od-svibnja-2027\/"},"author":{"name":"stipan.spaija","@id":"https:\/\/tragento.com\/#\/schema\/person\/90a4711289a0230e41987dc84e2a8f1f"},"headline":"Air Canada otvara liniju Montr\u00e9al \u2013 Dubrovnik: tri leta tjedno od svibnja 2027.","datePublished":"2026-09-05T14:34:05+00:00","dateModified":"2026-09-05T14:34:07+00:00","mainEntityOfPage":{"@id":"https:\/\/tragento.com\/air-canada-otvara-liniju-montreal-dubrovnik-tri-leta-tjedno-od-svibnja-2027\/"},"wordCount":308,"publisher":{"@id":"https:\/\/tragento.com\/#organization"},"image":{"@id":"https:\/\/tragento.com\/air-canada-otvara-liniju-montreal-dubrovnik-tri-leta-tjedno-od-svibnja-2027\/#primaryimage"},"thumbnailUrl":"https:\/\/tragento.com\/wp-content\/uploads\/2024\/09\/C-GVUH-Air-Canada-Airbus-A220-300-scaled-1.jpg","keywords":["Air canada","aviokompanije","destinacije","dubrovnik"],"articleSection":["Avioindustrija","Destinacije","Vijesti"],"inLanguage":"de"},{"@type":"WebPage","@id":"https:\/\/tragento.com\/air-canada-otvara-liniju-montreal-dubrovnik-tri-leta-tjedno-od-svibnja-2027\/","url":"https:\/\/tragento.com\/air-canada-otvara-liniju-montreal-dubrovnik-tri-leta-tjedno-od-svibnja-2027\/","name":"Air Canada nimmt dreimal w\u00f6chentlich die Strecke Montr\u00e9al\u2013Dubrovnik auf \u2013 Tragento","isPartOf":{"@id":"https:\/\/tragento.com\/#website"},"primaryImageOfPage":{"@id":"https:\/\/tragento.com\/air-canada-otvara-liniju-montreal-dubrovnik-tri-leta-tjedno-od-svibnja-2027\/#primaryimage"},"image":{"@id":"https:\/\/tragento.com\/air-canada-otvara-liniju-montreal-dubrovnik-tri-leta-tjedno-od-svibnja-2027\/#primaryimage"},"thumbnailUrl":"https:\/\/tragento.com\/wp-content\/uploads\/2024\/09\/C-GVUH-Air-Canada-Airbus-A220-300-scaled-1.jpg","datePublished":"2026-09-05T14:34:05+00:00","dateModified":"2026-09-05T14:34:07+00:00","description":"Air Canada nimmt ab dem 11. Mai 2027 eine neue Flugverbindung zwischen Montr\u00e9al und Dubrovnik mit Direktfl\u00fcgen in der Boeing 787 Dreamliner in Betrieb.","breadcrumb":{"@id":"https:\/\/tragento.com\/air-canada-otvara-liniju-montreal-dubrovnik-tri-leta-tjedno-od-svibnja-2027\/#breadcrumb"},"inLanguage":"de","potentialAction":[{"@type":"ReadAction","target":["https:\/\/tragento.com\/air-canada-otvara-liniju-montreal-dubrovnik-tri-leta-tjedno-od-svibnja-2027\/"]}]},{"@type":"ImageObject","inLanguage":"de","@id":"https:\/\/tragento.com\/air-canada-otvara-liniju-montreal-dubrovnik-tri-leta-tjedno-od-svibnja-2027\/#primaryimage","url":"https:\/\/tragento.com\/wp-content\/uploads\/2024\/09\/C-GVUH-Air-Canada-Airbus-A220-300-scaled-1.jpg","contentUrl":"https:\/\/tragento.com\/wp-content\/uploads\/2024\/09\/C-GVUH-Air-Canada-Airbus-A220-300-scaled-1.jpg","width":2048,"height":1247},{"@type":"BreadcrumbList","@id":"https:\/\/tragento.com\/air-canada-otvara-liniju-montreal-dubrovnik-tri-leta-tjedno-od-svibnja-2027\/#breadcrumb","itemListElement":[{"@type":"ListItem","position":1,"name":"Home","item":"https:\/\/tragento.com\/"},{"@type":"ListItem","position":2,"name":"Air Canada otvara liniju Montr\u00e9al \u2013 Dubrovnik: tri leta tjedno od svibnja 2027."}]},{"@type":"WebSite","@id":"https:\/\/tragento.com\/#website","url":"https:\/\/tragento.com\/","name":"Tragento","description":"Ihr zuverl\u00e4ssiger Reisepartner","publisher":{"@id":"https:\/\/tragento.com\/#organization"},"potentialAction":[{"@type":"SearchAction","target":{"@type":"EntryPoint","urlTemplate":"https:\/\/tragento.com\/?s={search_term_string}"},"query-input":{"@type":"PropertyValueSpecification","valueRequired":true,"valueName":"search_term_string"}}],"inLanguage":"de"},{"@type":"Organization","@id":"https:\/\/tragento.com\/#organization","name":"Tragento","url":"https:\/\/tragento.com\/","logo":{"@type":"ImageObject","inLanguage":"de","@id":"https:\/\/tragento.com\/#\/schema\/logo\/image\/","url":"https:\/\/tragento.com\/wp-content\/uploads\/2026\/08\/Wordpress-Transparent.png","contentUrl":"https:\/\/tragento.com\/wp-content\/uploads\/2026\/08\/Wordpress-Transparent.png","width":512,"height":512,"caption":"Tragento"},"image":{"@id":"https:\/\/tragento.com\/#\/schema\/logo\/image\/"},"sameAs":["https:\/\/www.facebook.com\/profile.php?id=61567461024345"],"email":"info@tragento.com","vatID":"HR80113219655"},{"@type":"Person","@id":"https:\/\/tragento.com\/#\/schema\/person\/90a4711289a0230e41987dc84e2a8f1f","name":"stipan.spaija","image":{"@type":"ImageObject","inLanguage":"de","@id":"https:\/\/secure.gravatar.com\/avatar\/46ef65dabb1d8437d028b65b563fda6f57826810ab502a7f951be82634843f60?s=96&d=mm&r=g","url":"https:\/\/secure.gravatar.com\/avatar\/46ef65dabb1d8437d028b65b563fda6f57826810ab502a7f951be82634843f60?s=96&d=mm&r=g","contentUrl":"https:\/\/secure.gravatar.com\/avatar\/46ef65dabb1d8437d028b65b563fda6f57826810ab502a7f951be82634843f60?s=96&d=mm&r=g","caption":"stipan.spaija"},"birthDate":"1978-03-22","gender":"Male","knowsLanguage":["Croatian","English"],"url":"https:\/\/tragento.com\/de\/author\/stipan-spaija\/"}]}},"tragento_display_category":{"id":95,"name":"Luftfahrtindustrie","slug":"luftfahrtindustrie","link":"https:\/\/tragento.com\/de\/category\/avioindustrija\/"},"_links":{"self":[{"href":"https:\/\/tragento.com\/de\/wp-json\/wp\/v2\/posts\/12441","targetHints":{"allow":["GET"]}}],"collection":[{"href":"https:\/\/tragento.com\/de\/wp-json\/wp\/v2\/posts"}],"about":[{"href":"https:\/\/tragento.com\/de\/wp-json\/wp\/v2\/types\/post"}],"author":[{"embeddable":true,"href":"https:\/\/tragento.com\/de\/wp-json\/wp\/v2\/users\/2"}],"replies":[{"embeddable":true,"href":"https:\/\/tragento.com\/de\/wp-json\/wp\/v2\/comments?post=12441"}],"version-history":[{"count":1,"href":"https:\/\/tragento.com\/de\/wp-json\/wp\/v2\/posts\/12441\/revisions"}],"predecessor-version":[{"id":12442,"href":"https:\/\/tragento.com\/de\/wp-json\/wp\/v2\/posts\/12441\/revisions\/12442"}],"wp:featuredmedia":[{"embeddable":true,"href":"https:\/\/tragento.com\/de\/wp-json\/wp\/v2\/media\/1881"}],"wp:attachment":[{"href":"https:\/\/tragento.com\/de\/wp-json\/wp\/v2\/media?parent=12441"}],"wp:term":[{"taxonomy":"category","embeddable":true,"href":"https:\/\/tragento.com\/de\/wp-json\/wp\/v2\/categories?post=12441"},{"taxonomy":"post_tag","embeddable":true,"href":"https:\/\/tragento.com\/de\/wp-json\/wp\/v2\/tags?post=12441"}],"curies":[{"name":"WordPress","href":"https:\/\/api.w.org\/{rel}","templated":true}]}}