{"id":12433,"date":"2026-09-04T11:50:26","date_gmt":"2026-09-04T09:50:26","guid":{"rendered":"https:\/\/tragento.com\/?p=12433"},"modified":"2026-09-04T11:50:28","modified_gmt":"2026-09-04T09:50:28","slug":"air-france-hat-im-terminal-3-des-frankfurter-flughafens-eine-neue-lounge-eroffnet","status":"publish","type":"post","link":"https:\/\/tragento.com\/de\/air-france-otvorio-novi-lounge-u-terminalu-3-zracne-luke-frankfurt\/","title":{"rendered":"Air France hat im Terminal 3 des Frankfurter Flughafens eine neue Lounge er\u00f6ffnet."},"content":{"rendered":"<p class=\"wp-block-paragraph\"><a href=\"https:\/\/tragento.com\/de\/kategorie\/luftfahrtindustrie\/\" data-type=\"category\" data-id=\"95\">Air France<\/a> Am 1. September er\u00f6ffnete das Unternehmen eine neue Lounge in Frankfurt, wenige Monate nach der Inbetriebnahme des Terminals 3. Der fast 500 Quadratmeter gro\u00dfe Raum verf\u00fcgt \u00fcber rund 120 Sitzpl\u00e4tze und ist Teil der Investitionen des Unternehmens in ein Premium-Erlebnis an europ\u00e4ischen Flugh\u00e4fen.<\/p>\n\n\n\n<h2 id=\"h-novi-prostor-za-premium-putnike\" class=\"wp-block-heading\">Neuer Bereich f\u00fcr Premium-Passagiere<\/h2>\n\n\n\n<p class=\"wp-block-paragraph\">Die Lounge befindet sich im Schengen-Bereich des Terminals 3 und ist t\u00e4glich von 5:00 bis 21:30 Uhr ge\u00f6ffnet. Sie wird von Air France in Zusammenarbeit mit dem Global Lounge Network betrieben.<\/p>\n\n\n\n<p class=\"wp-block-paragraph\">Der Zugang steht berechtigten Passagieren der Business Class (mit Ausnahme von \u201eBusiness Light\u201c-Tarifen), Mitgliedern des Flying Blue Elite Plus-Programms sowie berechtigten Passagieren von KLM und anderen SkyTeam-Mitgliedern zur Verf\u00fcgung.<\/p>\n\n\n\n<p class=\"wp-block-paragraph\">Der Bereich umfasst Arbeits- und Ruhezonen, eine schallisolierte Kabine f\u00fcr Telefonate sowie einen eigenen Bereich f\u00fcr Flying Blue Ultimate-Mitglieder. Das gastronomische Angebot basiert auf der franz\u00f6sischen K\u00fcche und umfasst Weine, Champagner und regionale Biersorten.<\/p>\n\n\n\n<h2 id=\"h-terminal-3-mijenja-premium-ponudu-frankfurta\" class=\"wp-block-heading\">Terminal 3 ver\u00e4ndert das Premium-Angebot in Frankfurt<\/h2>\n\n\n\n<p class=\"wp-block-paragraph\">Das neue Frankfurter Terminal 3 wurde im April er\u00f6ffnet, und Air France sowie KLM haben ihren Betrieb Anfang Juni dorthin verlegt. Fraport sch\u00e4tzt, dass das Terminal bis zu 19 Millionen Passagiere pro Jahr abfertigen kann.<\/p>\n\n\n\n<p class=\"wp-block-paragraph\">Air France bietet im Sommerflugplan bis zu f\u00fcnf Fl\u00fcge t\u00e4glich zwischen Frankfurt und Paris-Charles-de-Gaulle an. Die Investition in eine eigene Lounge zeigt, wie sehr das Erlebnis vor dem Abflug zu einem wichtigen Bestandteil des Premium-Angebots geworden ist, insbesondere f\u00fcr Gesch\u00e4ftsreisende und das Unternehmenssegment.<\/p>\n\n\n\n<p class=\"wp-block-paragraph\"><\/p>","protected":false},"excerpt":{"rendered":"<p>Air France je 1. rujna otvorio novi lounge u Frankfurtu, nekoliko mjeseci nakon po\u010detka rada Terminala 3. Prostor od gotovo 500 \u010detvornih metara ima oko 120 mjesta i dio je ulaganja kompanije u premium iskustvo na europskim aerodromima. Novi prostor za premium putnike Lounge se&#8230;<\/p>","protected":false},"author":4,"featured_media":12434,"comment_status":"closed","ping_status":"closed","sticky":false,"template":"","format":"standard","meta":{"_tragento_display_category":0,"footnotes":""},"categories":[95,89],"tags":[109,71],"class_list":["post-12433","post","type-post","status-publish","format-standard","has-post-thumbnail","hentry","category-avioindustrija","category-vijesti","tag-afkl","tag-aviokompanije"],"yoast_head":"<!-- This site is optimized with the Yoast SEO Premium plugin v28.4 (Yoast SEO v28.4) - https:\/\/yoast.com\/product\/yoast-seo-premium-wordpress\/ -->\n<title>Air France otvorio novi lounge u Terminalu 3 zra\u010dne luke Frankfurt - Tragento<\/title>\n<meta name=\"description\" content=\"Air France otvorio novi lounge u Terminalu 3 zra\u010dne luke Frankfurt, s modernim sadr\u017eajima i francuskom kuhinjom.\" \/>\n<meta name=\"robots\" content=\"index, follow, max-snippet:-1, max-image-preview:large, max-video-preview:-1\" \/>\n<link rel=\"canonical\" href=\"https:\/\/tragento.com\/de\/air-france-hat-im-terminal-3-des-frankfurter-flughafens-eine-neue-lounge-eroffnet\/\" \/>\n<meta property=\"og:locale\" content=\"de_DE\" \/>\n<meta property=\"og:type\" content=\"article\" \/>\n<meta property=\"og:title\" content=\"Air France otvorio novi lounge u Terminalu 3 zra\u010dne luke Frankfurt\" \/>\n<meta property=\"og:description\" content=\"Air France otvorio novi lounge u Terminalu 3 zra\u010dne luke Frankfurt, s modernim sadr\u017eajima i francuskom kuhinjom.\" \/>\n<meta property=\"og:url\" content=\"https:\/\/tragento.com\/de\/air-france-hat-im-terminal-3-des-frankfurter-flughafens-eine-neue-lounge-eroffnet\/\" \/>\n<meta property=\"og:site_name\" content=\"Tragento\" \/>\n<meta property=\"article:publisher\" content=\"https:\/\/www.facebook.com\/profile.php?id=61567461024345\" \/>\n<meta property=\"article:published_time\" content=\"2026-09-04T09:50:26+00:00\" \/>\n<meta property=\"article:modified_time\" content=\"2026-09-04T09:50:28+00:00\" \/>\n<meta property=\"og:image\" content=\"https:\/\/tragento.com\/wp-content\/uploads\/2026\/09\/image1_0.jpg\" \/>\n\t<meta property=\"og:image:width\" content=\"1384\" \/>\n\t<meta property=\"og:image:height\" content=\"588\" \/>\n\t<meta property=\"og:image:type\" content=\"image\/jpeg\" \/>\n<meta name=\"author\" content=\"Redakcija Tragento\" \/>\n<meta name=\"twitter:card\" content=\"summary_large_image\" \/>\n<meta name=\"twitter:label1\" content=\"Verfasst von\" \/>\n\t<meta name=\"twitter:data1\" content=\"Redakcija Tragento\" \/>\n\t<meta name=\"twitter:label2\" content=\"Gesch\u00e4tzte Lesezeit\" \/>\n\t<meta name=\"twitter:data2\" content=\"2\u00a0Minuten\" \/>\n<script type=\"application\/ld+json\" class=\"yoast-schema-graph\">{\"@context\":\"https:\\\/\\\/schema.org\",\"@graph\":[{\"@type\":\"Article\",\"@id\":\"https:\\\/\\\/tragento.com\\\/air-france-otvorio-novi-lounge-u-terminalu-3-zracne-luke-frankfurt\\\/#article\",\"isPartOf\":{\"@id\":\"https:\\\/\\\/tragento.com\\\/air-france-otvorio-novi-lounge-u-terminalu-3-zracne-luke-frankfurt\\\/\"},\"author\":{\"name\":\"Redakcija Tragento\",\"@id\":\"https:\\\/\\\/tragento.com\\\/#\\\/schema\\\/person\\\/95fe7f1aa42cef250c1579037887dd54\"},\"headline\":\"Air France otvorio novi lounge u Terminalu 3 zra\u010dne luke Frankfurt\",\"datePublished\":\"2026-09-04T09:50:26+00:00\",\"dateModified\":\"2026-09-04T09:50:28+00:00\",\"mainEntityOfPage\":{\"@id\":\"https:\\\/\\\/tragento.com\\\/air-france-otvorio-novi-lounge-u-terminalu-3-zracne-luke-frankfurt\\\/\"},\"wordCount\":211,\"publisher\":{\"@id\":\"https:\\\/\\\/tragento.com\\\/#organization\"},\"image\":{\"@id\":\"https:\\\/\\\/tragento.com\\\/air-france-otvorio-novi-lounge-u-terminalu-3-zracne-luke-frankfurt\\\/#primaryimage\"},\"thumbnailUrl\":\"https:\\\/\\\/tragento.com\\\/wp-content\\\/uploads\\\/2026\\\/09\\\/image1_0.jpg\",\"keywords\":[\"Air France &amp; KLM\",\"aviokompanije\"],\"articleSection\":[\"Avioindustrija\",\"Vijesti\"],\"inLanguage\":\"de\"},{\"@type\":\"WebPage\",\"@id\":\"https:\\\/\\\/tragento.com\\\/air-france-otvorio-novi-lounge-u-terminalu-3-zracne-luke-frankfurt\\\/\",\"url\":\"https:\\\/\\\/tragento.com\\\/air-france-otvorio-novi-lounge-u-terminalu-3-zracne-luke-frankfurt\\\/\",\"name\":\"Air France otvorio novi lounge u Terminalu 3 zra\u010dne luke Frankfurt - Tragento\",\"isPartOf\":{\"@id\":\"https:\\\/\\\/tragento.com\\\/#website\"},\"primaryImageOfPage\":{\"@id\":\"https:\\\/\\\/tragento.com\\\/air-france-otvorio-novi-lounge-u-terminalu-3-zracne-luke-frankfurt\\\/#primaryimage\"},\"image\":{\"@id\":\"https:\\\/\\\/tragento.com\\\/air-france-otvorio-novi-lounge-u-terminalu-3-zracne-luke-frankfurt\\\/#primaryimage\"},\"thumbnailUrl\":\"https:\\\/\\\/tragento.com\\\/wp-content\\\/uploads\\\/2026\\\/09\\\/image1_0.jpg\",\"datePublished\":\"2026-09-04T09:50:26+00:00\",\"dateModified\":\"2026-09-04T09:50:28+00:00\",\"description\":\"Air France otvorio novi lounge u Terminalu 3 zra\u010dne luke Frankfurt, s modernim sadr\u017eajima i francuskom kuhinjom.\",\"breadcrumb\":{\"@id\":\"https:\\\/\\\/tragento.com\\\/air-france-otvorio-novi-lounge-u-terminalu-3-zracne-luke-frankfurt\\\/#breadcrumb\"},\"inLanguage\":\"de\",\"potentialAction\":[{\"@type\":\"ReadAction\",\"target\":[\"https:\\\/\\\/tragento.com\\\/air-france-otvorio-novi-lounge-u-terminalu-3-zracne-luke-frankfurt\\\/\"]}]},{\"@type\":\"ImageObject\",\"inLanguage\":\"de\",\"@id\":\"https:\\\/\\\/tragento.com\\\/air-france-otvorio-novi-lounge-u-terminalu-3-zracne-luke-frankfurt\\\/#primaryimage\",\"url\":\"https:\\\/\\\/tragento.com\\\/wp-content\\\/uploads\\\/2026\\\/09\\\/image1_0.jpg\",\"contentUrl\":\"https:\\\/\\\/tragento.com\\\/wp-content\\\/uploads\\\/2026\\\/09\\\/image1_0.jpg\",\"width\":1384,\"height\":588},{\"@type\":\"BreadcrumbList\",\"@id\":\"https:\\\/\\\/tragento.com\\\/air-france-otvorio-novi-lounge-u-terminalu-3-zracne-luke-frankfurt\\\/#breadcrumb\",\"itemListElement\":[{\"@type\":\"ListItem\",\"position\":1,\"name\":\"Home\",\"item\":\"https:\\\/\\\/tragento.com\\\/\"},{\"@type\":\"ListItem\",\"position\":2,\"name\":\"Air France otvorio novi lounge u Terminalu 3 zra\u010dne luke Frankfurt\"}]},{\"@type\":\"WebSite\",\"@id\":\"https:\\\/\\\/tragento.com\\\/#website\",\"url\":\"https:\\\/\\\/tragento.com\\\/\",\"name\":\"Tragento\",\"description\":\"Your Trusted Travel Partner\",\"publisher\":{\"@id\":\"https:\\\/\\\/tragento.com\\\/#organization\"},\"potentialAction\":[{\"@type\":\"SearchAction\",\"target\":{\"@type\":\"EntryPoint\",\"urlTemplate\":\"https:\\\/\\\/tragento.com\\\/?s={search_term_string}\"},\"query-input\":{\"@type\":\"PropertyValueSpecification\",\"valueRequired\":true,\"valueName\":\"search_term_string\"}}],\"inLanguage\":\"de\"},{\"@type\":\"Organization\",\"@id\":\"https:\\\/\\\/tragento.com\\\/#organization\",\"name\":\"Tragento\",\"url\":\"https:\\\/\\\/tragento.com\\\/\",\"logo\":{\"@type\":\"ImageObject\",\"inLanguage\":\"de\",\"@id\":\"https:\\\/\\\/tragento.com\\\/#\\\/schema\\\/logo\\\/image\\\/\",\"url\":\"https:\\\/\\\/tragento.com\\\/wp-content\\\/uploads\\\/2026\\\/08\\\/Wordpress-Transparent.png\",\"contentUrl\":\"https:\\\/\\\/tragento.com\\\/wp-content\\\/uploads\\\/2026\\\/08\\\/Wordpress-Transparent.png\",\"width\":512,\"height\":512,\"caption\":\"Tragento\"},\"image\":{\"@id\":\"https:\\\/\\\/tragento.com\\\/#\\\/schema\\\/logo\\\/image\\\/\"},\"sameAs\":[\"https:\\\/\\\/www.facebook.com\\\/profile.php?id=61567461024345\"],\"email\":\"info@tragento.com\",\"vatID\":\"HR80113219655\"},{\"@type\":\"Person\",\"@id\":\"https:\\\/\\\/tragento.com\\\/#\\\/schema\\\/person\\\/95fe7f1aa42cef250c1579037887dd54\",\"name\":\"Redakcija Tragento\",\"image\":{\"@type\":\"ImageObject\",\"inLanguage\":\"de\",\"@id\":\"https:\\\/\\\/secure.gravatar.com\\\/avatar\\\/0ebe50e6d1cec5518db52b33868877dde5c250a8e03fa11ecc71870b10e965fd?s=96&d=mm&r=g\",\"url\":\"https:\\\/\\\/secure.gravatar.com\\\/avatar\\\/0ebe50e6d1cec5518db52b33868877dde5c250a8e03fa11ecc71870b10e965fd?s=96&d=mm&r=g\",\"contentUrl\":\"https:\\\/\\\/secure.gravatar.com\\\/avatar\\\/0ebe50e6d1cec5518db52b33868877dde5c250a8e03fa11ecc71870b10e965fd?s=96&d=mm&r=g\",\"caption\":\"Redakcija Tragento\"},\"url\":\"https:\\\/\\\/tragento.com\\\/de\\\/author\\\/redakcija\\\/\"}]}<\/script>\n<!-- \/ Yoast SEO Premium plugin. -->","yoast_head_json":{"title":"Air France er\u00f6ffnet neue Lounge im Terminal 3 des Frankfurter Flughafens \u2013 Tragento","description":"Air France hat im Terminal 3 des Frankfurter Flughafens eine neue Lounge er\u00f6ffnet, die mit moderner Ausstattung und franz\u00f6sischer K\u00fcche aufwartet.","robots":{"index":"index","follow":"follow","max-snippet":"max-snippet:-1","max-image-preview":"max-image-preview:large","max-video-preview":"max-video-preview:-1"},"canonical":"https:\/\/tragento.com\/de\/air-france-hat-im-terminal-3-des-frankfurter-flughafens-eine-neue-lounge-eroffnet\/","og_locale":"de_DE","og_type":"article","og_title":"Air France otvorio novi lounge u Terminalu 3 zra\u010dne luke Frankfurt","og_description":"Air France otvorio novi lounge u Terminalu 3 zra\u010dne luke Frankfurt, s modernim sadr\u017eajima i francuskom kuhinjom.","og_url":"https:\/\/tragento.com\/de\/air-france-hat-im-terminal-3-des-frankfurter-flughafens-eine-neue-lounge-eroffnet\/","og_site_name":"Tragento","article_publisher":"https:\/\/www.facebook.com\/profile.php?id=61567461024345","article_published_time":"2026-09-04T09:50:26+00:00","article_modified_time":"2026-09-04T09:50:28+00:00","og_image":[{"width":1384,"height":588,"url":"https:\/\/tragento.com\/wp-content\/uploads\/2026\/09\/image1_0.jpg","type":"image\/jpeg"}],"author":"Redakcija Tragento","twitter_card":"summary_large_image","twitter_misc":{"Verfasst von":"Redakcija Tragento","Gesch\u00e4tzte Lesezeit":"2\u00a0Minuten"},"schema":{"@context":"https:\/\/schema.org","@graph":[{"@type":"Article","@id":"https:\/\/tragento.com\/air-france-otvorio-novi-lounge-u-terminalu-3-zracne-luke-frankfurt\/#article","isPartOf":{"@id":"https:\/\/tragento.com\/air-france-otvorio-novi-lounge-u-terminalu-3-zracne-luke-frankfurt\/"},"author":{"name":"Redakcija Tragento","@id":"https:\/\/tragento.com\/#\/schema\/person\/95fe7f1aa42cef250c1579037887dd54"},"headline":"Air France otvorio novi lounge u Terminalu 3 zra\u010dne luke Frankfurt","datePublished":"2026-09-04T09:50:26+00:00","dateModified":"2026-09-04T09:50:28+00:00","mainEntityOfPage":{"@id":"https:\/\/tragento.com\/air-france-otvorio-novi-lounge-u-terminalu-3-zracne-luke-frankfurt\/"},"wordCount":211,"publisher":{"@id":"https:\/\/tragento.com\/#organization"},"image":{"@id":"https:\/\/tragento.com\/air-france-otvorio-novi-lounge-u-terminalu-3-zracne-luke-frankfurt\/#primaryimage"},"thumbnailUrl":"https:\/\/tragento.com\/wp-content\/uploads\/2026\/09\/image1_0.jpg","keywords":["Air France &amp; KLM","aviokompanije"],"articleSection":["Avioindustrija","Vijesti"],"inLanguage":"de"},{"@type":"WebPage","@id":"https:\/\/tragento.com\/air-france-otvorio-novi-lounge-u-terminalu-3-zracne-luke-frankfurt\/","url":"https:\/\/tragento.com\/air-france-otvorio-novi-lounge-u-terminalu-3-zracne-luke-frankfurt\/","name":"Air France er\u00f6ffnet neue Lounge im Terminal 3 des Frankfurter Flughafens \u2013 Tragento","isPartOf":{"@id":"https:\/\/tragento.com\/#website"},"primaryImageOfPage":{"@id":"https:\/\/tragento.com\/air-france-otvorio-novi-lounge-u-terminalu-3-zracne-luke-frankfurt\/#primaryimage"},"image":{"@id":"https:\/\/tragento.com\/air-france-otvorio-novi-lounge-u-terminalu-3-zracne-luke-frankfurt\/#primaryimage"},"thumbnailUrl":"https:\/\/tragento.com\/wp-content\/uploads\/2026\/09\/image1_0.jpg","datePublished":"2026-09-04T09:50:26+00:00","dateModified":"2026-09-04T09:50:28+00:00","description":"Air France hat im Terminal 3 des Frankfurter Flughafens eine neue Lounge er\u00f6ffnet, die mit moderner Ausstattung und franz\u00f6sischer K\u00fcche aufwartet.","breadcrumb":{"@id":"https:\/\/tragento.com\/air-france-otvorio-novi-lounge-u-terminalu-3-zracne-luke-frankfurt\/#breadcrumb"},"inLanguage":"de","potentialAction":[{"@type":"ReadAction","target":["https:\/\/tragento.com\/air-france-otvorio-novi-lounge-u-terminalu-3-zracne-luke-frankfurt\/"]}]},{"@type":"ImageObject","inLanguage":"de","@id":"https:\/\/tragento.com\/air-france-otvorio-novi-lounge-u-terminalu-3-zracne-luke-frankfurt\/#primaryimage","url":"https:\/\/tragento.com\/wp-content\/uploads\/2026\/09\/image1_0.jpg","contentUrl":"https:\/\/tragento.com\/wp-content\/uploads\/2026\/09\/image1_0.jpg","width":1384,"height":588},{"@type":"BreadcrumbList","@id":"https:\/\/tragento.com\/air-france-otvorio-novi-lounge-u-terminalu-3-zracne-luke-frankfurt\/#breadcrumb","itemListElement":[{"@type":"ListItem","position":1,"name":"Home","item":"https:\/\/tragento.com\/"},{"@type":"ListItem","position":2,"name":"Air France otvorio novi lounge u Terminalu 3 zra\u010dne luke Frankfurt"}]},{"@type":"WebSite","@id":"https:\/\/tragento.com\/#website","url":"https:\/\/tragento.com\/","name":"Tragento","description":"Ihr zuverl\u00e4ssiger Reisepartner","publisher":{"@id":"https:\/\/tragento.com\/#organization"},"potentialAction":[{"@type":"SearchAction","target":{"@type":"EntryPoint","urlTemplate":"https:\/\/tragento.com\/?s={search_term_string}"},"query-input":{"@type":"PropertyValueSpecification","valueRequired":true,"valueName":"search_term_string"}}],"inLanguage":"de"},{"@type":"Organization","@id":"https:\/\/tragento.com\/#organization","name":"Tragento","url":"https:\/\/tragento.com\/","logo":{"@type":"ImageObject","inLanguage":"de","@id":"https:\/\/tragento.com\/#\/schema\/logo\/image\/","url":"https:\/\/tragento.com\/wp-content\/uploads\/2026\/08\/Wordpress-Transparent.png","contentUrl":"https:\/\/tragento.com\/wp-content\/uploads\/2026\/08\/Wordpress-Transparent.png","width":512,"height":512,"caption":"Tragento"},"image":{"@id":"https:\/\/tragento.com\/#\/schema\/logo\/image\/"},"sameAs":["https:\/\/www.facebook.com\/profile.php?id=61567461024345"],"email":"info@tragento.com","vatID":"HR80113219655"},{"@type":"Person","@id":"https:\/\/tragento.com\/#\/schema\/person\/95fe7f1aa42cef250c1579037887dd54","name":"Tragento Verlag","image":{"@type":"ImageObject","inLanguage":"de","@id":"https:\/\/secure.gravatar.com\/avatar\/0ebe50e6d1cec5518db52b33868877dde5c250a8e03fa11ecc71870b10e965fd?s=96&d=mm&r=g","url":"https:\/\/secure.gravatar.com\/avatar\/0ebe50e6d1cec5518db52b33868877dde5c250a8e03fa11ecc71870b10e965fd?s=96&d=mm&r=g","contentUrl":"https:\/\/secure.gravatar.com\/avatar\/0ebe50e6d1cec5518db52b33868877dde5c250a8e03fa11ecc71870b10e965fd?s=96&d=mm&r=g","caption":"Redakcija Tragento"},"url":"https:\/\/tragento.com\/de\/author\/redakcija\/"}]}},"tragento_display_category":{"id":95,"name":"Luftfahrtindustrie","slug":"luftfahrtindustrie","link":"https:\/\/tragento.com\/de\/category\/avioindustrija\/"},"_links":{"self":[{"href":"https:\/\/tragento.com\/de\/wp-json\/wp\/v2\/posts\/12433","targetHints":{"allow":["GET"]}}],"collection":[{"href":"https:\/\/tragento.com\/de\/wp-json\/wp\/v2\/posts"}],"about":[{"href":"https:\/\/tragento.com\/de\/wp-json\/wp\/v2\/types\/post"}],"author":[{"embeddable":true,"href":"https:\/\/tragento.com\/de\/wp-json\/wp\/v2\/users\/4"}],"replies":[{"embeddable":true,"href":"https:\/\/tragento.com\/de\/wp-json\/wp\/v2\/comments?post=12433"}],"version-history":[{"count":1,"href":"https:\/\/tragento.com\/de\/wp-json\/wp\/v2\/posts\/12433\/revisions"}],"predecessor-version":[{"id":12435,"href":"https:\/\/tragento.com\/de\/wp-json\/wp\/v2\/posts\/12433\/revisions\/12435"}],"wp:featuredmedia":[{"embeddable":true,"href":"https:\/\/tragento.com\/de\/wp-json\/wp\/v2\/media\/12434"}],"wp:attachment":[{"href":"https:\/\/tragento.com\/de\/wp-json\/wp\/v2\/media?parent=12433"}],"wp:term":[{"taxonomy":"category","embeddable":true,"href":"https:\/\/tragento.com\/de\/wp-json\/wp\/v2\/categories?post=12433"},{"taxonomy":"post_tag","embeddable":true,"href":"https:\/\/tragento.com\/de\/wp-json\/wp\/v2\/tags?post=12433"}],"curies":[{"name":"WordPress","href":"https:\/\/api.w.org\/{rel}","templated":true}]}}