{"id":12430,"date":"2026-09-03T13:01:26","date_gmt":"2026-09-03T11:01:26","guid":{"rendered":"https:\/\/tragento.com\/?p=12430"},"modified":"2026-09-03T13:01:28","modified_gmt":"2026-09-03T11:01:28","slug":"slowenien-schloss-den-sommer-mit-63-millionen-ubernachtungen-ab-der-fokus-verlagert-sich-vom-wachstum-auf-das-nachfragemanagement","status":"publish","type":"post","link":"https:\/\/tragento.com\/de\/slovenija-ljeto-zavrsila-s-63-milijuna-nocenja-fokus-se-seli-s-rasta-na-upravljanje-potraznjom\/","title":{"rendered":"Slowenien schloss den Sommer mit 6,3 Millionen \u00dcbernachtungen ab; der Fokus verlagert sich vom Wachstum auf die Nachfragesteuerung"},"content":{"rendered":"<p class=\"wp-block-paragraph\">Nach den derzeit vorliegenden Daten f\u00fcr Juli und August verzeichnete Slowenien 2,2 Millionen Touristenank\u00fcnfte und 6,3 Millionen \u00dcbernachtungen. Beide Kennzahlen stiegen um rund sieben Prozent, doch die Zahlen werfen erneut die Frage nach der Konzentration der G\u00e4ste auf die meistbesuchten Reiseziele auf.<\/p>\n\n\n\n<p class=\"wp-block-paragraph\"><a href=\"https:\/\/tragento.com\/de\/kategorie\/reiseziele\/\" data-type=\"category\" data-id=\"191\">Slowenischer Tourismus <\/a>Es war erneut ein sehr starker Sommer. Der Anstieg bei den Ank\u00fcnften und \u00dcbernachtungen best\u00e4tigt eine stabile internationale Nachfrage, doch der interessantere Teil der Geschichte verbirgt sich hinter den Gesamtzahlen. Slowenien macht zunehmend deutlich, dass es seinen zuk\u00fcnftigen Erfolg nicht mehr ausschlie\u00dflich an der Zahl der G\u00e4ste messen will, sondern an den Einnahmen, der r\u00e4umlichen Verteilung der Besucher und der Belastung der lokalen Gemeinden.<\/p>\n\n\n\n<h2 id=\"h-planinske-destinacije-predvode-rast\" class=\"wp-block-heading\">Bergregionen sind die Wachstumsmotoren<\/h2>\n\n\n\n<p class=\"wp-block-paragraph\">Die endg\u00fcltigen SURS-Daten f\u00fcr Juli zeigen deutlich, wo sich die Nachfrage konzentriert. In diesem Monat wurden 1,16 Millionen Ank\u00fcnfte verzeichnet, 10,6 Prozent mehr als im Vorjahr, sowie 3,26 Millionen \u00dcbernachtungen, was einem Anstieg von 8,9 Prozent entspricht.<\/p>\n\n\n\n<p class=\"wp-block-paragraph\">Bis zu 40 Prozent aller \u00dcbernachtungen im Juli entfielen auf Bergregionen. Bled, Bohinj und Kranjska Gora geh\u00f6rten zu den meistbesuchten Orten, und die Zahl der \u00dcbernachtungen in dieser Kategorie stieg um 13,8 Prozent. Gerade die Julischen Alpen werden nach Ansicht der Slowenischen Tourismusorganisation in der Hochsaison am st\u00e4rksten belastet.<\/p>\n\n\n\n<h2 id=\"h-privatni-smjestaj-i-kampovi-rastu-brze-od-hotela\" class=\"wp-block-heading\">Privatunterk\u00fcnfte und Campingpl\u00e4tze verzeichnen ein st\u00e4rkeres Wachstum als Hotels.<\/h2>\n\n\n\n<p class=\"wp-block-paragraph\">Auch die Struktur der \u00dcbernachtungen ist f\u00fcr die Tourismusbranche von Interesse. In privaten Unterk\u00fcnften wurden im Juli fast 968.000 \u00dcbernachtungen verzeichnet, 10,6 Prozent mehr als im Vorjahr, w\u00e4hrend Campingpl\u00e4tze mit 721.000 \u00dcbernachtungen einen Anstieg von 12,6 Prozent verzeichneten. In Hotels wurden rund 950.000 \u00dcbernachtungen verzeichnet, was einem Anstieg von 5,3 Prozent entspricht.<\/p>\n\n\n\n<p class=\"wp-block-paragraph\">Ein solcher Zusammenhang l\u00e4sst darauf schlie\u00dfen, dass ein Teil des Wachstums von Segmenten getragen wird, die eng mit Outdoor-Produkten und Individualreisen verbunden sind, was den Bedarf an einem Verkehrsmanagement auf Ebene der Reiseziele weiter erh\u00f6ht \u2013 statt sich lediglich auf die Steuerung der Beherbergungskapazit\u00e4ten zu beschr\u00e4nken.<\/p>\n\n\n\n<h2 id=\"h-slovenija-mijenja-kriterij-turistickog-uspjeha\" class=\"wp-block-heading\">Slowenien setzt neue Ma\u00dfst\u00e4be f\u00fcr den Erfolg im Tourismus.<\/h2>\n\n\n\n<p class=\"wp-block-paragraph\">Auf der Tourismusdiskussion des Bled Strategic Forum war die Botschaft ganz klar: Etablierte Reiseziele k\u00f6nnen einen Anstieg der G\u00e4stezahlen nicht mehr automatisch mit Erfolg gleichsetzen. Der Schwerpunkt verlagert sich nun auf einen h\u00f6heren Mehrwert pro Besucher, eine Verteilung der Nachfrage \u00fcber das ganze Jahr hinweg und den Schutz von Gebieten in den am st\u00e4rksten belasteten Regionen.<\/p>\n\n\n\n<p class=\"wp-block-paragraph\">Nachdem jahrelang die Besucherzahlen als ma\u00dfgeblicher Erfolgsfaktor galten, stellt sich nun zunehmend die Frage, wie viel der Tourismus der Region tats\u00e4chlich einbringt und wie viel die lokale Infrastruktur verkraften kann.<\/p>\n\n\n\n<p class=\"wp-block-paragraph\"><\/p>","protected":false},"excerpt":{"rendered":"<p>Prema trenuta\u010dno dostupnim podacima za srpanj i kolovoz, Slovenija je ostvarila 2,2 milijuna turisti\u010dkih dolazaka i 6,3 milijuna no\u0107enja. Oba pokazatelja porasla su oko sedam posto, no podaci ponovno otvaraju pitanje koncentracije gostiju u najposje\u0107enijim destinacijama. Slovenski turizam iza sebe ima jo\u0161 jedno vrlo sna\u017eno&#8230;<\/p>","protected":false},"author":2,"featured_media":12431,"comment_status":"closed","ping_status":"closed","sticky":false,"template":"","format":"standard","meta":{"_tragento_display_category":0,"footnotes":""},"categories":[191,139,81],"tags":[69,179,141,77],"class_list":["post-12430","post","type-post","status-publish","format-standard","has-post-thumbnail","hentry","category-destinacije","category-europa","category-osvrti","tag-analize","tag-destinacije","tag-slovenija","tag-trendovi-2026"],"yoast_head":"<!-- This site is optimized with the Yoast SEO Premium plugin v28.4 (Yoast SEO v28.4) - https:\/\/yoast.com\/product\/yoast-seo-premium-wordpress\/ -->\n<title>Slovenija ljeto zavr\u0161ila s 6.3 milijuna no\u0107enja - Tragento<\/title>\n<meta name=\"description\" content=\"Slovenija ljeto zavr\u0161ila s 6.3 milijuna no\u0107enja. Otkrijte rast turisti\u010dkih dolazaka i njegov utjecaj na lokalne zajednice.\" \/>\n<meta name=\"robots\" content=\"index, follow, max-snippet:-1, max-image-preview:large, max-video-preview:-1\" \/>\n<link rel=\"canonical\" href=\"https:\/\/tragento.com\/de\/slowenien-schloss-den-sommer-mit-63-millionen-ubernachtungen-ab-der-fokus-verlagert-sich-vom-wachstum-auf-das-nachfragemanagement\/\" \/>\n<meta property=\"og:locale\" content=\"de_DE\" \/>\n<meta property=\"og:type\" content=\"article\" \/>\n<meta property=\"og:title\" content=\"Slovenija ljeto zavr\u0161ila s 6,3 milijuna no\u0107enja, fokus se seli s rasta na upravljanje potra\u017enjom\" \/>\n<meta property=\"og:description\" content=\"Slovenija ljeto zavr\u0161ila s 6.3 milijuna no\u0107enja. Otkrijte rast turisti\u010dkih dolazaka i njegov utjecaj na lokalne zajednice.\" \/>\n<meta property=\"og:url\" content=\"https:\/\/tragento.com\/de\/slowenien-schloss-den-sommer-mit-63-millionen-ubernachtungen-ab-der-fokus-verlagert-sich-vom-wachstum-auf-das-nachfragemanagement\/\" \/>\n<meta property=\"og:site_name\" content=\"Tragento\" \/>\n<meta property=\"article:publisher\" content=\"https:\/\/www.facebook.com\/profile.php?id=61567461024345\" \/>\n<meta property=\"article:published_time\" content=\"2026-09-03T11:01:26+00:00\" \/>\n<meta property=\"article:modified_time\" content=\"2026-09-03T11:01:28+00:00\" \/>\n<meta property=\"og:image\" content=\"https:\/\/tragento.com\/wp-content\/uploads\/2026\/09\/sloveniski-forum-bled.jpg\" \/>\n\t<meta property=\"og:image:width\" content=\"1200\" \/>\n\t<meta property=\"og:image:height\" content=\"800\" \/>\n\t<meta property=\"og:image:type\" content=\"image\/jpeg\" \/>\n<meta name=\"author\" content=\"stipan.spaija\" \/>\n<meta name=\"twitter:card\" content=\"summary_large_image\" \/>\n<meta name=\"twitter:label1\" content=\"Verfasst von\" \/>\n\t<meta name=\"twitter:data1\" content=\"stipan.spaija\" \/>\n\t<meta name=\"twitter:label2\" content=\"Gesch\u00e4tzte Lesezeit\" \/>\n\t<meta name=\"twitter:data2\" content=\"2\u00a0Minuten\" \/>\n<script type=\"application\/ld+json\" class=\"yoast-schema-graph\">{\"@context\":\"https:\\\/\\\/schema.org\",\"@graph\":[{\"@type\":\"Article\",\"@id\":\"https:\\\/\\\/tragento.com\\\/slovenija-ljeto-zavrsila-s-63-milijuna-nocenja-fokus-se-seli-s-rasta-na-upravljanje-potraznjom\\\/#article\",\"isPartOf\":{\"@id\":\"https:\\\/\\\/tragento.com\\\/slovenija-ljeto-zavrsila-s-63-milijuna-nocenja-fokus-se-seli-s-rasta-na-upravljanje-potraznjom\\\/\"},\"author\":{\"name\":\"stipan.spaija\",\"@id\":\"https:\\\/\\\/tragento.com\\\/#\\\/schema\\\/person\\\/90a4711289a0230e41987dc84e2a8f1f\"},\"headline\":\"Slovenija ljeto zavr\u0161ila s 6,3 milijuna no\u0107enja, fokus se seli s rasta na upravljanje potra\u017enjom\",\"datePublished\":\"2026-09-03T11:01:26+00:00\",\"dateModified\":\"2026-09-03T11:01:28+00:00\",\"mainEntityOfPage\":{\"@id\":\"https:\\\/\\\/tragento.com\\\/slovenija-ljeto-zavrsila-s-63-milijuna-nocenja-fokus-se-seli-s-rasta-na-upravljanje-potraznjom\\\/\"},\"wordCount\":378,\"publisher\":{\"@id\":\"https:\\\/\\\/tragento.com\\\/#organization\"},\"image\":{\"@id\":\"https:\\\/\\\/tragento.com\\\/slovenija-ljeto-zavrsila-s-63-milijuna-nocenja-fokus-se-seli-s-rasta-na-upravljanje-potraznjom\\\/#primaryimage\"},\"thumbnailUrl\":\"https:\\\/\\\/tragento.com\\\/wp-content\\\/uploads\\\/2026\\\/09\\\/sloveniski-forum-bled.jpg\",\"keywords\":[\"analize\",\"destinacije\",\"slovenija\",\"trendovi 2026\"],\"articleSection\":[\"Destinacije\",\"Europa\",\"Osvrti, Analize &amp; Intervjui\"],\"inLanguage\":\"de\"},{\"@type\":\"WebPage\",\"@id\":\"https:\\\/\\\/tragento.com\\\/slovenija-ljeto-zavrsila-s-63-milijuna-nocenja-fokus-se-seli-s-rasta-na-upravljanje-potraznjom\\\/\",\"url\":\"https:\\\/\\\/tragento.com\\\/slovenija-ljeto-zavrsila-s-63-milijuna-nocenja-fokus-se-seli-s-rasta-na-upravljanje-potraznjom\\\/\",\"name\":\"Slovenija ljeto zavr\u0161ila s 6.3 milijuna no\u0107enja - Tragento\",\"isPartOf\":{\"@id\":\"https:\\\/\\\/tragento.com\\\/#website\"},\"primaryImageOfPage\":{\"@id\":\"https:\\\/\\\/tragento.com\\\/slovenija-ljeto-zavrsila-s-63-milijuna-nocenja-fokus-se-seli-s-rasta-na-upravljanje-potraznjom\\\/#primaryimage\"},\"image\":{\"@id\":\"https:\\\/\\\/tragento.com\\\/slovenija-ljeto-zavrsila-s-63-milijuna-nocenja-fokus-se-seli-s-rasta-na-upravljanje-potraznjom\\\/#primaryimage\"},\"thumbnailUrl\":\"https:\\\/\\\/tragento.com\\\/wp-content\\\/uploads\\\/2026\\\/09\\\/sloveniski-forum-bled.jpg\",\"datePublished\":\"2026-09-03T11:01:26+00:00\",\"dateModified\":\"2026-09-03T11:01:28+00:00\",\"description\":\"Slovenija ljeto zavr\u0161ila s 6.3 milijuna no\u0107enja. Otkrijte rast turisti\u010dkih dolazaka i njegov utjecaj na lokalne zajednice.\",\"breadcrumb\":{\"@id\":\"https:\\\/\\\/tragento.com\\\/slovenija-ljeto-zavrsila-s-63-milijuna-nocenja-fokus-se-seli-s-rasta-na-upravljanje-potraznjom\\\/#breadcrumb\"},\"inLanguage\":\"de\",\"potentialAction\":[{\"@type\":\"ReadAction\",\"target\":[\"https:\\\/\\\/tragento.com\\\/slovenija-ljeto-zavrsila-s-63-milijuna-nocenja-fokus-se-seli-s-rasta-na-upravljanje-potraznjom\\\/\"]}]},{\"@type\":\"ImageObject\",\"inLanguage\":\"de\",\"@id\":\"https:\\\/\\\/tragento.com\\\/slovenija-ljeto-zavrsila-s-63-milijuna-nocenja-fokus-se-seli-s-rasta-na-upravljanje-potraznjom\\\/#primaryimage\",\"url\":\"https:\\\/\\\/tragento.com\\\/wp-content\\\/uploads\\\/2026\\\/09\\\/sloveniski-forum-bled.jpg\",\"contentUrl\":\"https:\\\/\\\/tragento.com\\\/wp-content\\\/uploads\\\/2026\\\/09\\\/sloveniski-forum-bled.jpg\",\"width\":1200,\"height\":800},{\"@type\":\"BreadcrumbList\",\"@id\":\"https:\\\/\\\/tragento.com\\\/slovenija-ljeto-zavrsila-s-63-milijuna-nocenja-fokus-se-seli-s-rasta-na-upravljanje-potraznjom\\\/#breadcrumb\",\"itemListElement\":[{\"@type\":\"ListItem\",\"position\":1,\"name\":\"Home\",\"item\":\"https:\\\/\\\/tragento.com\\\/\"},{\"@type\":\"ListItem\",\"position\":2,\"name\":\"Slovenija ljeto zavr\u0161ila s 6,3 milijuna no\u0107enja, fokus se seli s rasta na upravljanje potra\u017enjom\"}]},{\"@type\":\"WebSite\",\"@id\":\"https:\\\/\\\/tragento.com\\\/#website\",\"url\":\"https:\\\/\\\/tragento.com\\\/\",\"name\":\"Tragento\",\"description\":\"Your Trusted Travel Partner\",\"publisher\":{\"@id\":\"https:\\\/\\\/tragento.com\\\/#organization\"},\"potentialAction\":[{\"@type\":\"SearchAction\",\"target\":{\"@type\":\"EntryPoint\",\"urlTemplate\":\"https:\\\/\\\/tragento.com\\\/?s={search_term_string}\"},\"query-input\":{\"@type\":\"PropertyValueSpecification\",\"valueRequired\":true,\"valueName\":\"search_term_string\"}}],\"inLanguage\":\"de\"},{\"@type\":\"Organization\",\"@id\":\"https:\\\/\\\/tragento.com\\\/#organization\",\"name\":\"Tragento\",\"url\":\"https:\\\/\\\/tragento.com\\\/\",\"logo\":{\"@type\":\"ImageObject\",\"inLanguage\":\"de\",\"@id\":\"https:\\\/\\\/tragento.com\\\/#\\\/schema\\\/logo\\\/image\\\/\",\"url\":\"https:\\\/\\\/tragento.com\\\/wp-content\\\/uploads\\\/2026\\\/08\\\/Wordpress-Transparent.png\",\"contentUrl\":\"https:\\\/\\\/tragento.com\\\/wp-content\\\/uploads\\\/2026\\\/08\\\/Wordpress-Transparent.png\",\"width\":512,\"height\":512,\"caption\":\"Tragento\"},\"image\":{\"@id\":\"https:\\\/\\\/tragento.com\\\/#\\\/schema\\\/logo\\\/image\\\/\"},\"sameAs\":[\"https:\\\/\\\/www.facebook.com\\\/profile.php?id=61567461024345\"],\"email\":\"info@tragento.com\",\"vatID\":\"HR80113219655\"},{\"@type\":\"Person\",\"@id\":\"https:\\\/\\\/tragento.com\\\/#\\\/schema\\\/person\\\/90a4711289a0230e41987dc84e2a8f1f\",\"name\":\"stipan.spaija\",\"image\":{\"@type\":\"ImageObject\",\"inLanguage\":\"de\",\"@id\":\"https:\\\/\\\/secure.gravatar.com\\\/avatar\\\/46ef65dabb1d8437d028b65b563fda6f57826810ab502a7f951be82634843f60?s=96&d=mm&r=g\",\"url\":\"https:\\\/\\\/secure.gravatar.com\\\/avatar\\\/46ef65dabb1d8437d028b65b563fda6f57826810ab502a7f951be82634843f60?s=96&d=mm&r=g\",\"contentUrl\":\"https:\\\/\\\/secure.gravatar.com\\\/avatar\\\/46ef65dabb1d8437d028b65b563fda6f57826810ab502a7f951be82634843f60?s=96&d=mm&r=g\",\"caption\":\"stipan.spaija\"},\"birthDate\":\"1978-03-22\",\"gender\":\"Male\",\"knowsLanguage\":[\"Croatian\",\"English\"],\"url\":\"https:\\\/\\\/tragento.com\\\/de\\\/author\\\/stipan-spaija\\\/\"}]}<\/script>\n<!-- \/ Yoast SEO Premium plugin. -->","yoast_head_json":{"title":"Slowenien schloss den Sommer mit 6,3 Millionen \u00dcbernachtungen ab \u2013 Tragento","description":"Slowenien schloss den Sommer mit 6,3 Millionen \u00dcbernachtungen ab. Erfahren Sie mehr \u00fcber den Anstieg der Besucherzahlen und dessen Auswirkungen auf die lokalen Gemeinden.","robots":{"index":"index","follow":"follow","max-snippet":"max-snippet:-1","max-image-preview":"max-image-preview:large","max-video-preview":"max-video-preview:-1"},"canonical":"https:\/\/tragento.com\/de\/slowenien-schloss-den-sommer-mit-63-millionen-ubernachtungen-ab-der-fokus-verlagert-sich-vom-wachstum-auf-das-nachfragemanagement\/","og_locale":"de_DE","og_type":"article","og_title":"Slovenija ljeto zavr\u0161ila s 6,3 milijuna no\u0107enja, fokus se seli s rasta na upravljanje potra\u017enjom","og_description":"Slovenija ljeto zavr\u0161ila s 6.3 milijuna no\u0107enja. Otkrijte rast turisti\u010dkih dolazaka i njegov utjecaj na lokalne zajednice.","og_url":"https:\/\/tragento.com\/de\/slowenien-schloss-den-sommer-mit-63-millionen-ubernachtungen-ab-der-fokus-verlagert-sich-vom-wachstum-auf-das-nachfragemanagement\/","og_site_name":"Tragento","article_publisher":"https:\/\/www.facebook.com\/profile.php?id=61567461024345","article_published_time":"2026-09-03T11:01:26+00:00","article_modified_time":"2026-09-03T11:01:28+00:00","og_image":[{"width":1200,"height":800,"url":"https:\/\/tragento.com\/wp-content\/uploads\/2026\/09\/sloveniski-forum-bled.jpg","type":"image\/jpeg"}],"author":"stipan.spaija","twitter_card":"summary_large_image","twitter_misc":{"Verfasst von":"stipan.spaija","Gesch\u00e4tzte Lesezeit":"2\u00a0Minuten"},"schema":{"@context":"https:\/\/schema.org","@graph":[{"@type":"Article","@id":"https:\/\/tragento.com\/slovenija-ljeto-zavrsila-s-63-milijuna-nocenja-fokus-se-seli-s-rasta-na-upravljanje-potraznjom\/#article","isPartOf":{"@id":"https:\/\/tragento.com\/slovenija-ljeto-zavrsila-s-63-milijuna-nocenja-fokus-se-seli-s-rasta-na-upravljanje-potraznjom\/"},"author":{"name":"stipan.spaija","@id":"https:\/\/tragento.com\/#\/schema\/person\/90a4711289a0230e41987dc84e2a8f1f"},"headline":"Slovenija ljeto zavr\u0161ila s 6,3 milijuna no\u0107enja, fokus se seli s rasta na upravljanje potra\u017enjom","datePublished":"2026-09-03T11:01:26+00:00","dateModified":"2026-09-03T11:01:28+00:00","mainEntityOfPage":{"@id":"https:\/\/tragento.com\/slovenija-ljeto-zavrsila-s-63-milijuna-nocenja-fokus-se-seli-s-rasta-na-upravljanje-potraznjom\/"},"wordCount":378,"publisher":{"@id":"https:\/\/tragento.com\/#organization"},"image":{"@id":"https:\/\/tragento.com\/slovenija-ljeto-zavrsila-s-63-milijuna-nocenja-fokus-se-seli-s-rasta-na-upravljanje-potraznjom\/#primaryimage"},"thumbnailUrl":"https:\/\/tragento.com\/wp-content\/uploads\/2026\/09\/sloveniski-forum-bled.jpg","keywords":["analize","destinacije","slovenija","trendovi 2026"],"articleSection":["Destinacije","Europa","Osvrti, Analize &amp; Intervjui"],"inLanguage":"de"},{"@type":"WebPage","@id":"https:\/\/tragento.com\/slovenija-ljeto-zavrsila-s-63-milijuna-nocenja-fokus-se-seli-s-rasta-na-upravljanje-potraznjom\/","url":"https:\/\/tragento.com\/slovenija-ljeto-zavrsila-s-63-milijuna-nocenja-fokus-se-seli-s-rasta-na-upravljanje-potraznjom\/","name":"Slowenien schloss den Sommer mit 6,3 Millionen \u00dcbernachtungen ab \u2013 Tragento","isPartOf":{"@id":"https:\/\/tragento.com\/#website"},"primaryImageOfPage":{"@id":"https:\/\/tragento.com\/slovenija-ljeto-zavrsila-s-63-milijuna-nocenja-fokus-se-seli-s-rasta-na-upravljanje-potraznjom\/#primaryimage"},"image":{"@id":"https:\/\/tragento.com\/slovenija-ljeto-zavrsila-s-63-milijuna-nocenja-fokus-se-seli-s-rasta-na-upravljanje-potraznjom\/#primaryimage"},"thumbnailUrl":"https:\/\/tragento.com\/wp-content\/uploads\/2026\/09\/sloveniski-forum-bled.jpg","datePublished":"2026-09-03T11:01:26+00:00","dateModified":"2026-09-03T11:01:28+00:00","description":"Slowenien schloss den Sommer mit 6,3 Millionen \u00dcbernachtungen ab. Erfahren Sie mehr \u00fcber den Anstieg der Besucherzahlen und dessen Auswirkungen auf die lokalen Gemeinden.","breadcrumb":{"@id":"https:\/\/tragento.com\/slovenija-ljeto-zavrsila-s-63-milijuna-nocenja-fokus-se-seli-s-rasta-na-upravljanje-potraznjom\/#breadcrumb"},"inLanguage":"de","potentialAction":[{"@type":"ReadAction","target":["https:\/\/tragento.com\/slovenija-ljeto-zavrsila-s-63-milijuna-nocenja-fokus-se-seli-s-rasta-na-upravljanje-potraznjom\/"]}]},{"@type":"ImageObject","inLanguage":"de","@id":"https:\/\/tragento.com\/slovenija-ljeto-zavrsila-s-63-milijuna-nocenja-fokus-se-seli-s-rasta-na-upravljanje-potraznjom\/#primaryimage","url":"https:\/\/tragento.com\/wp-content\/uploads\/2026\/09\/sloveniski-forum-bled.jpg","contentUrl":"https:\/\/tragento.com\/wp-content\/uploads\/2026\/09\/sloveniski-forum-bled.jpg","width":1200,"height":800},{"@type":"BreadcrumbList","@id":"https:\/\/tragento.com\/slovenija-ljeto-zavrsila-s-63-milijuna-nocenja-fokus-se-seli-s-rasta-na-upravljanje-potraznjom\/#breadcrumb","itemListElement":[{"@type":"ListItem","position":1,"name":"Home","item":"https:\/\/tragento.com\/"},{"@type":"ListItem","position":2,"name":"Slovenija ljeto zavr\u0161ila s 6,3 milijuna no\u0107enja, fokus se seli s rasta na upravljanje potra\u017enjom"}]},{"@type":"WebSite","@id":"https:\/\/tragento.com\/#website","url":"https:\/\/tragento.com\/","name":"Tragento","description":"Ihr zuverl\u00e4ssiger Reisepartner","publisher":{"@id":"https:\/\/tragento.com\/#organization"},"potentialAction":[{"@type":"SearchAction","target":{"@type":"EntryPoint","urlTemplate":"https:\/\/tragento.com\/?s={search_term_string}"},"query-input":{"@type":"PropertyValueSpecification","valueRequired":true,"valueName":"search_term_string"}}],"inLanguage":"de"},{"@type":"Organization","@id":"https:\/\/tragento.com\/#organization","name":"Tragento","url":"https:\/\/tragento.com\/","logo":{"@type":"ImageObject","inLanguage":"de","@id":"https:\/\/tragento.com\/#\/schema\/logo\/image\/","url":"https:\/\/tragento.com\/wp-content\/uploads\/2026\/08\/Wordpress-Transparent.png","contentUrl":"https:\/\/tragento.com\/wp-content\/uploads\/2026\/08\/Wordpress-Transparent.png","width":512,"height":512,"caption":"Tragento"},"image":{"@id":"https:\/\/tragento.com\/#\/schema\/logo\/image\/"},"sameAs":["https:\/\/www.facebook.com\/profile.php?id=61567461024345"],"email":"info@tragento.com","vatID":"HR80113219655"},{"@type":"Person","@id":"https:\/\/tragento.com\/#\/schema\/person\/90a4711289a0230e41987dc84e2a8f1f","name":"stipan.spaija","image":{"@type":"ImageObject","inLanguage":"de","@id":"https:\/\/secure.gravatar.com\/avatar\/46ef65dabb1d8437d028b65b563fda6f57826810ab502a7f951be82634843f60?s=96&d=mm&r=g","url":"https:\/\/secure.gravatar.com\/avatar\/46ef65dabb1d8437d028b65b563fda6f57826810ab502a7f951be82634843f60?s=96&d=mm&r=g","contentUrl":"https:\/\/secure.gravatar.com\/avatar\/46ef65dabb1d8437d028b65b563fda6f57826810ab502a7f951be82634843f60?s=96&d=mm&r=g","caption":"stipan.spaija"},"birthDate":"1978-03-22","gender":"Male","knowsLanguage":["Croatian","English"],"url":"https:\/\/tragento.com\/de\/author\/stipan-spaija\/"}]}},"tragento_display_category":{"id":191,"name":"Reiseziele","slug":"reiseziele","link":"https:\/\/tragento.com\/de\/category\/destinacije\/"},"_links":{"self":[{"href":"https:\/\/tragento.com\/de\/wp-json\/wp\/v2\/posts\/12430","targetHints":{"allow":["GET"]}}],"collection":[{"href":"https:\/\/tragento.com\/de\/wp-json\/wp\/v2\/posts"}],"about":[{"href":"https:\/\/tragento.com\/de\/wp-json\/wp\/v2\/types\/post"}],"author":[{"embeddable":true,"href":"https:\/\/tragento.com\/de\/wp-json\/wp\/v2\/users\/2"}],"replies":[{"embeddable":true,"href":"https:\/\/tragento.com\/de\/wp-json\/wp\/v2\/comments?post=12430"}],"version-history":[{"count":1,"href":"https:\/\/tragento.com\/de\/wp-json\/wp\/v2\/posts\/12430\/revisions"}],"predecessor-version":[{"id":12432,"href":"https:\/\/tragento.com\/de\/wp-json\/wp\/v2\/posts\/12430\/revisions\/12432"}],"wp:featuredmedia":[{"embeddable":true,"href":"https:\/\/tragento.com\/de\/wp-json\/wp\/v2\/media\/12431"}],"wp:attachment":[{"href":"https:\/\/tragento.com\/de\/wp-json\/wp\/v2\/media?parent=12430"}],"wp:term":[{"taxonomy":"category","embeddable":true,"href":"https:\/\/tragento.com\/de\/wp-json\/wp\/v2\/categories?post=12430"},{"taxonomy":"post_tag","embeddable":true,"href":"https:\/\/tragento.com\/de\/wp-json\/wp\/v2\/tags?post=12430"}],"curies":[{"name":"WordPress","href":"https:\/\/api.w.org\/{rel}","templated":true}]}}