{"id":12427,"date":"2026-09-03T12:53:23","date_gmt":"2026-09-03T10:53:23","guid":{"rendered":"https:\/\/tragento.com\/?p=12427"},"modified":"2026-09-03T12:53:25","modified_gmt":"2026-09-03T10:53:25","slug":"die-iata-strebt-eine-verlangerung-der-flexibilitat-beim-ees-an-da-neue-warteschlangen-an-den-grenzen-europa-bedrohen","status":"publish","type":"post","link":"https:\/\/tragento.com\/de\/iata-trazi-produljenje-ees-fleksibilnosti-europi-prijete-nove-guzve-na-granicama\/","title":{"rendered":"Die IATA fordert eine Verl\u00e4ngerung der Flexibilit\u00e4t beim EES: Europa steht vor neuen Warteschlangen an den Grenzen"},"content":{"rendered":"<p class=\"wp-block-paragraph\">Die IATA warnt davor, dass die Aufhebung der M\u00f6glichkeit einer vor\u00fcbergehenden Lockerung der biometrischen Kontrollen nach dem 6. September erneut zu l\u00e4ngeren Wartezeiten an den europ\u00e4ischen Grenzen f\u00fchren k\u00f6nnte. Die Fluggesellschaften fordern, dass diese M\u00f6glichkeit zumindest bis zum Ende der Wintersaison bestehen bleibt.<\/p>\n\n\n\n<p class=\"wp-block-paragraph\">Die International Air Transport Association (IATA) hat den Druck auf die Europ\u00e4ische Union erh\u00f6ht, nur wenige Tage vor dem Auslaufen der befristeten Ma\u00dfnahmen, die es den Mitgliedstaaten erm\u00f6glichen, die biometrische Komponente des Einreise-\/Ausreisesystems (EES) teilweise auszusetzen.<\/p>\n\n\n\n<p class=\"wp-block-paragraph\">Thomas Reynaert, Senior Vice President f\u00fcr Au\u00dfenbeziehungen bei der IATA, forderte bei einer Pressekonferenz am 3. September in Br\u00fcssel, dass diese Option bis zum Ende der Wintersaison bestehen bleiben solle. Die IATA fordert keine Verschiebung des EES, sondern die Beibehaltung eines Mechanismus, der es den Grenzbeh\u00f6rden erm\u00f6glicht, einzugreifen, wenn die Warteschlangen zu lang werden.<\/p>\n\n\n\n<h2 id=\"h-rok-istjece-nakon-ljetnog-testa-sustava\" class=\"wp-block-heading\">Die Frist l\u00e4uft nach dem Sommersystemtest ab.<\/h2>\n\n\n\n<p class=\"wp-block-paragraph\"><a href=\"https:\/\/tragento.com\/de\/das-e-system-fuhrt-bereits-zu-engpassen-an-den-flughafen-und-europa-fordert-dringende-anderungen-noch-vor-dem-sommerreiseansturm\/\" data-type=\"post\" data-id=\"11668\">EES<\/a> Ab dem 10. April 2026 wird es an den Au\u00dfengrenzen von 29 europ\u00e4ischen L\u00e4ndern voll funktionsf\u00e4hig sein. Das \u201eThird-Country Traveller System\u201c erfasst Ein- und Ausreisen digital und sammelt Gesichtsbilder und Fingerabdr\u00fccke.<\/p>\n\n\n\n<p class=\"wp-block-paragraph\">Gem\u00e4\u00df der europ\u00e4ischen Verordnung k\u00f6nnen die Mitgliedstaaten unter au\u00dfergew\u00f6hnlichen Umst\u00e4nden die Erfassung biometrischer Daten vor\u00fcbergehend aussetzen, wenn es aufgrund des Verkehrsaufkommens zu \u00fcberm\u00e4\u00dfigen Verz\u00f6gerungen kommt. Diese \u00dcbergangsregelung l\u00e4uft Anfang September aus.<\/p>\n\n\n\n<h2 id=\"h-iata-trazi-pouzdaniju-tehnologiju-i-vise-kapaciteta\" class=\"wp-block-heading\">Die IATA fordert zuverl\u00e4ssigere Technologie und gr\u00f6\u00dfere Kapazit\u00e4ten<\/h2>\n\n\n\n<p class=\"wp-block-paragraph\">Das Problem liegt laut IATA nicht nur in der Anzahl der Passagiere. Im Laufe des Sommers gab es Probleme mit der Software und der Ausr\u00fcstung, einen Mangel an Grenzbeamten sowie eine uneinheitliche Verf\u00fcgbarkeit von Selbstbedienungsterminals und automatisierten Gates.<\/p>\n\n\n\n<p class=\"wp-block-paragraph\">Die Branche setzt sich insbesondere f\u00fcr eine breitere Nutzung der Vorabregistrierung von Passagieren vor deren Ankunft an der Grenze ein. Bereits im Juni forderte die IATA eine Ausweitung der M\u00f6glichkeit, das EES teilweise auszusetzen, sowie klarere Standards f\u00fcr die Ausl\u00f6sung einer solchen Ma\u00dfnahme.<\/p>\n\n\n\n<h2 id=\"h-rizik-nije-jednak-na-svim-granicama\" class=\"wp-block-heading\">Das Risiko ist nicht an allen Grenzen gleich.<\/h2>\n\n\n\n<p class=\"wp-block-paragraph\">F\u00fcr <a href=\"https:\/\/tragento.com\/de\/kategorie\/reiseziele\/\" data-type=\"category\" data-id=\"191\">Adria-Region <\/a>Diese Frage ist insbesondere an den \u00e4u\u00dferen Schengen-Grenzen Kroatiens sowie auf den Routen relevant, \u00fcber die Reisende aus Serbien, Bosnien und Herzegowina, Montenegro und Albanien in den Schengen-Raum einreisen. L\u00e4ngere Verz\u00f6gerungen k\u00f6nnen sich auch auf Anschlussverbindungen, organisierte Reisen und Flugpl\u00e4ne auswirken.<\/p>\n\n\n\n<p class=\"wp-block-paragraph\">Neun europ\u00e4ische L\u00e4nder hatten bereits im Sommer nach dem 6. September eine Verl\u00e4ngerung der Flexibilit\u00e4tsregelung beantragt. Br\u00fcssel hatte jedoch bis Anfang September noch keine neue dauerhafte L\u00f6sung offiziell bekannt gegeben.<\/p>\n\n\n\n<p class=\"wp-block-paragraph\"><\/p>","protected":false},"excerpt":{"rendered":"<p>IATA upozorava da bi ukidanje mogu\u0107nosti privremenog ubla\u017eavanja biometrijskih provjera nakon 6. rujna moglo ponovno pove\u0107ati \u010dekanja na europskim granicama. Aviokompanije tra\u017ee da ta opcija ostane dostupna barem do kraja zimske sezone. Me\u0111unarodno udru\u017eenje zra\u010dnog prijevoza (IATA) poja\u010dalo je pritisak na Europsku uniju samo nekoliko&#8230;<\/p>","protected":false},"author":2,"featured_media":12428,"comment_status":"closed","ping_status":"closed","sticky":false,"template":"","format":"standard","meta":{"_tragento_display_category":0,"footnotes":""},"categories":[95,139,106],"tags":[69,179,472],"class_list":["post-12427","post","type-post","status-publish","format-standard","has-post-thumbnail","hentry","category-avioindustrija","category-europa","category-touroperatori","tag-analize","tag-destinacije","tag-ees"],"yoast_head":"<!-- This site is optimized with the Yoast SEO Premium plugin v28.4 (Yoast SEO v28.4) - https:\/\/yoast.com\/product\/yoast-seo-premium-wordpress\/ -->\n<title>IATA tra\u017ei produljenje EES fleksibilnosti za europske granice - Tragento<\/title>\n<meta name=\"description\" content=\"Pro\u010ditajte kako IATA tra\u017ei produljenje EES fleksibilnosti za pobolj\u0161anje ulaznih procedura na granicama Europske unije.\" \/>\n<meta name=\"robots\" content=\"index, follow, max-snippet:-1, max-image-preview:large, max-video-preview:-1\" \/>\n<link rel=\"canonical\" href=\"https:\/\/tragento.com\/de\/die-iata-strebt-eine-verlangerung-der-flexibilitat-beim-ees-an-da-neue-warteschlangen-an-den-grenzen-europa-bedrohen\/\" \/>\n<meta property=\"og:locale\" content=\"de_DE\" \/>\n<meta property=\"og:type\" content=\"article\" \/>\n<meta property=\"og:title\" content=\"IATA tra\u017ei produljenje EES fleksibilnosti: Europi prijete nove gu\u017eve na granicama\" \/>\n<meta property=\"og:description\" content=\"Pro\u010ditajte kako IATA tra\u017ei produljenje EES fleksibilnosti za pobolj\u0161anje ulaznih procedura na granicama Europske unije.\" \/>\n<meta property=\"og:url\" content=\"https:\/\/tragento.com\/de\/die-iata-strebt-eine-verlangerung-der-flexibilitat-beim-ees-an-da-neue-warteschlangen-an-den-grenzen-europa-bedrohen\/\" \/>\n<meta property=\"og:site_name\" content=\"Tragento\" \/>\n<meta property=\"article:publisher\" content=\"https:\/\/www.facebook.com\/profile.php?id=61567461024345\" \/>\n<meta property=\"article:published_time\" content=\"2026-09-03T10:53:23+00:00\" \/>\n<meta property=\"article:modified_time\" content=\"2026-09-03T10:53:25+00:00\" \/>\n<meta property=\"og:image\" content=\"https:\/\/tragento.com\/wp-content\/uploads\/2026\/09\/women-in-queue-at-check-in-counter-2025-02-11-15-47-31-utc-scaled.jpg\" \/>\n\t<meta property=\"og:image:width\" content=\"2560\" \/>\n\t<meta property=\"og:image:height\" content=\"1707\" \/>\n\t<meta property=\"og:image:type\" content=\"image\/jpeg\" \/>\n<meta name=\"author\" content=\"stipan.spaija\" \/>\n<meta name=\"twitter:card\" content=\"summary_large_image\" \/>\n<meta name=\"twitter:label1\" content=\"Verfasst von\" \/>\n\t<meta name=\"twitter:data1\" content=\"stipan.spaija\" \/>\n\t<meta name=\"twitter:label2\" content=\"Gesch\u00e4tzte Lesezeit\" \/>\n\t<meta name=\"twitter:data2\" content=\"2\u00a0Minuten\" \/>\n<script type=\"application\/ld+json\" class=\"yoast-schema-graph\">{\"@context\":\"https:\\\/\\\/schema.org\",\"@graph\":[{\"@type\":\"Article\",\"@id\":\"https:\\\/\\\/tragento.com\\\/iata-trazi-produljenje-ees-fleksibilnosti-europi-prijete-nove-guzve-na-granicama\\\/#article\",\"isPartOf\":{\"@id\":\"https:\\\/\\\/tragento.com\\\/iata-trazi-produljenje-ees-fleksibilnosti-europi-prijete-nove-guzve-na-granicama\\\/\"},\"author\":{\"name\":\"stipan.spaija\",\"@id\":\"https:\\\/\\\/tragento.com\\\/#\\\/schema\\\/person\\\/90a4711289a0230e41987dc84e2a8f1f\"},\"headline\":\"IATA tra\u017ei produljenje EES fleksibilnosti: Europi prijete nove gu\u017eve na granicama\",\"datePublished\":\"2026-09-03T10:53:23+00:00\",\"dateModified\":\"2026-09-03T10:53:25+00:00\",\"mainEntityOfPage\":{\"@id\":\"https:\\\/\\\/tragento.com\\\/iata-trazi-produljenje-ees-fleksibilnosti-europi-prijete-nove-guzve-na-granicama\\\/\"},\"wordCount\":355,\"publisher\":{\"@id\":\"https:\\\/\\\/tragento.com\\\/#organization\"},\"image\":{\"@id\":\"https:\\\/\\\/tragento.com\\\/iata-trazi-produljenje-ees-fleksibilnosti-europi-prijete-nove-guzve-na-granicama\\\/#primaryimage\"},\"thumbnailUrl\":\"https:\\\/\\\/tragento.com\\\/wp-content\\\/uploads\\\/2026\\\/09\\\/women-in-queue-at-check-in-counter-2025-02-11-15-47-31-utc-scaled.jpg\",\"keywords\":[\"analize\",\"destinacije\",\"ees\"],\"articleSection\":[\"Avioindustrija\",\"Europa\",\"Touroperatori\"],\"inLanguage\":\"de\"},{\"@type\":\"WebPage\",\"@id\":\"https:\\\/\\\/tragento.com\\\/iata-trazi-produljenje-ees-fleksibilnosti-europi-prijete-nove-guzve-na-granicama\\\/\",\"url\":\"https:\\\/\\\/tragento.com\\\/iata-trazi-produljenje-ees-fleksibilnosti-europi-prijete-nove-guzve-na-granicama\\\/\",\"name\":\"IATA tra\u017ei produljenje EES fleksibilnosti za europske granice - Tragento\",\"isPartOf\":{\"@id\":\"https:\\\/\\\/tragento.com\\\/#website\"},\"primaryImageOfPage\":{\"@id\":\"https:\\\/\\\/tragento.com\\\/iata-trazi-produljenje-ees-fleksibilnosti-europi-prijete-nove-guzve-na-granicama\\\/#primaryimage\"},\"image\":{\"@id\":\"https:\\\/\\\/tragento.com\\\/iata-trazi-produljenje-ees-fleksibilnosti-europi-prijete-nove-guzve-na-granicama\\\/#primaryimage\"},\"thumbnailUrl\":\"https:\\\/\\\/tragento.com\\\/wp-content\\\/uploads\\\/2026\\\/09\\\/women-in-queue-at-check-in-counter-2025-02-11-15-47-31-utc-scaled.jpg\",\"datePublished\":\"2026-09-03T10:53:23+00:00\",\"dateModified\":\"2026-09-03T10:53:25+00:00\",\"description\":\"Pro\u010ditajte kako IATA tra\u017ei produljenje EES fleksibilnosti za pobolj\u0161anje ulaznih procedura na granicama Europske unije.\",\"breadcrumb\":{\"@id\":\"https:\\\/\\\/tragento.com\\\/iata-trazi-produljenje-ees-fleksibilnosti-europi-prijete-nove-guzve-na-granicama\\\/#breadcrumb\"},\"inLanguage\":\"de\",\"potentialAction\":[{\"@type\":\"ReadAction\",\"target\":[\"https:\\\/\\\/tragento.com\\\/iata-trazi-produljenje-ees-fleksibilnosti-europi-prijete-nove-guzve-na-granicama\\\/\"]}]},{\"@type\":\"ImageObject\",\"inLanguage\":\"de\",\"@id\":\"https:\\\/\\\/tragento.com\\\/iata-trazi-produljenje-ees-fleksibilnosti-europi-prijete-nove-guzve-na-granicama\\\/#primaryimage\",\"url\":\"https:\\\/\\\/tragento.com\\\/wp-content\\\/uploads\\\/2026\\\/09\\\/women-in-queue-at-check-in-counter-2025-02-11-15-47-31-utc-scaled.jpg\",\"contentUrl\":\"https:\\\/\\\/tragento.com\\\/wp-content\\\/uploads\\\/2026\\\/09\\\/women-in-queue-at-check-in-counter-2025-02-11-15-47-31-utc-scaled.jpg\",\"width\":2560,\"height\":1707,\"caption\":\"Horizontal side view shot of four women standing in queue with their luggage at airport check-in counter, copy space\"},{\"@type\":\"BreadcrumbList\",\"@id\":\"https:\\\/\\\/tragento.com\\\/iata-trazi-produljenje-ees-fleksibilnosti-europi-prijete-nove-guzve-na-granicama\\\/#breadcrumb\",\"itemListElement\":[{\"@type\":\"ListItem\",\"position\":1,\"name\":\"Home\",\"item\":\"https:\\\/\\\/tragento.com\\\/\"},{\"@type\":\"ListItem\",\"position\":2,\"name\":\"IATA tra\u017ei produljenje EES fleksibilnosti: Europi prijete nove gu\u017eve na granicama\"}]},{\"@type\":\"WebSite\",\"@id\":\"https:\\\/\\\/tragento.com\\\/#website\",\"url\":\"https:\\\/\\\/tragento.com\\\/\",\"name\":\"Tragento\",\"description\":\"Your Trusted Travel Partner\",\"publisher\":{\"@id\":\"https:\\\/\\\/tragento.com\\\/#organization\"},\"potentialAction\":[{\"@type\":\"SearchAction\",\"target\":{\"@type\":\"EntryPoint\",\"urlTemplate\":\"https:\\\/\\\/tragento.com\\\/?s={search_term_string}\"},\"query-input\":{\"@type\":\"PropertyValueSpecification\",\"valueRequired\":true,\"valueName\":\"search_term_string\"}}],\"inLanguage\":\"de\"},{\"@type\":\"Organization\",\"@id\":\"https:\\\/\\\/tragento.com\\\/#organization\",\"name\":\"Tragento\",\"url\":\"https:\\\/\\\/tragento.com\\\/\",\"logo\":{\"@type\":\"ImageObject\",\"inLanguage\":\"de\",\"@id\":\"https:\\\/\\\/tragento.com\\\/#\\\/schema\\\/logo\\\/image\\\/\",\"url\":\"https:\\\/\\\/tragento.com\\\/wp-content\\\/uploads\\\/2026\\\/08\\\/Wordpress-Transparent.png\",\"contentUrl\":\"https:\\\/\\\/tragento.com\\\/wp-content\\\/uploads\\\/2026\\\/08\\\/Wordpress-Transparent.png\",\"width\":512,\"height\":512,\"caption\":\"Tragento\"},\"image\":{\"@id\":\"https:\\\/\\\/tragento.com\\\/#\\\/schema\\\/logo\\\/image\\\/\"},\"sameAs\":[\"https:\\\/\\\/www.facebook.com\\\/profile.php?id=61567461024345\"],\"email\":\"info@tragento.com\",\"vatID\":\"HR80113219655\"},{\"@type\":\"Person\",\"@id\":\"https:\\\/\\\/tragento.com\\\/#\\\/schema\\\/person\\\/90a4711289a0230e41987dc84e2a8f1f\",\"name\":\"stipan.spaija\",\"image\":{\"@type\":\"ImageObject\",\"inLanguage\":\"de\",\"@id\":\"https:\\\/\\\/secure.gravatar.com\\\/avatar\\\/46ef65dabb1d8437d028b65b563fda6f57826810ab502a7f951be82634843f60?s=96&d=mm&r=g\",\"url\":\"https:\\\/\\\/secure.gravatar.com\\\/avatar\\\/46ef65dabb1d8437d028b65b563fda6f57826810ab502a7f951be82634843f60?s=96&d=mm&r=g\",\"contentUrl\":\"https:\\\/\\\/secure.gravatar.com\\\/avatar\\\/46ef65dabb1d8437d028b65b563fda6f57826810ab502a7f951be82634843f60?s=96&d=mm&r=g\",\"caption\":\"stipan.spaija\"},\"birthDate\":\"1978-03-22\",\"gender\":\"Male\",\"knowsLanguage\":[\"Croatian\",\"English\"],\"url\":\"https:\\\/\\\/tragento.com\\\/de\\\/author\\\/stipan-spaija\\\/\"}]}<\/script>\n<!-- \/ Yoast SEO Premium plugin. -->","yoast_head_json":{"title":"IATA fordert Ausweitung der EES-Flexibilit\u00e4t auf europ\u00e4ische Grenzen \u2013 Tragento","description":"Lesen Sie, wie die IATA eine Ausweitung der Flexibilit\u00e4t im Rahmen des EES fordert, um die Einreiseverfahren an den Grenzen der Europ\u00e4ischen Union zu verbessern.","robots":{"index":"index","follow":"follow","max-snippet":"max-snippet:-1","max-image-preview":"max-image-preview:large","max-video-preview":"max-video-preview:-1"},"canonical":"https:\/\/tragento.com\/de\/die-iata-strebt-eine-verlangerung-der-flexibilitat-beim-ees-an-da-neue-warteschlangen-an-den-grenzen-europa-bedrohen\/","og_locale":"de_DE","og_type":"article","og_title":"IATA tra\u017ei produljenje EES fleksibilnosti: Europi prijete nove gu\u017eve na granicama","og_description":"Pro\u010ditajte kako IATA tra\u017ei produljenje EES fleksibilnosti za pobolj\u0161anje ulaznih procedura na granicama Europske unije.","og_url":"https:\/\/tragento.com\/de\/die-iata-strebt-eine-verlangerung-der-flexibilitat-beim-ees-an-da-neue-warteschlangen-an-den-grenzen-europa-bedrohen\/","og_site_name":"Tragento","article_publisher":"https:\/\/www.facebook.com\/profile.php?id=61567461024345","article_published_time":"2026-09-03T10:53:23+00:00","article_modified_time":"2026-09-03T10:53:25+00:00","og_image":[{"width":2560,"height":1707,"url":"https:\/\/tragento.com\/wp-content\/uploads\/2026\/09\/women-in-queue-at-check-in-counter-2025-02-11-15-47-31-utc-scaled.jpg","type":"image\/jpeg"}],"author":"stipan.spaija","twitter_card":"summary_large_image","twitter_misc":{"Verfasst von":"stipan.spaija","Gesch\u00e4tzte Lesezeit":"2\u00a0Minuten"},"schema":{"@context":"https:\/\/schema.org","@graph":[{"@type":"Article","@id":"https:\/\/tragento.com\/iata-trazi-produljenje-ees-fleksibilnosti-europi-prijete-nove-guzve-na-granicama\/#article","isPartOf":{"@id":"https:\/\/tragento.com\/iata-trazi-produljenje-ees-fleksibilnosti-europi-prijete-nove-guzve-na-granicama\/"},"author":{"name":"stipan.spaija","@id":"https:\/\/tragento.com\/#\/schema\/person\/90a4711289a0230e41987dc84e2a8f1f"},"headline":"IATA tra\u017ei produljenje EES fleksibilnosti: Europi prijete nove gu\u017eve na granicama","datePublished":"2026-09-03T10:53:23+00:00","dateModified":"2026-09-03T10:53:25+00:00","mainEntityOfPage":{"@id":"https:\/\/tragento.com\/iata-trazi-produljenje-ees-fleksibilnosti-europi-prijete-nove-guzve-na-granicama\/"},"wordCount":355,"publisher":{"@id":"https:\/\/tragento.com\/#organization"},"image":{"@id":"https:\/\/tragento.com\/iata-trazi-produljenje-ees-fleksibilnosti-europi-prijete-nove-guzve-na-granicama\/#primaryimage"},"thumbnailUrl":"https:\/\/tragento.com\/wp-content\/uploads\/2026\/09\/women-in-queue-at-check-in-counter-2025-02-11-15-47-31-utc-scaled.jpg","keywords":["analize","destinacije","ees"],"articleSection":["Avioindustrija","Europa","Touroperatori"],"inLanguage":"de"},{"@type":"WebPage","@id":"https:\/\/tragento.com\/iata-trazi-produljenje-ees-fleksibilnosti-europi-prijete-nove-guzve-na-granicama\/","url":"https:\/\/tragento.com\/iata-trazi-produljenje-ees-fleksibilnosti-europi-prijete-nove-guzve-na-granicama\/","name":"IATA fordert Ausweitung der EES-Flexibilit\u00e4t auf europ\u00e4ische Grenzen \u2013 Tragento","isPartOf":{"@id":"https:\/\/tragento.com\/#website"},"primaryImageOfPage":{"@id":"https:\/\/tragento.com\/iata-trazi-produljenje-ees-fleksibilnosti-europi-prijete-nove-guzve-na-granicama\/#primaryimage"},"image":{"@id":"https:\/\/tragento.com\/iata-trazi-produljenje-ees-fleksibilnosti-europi-prijete-nove-guzve-na-granicama\/#primaryimage"},"thumbnailUrl":"https:\/\/tragento.com\/wp-content\/uploads\/2026\/09\/women-in-queue-at-check-in-counter-2025-02-11-15-47-31-utc-scaled.jpg","datePublished":"2026-09-03T10:53:23+00:00","dateModified":"2026-09-03T10:53:25+00:00","description":"Lesen Sie, wie die IATA eine Ausweitung der Flexibilit\u00e4t im Rahmen des EES fordert, um die Einreiseverfahren an den Grenzen der Europ\u00e4ischen Union zu verbessern.","breadcrumb":{"@id":"https:\/\/tragento.com\/iata-trazi-produljenje-ees-fleksibilnosti-europi-prijete-nove-guzve-na-granicama\/#breadcrumb"},"inLanguage":"de","potentialAction":[{"@type":"ReadAction","target":["https:\/\/tragento.com\/iata-trazi-produljenje-ees-fleksibilnosti-europi-prijete-nove-guzve-na-granicama\/"]}]},{"@type":"ImageObject","inLanguage":"de","@id":"https:\/\/tragento.com\/iata-trazi-produljenje-ees-fleksibilnosti-europi-prijete-nove-guzve-na-granicama\/#primaryimage","url":"https:\/\/tragento.com\/wp-content\/uploads\/2026\/09\/women-in-queue-at-check-in-counter-2025-02-11-15-47-31-utc-scaled.jpg","contentUrl":"https:\/\/tragento.com\/wp-content\/uploads\/2026\/09\/women-in-queue-at-check-in-counter-2025-02-11-15-47-31-utc-scaled.jpg","width":2560,"height":1707,"caption":"Horizontal side view shot of four women standing in queue with their luggage at airport check-in counter, copy space"},{"@type":"BreadcrumbList","@id":"https:\/\/tragento.com\/iata-trazi-produljenje-ees-fleksibilnosti-europi-prijete-nove-guzve-na-granicama\/#breadcrumb","itemListElement":[{"@type":"ListItem","position":1,"name":"Home","item":"https:\/\/tragento.com\/"},{"@type":"ListItem","position":2,"name":"IATA tra\u017ei produljenje EES fleksibilnosti: Europi prijete nove gu\u017eve na granicama"}]},{"@type":"WebSite","@id":"https:\/\/tragento.com\/#website","url":"https:\/\/tragento.com\/","name":"Tragento","description":"Ihr zuverl\u00e4ssiger Reisepartner","publisher":{"@id":"https:\/\/tragento.com\/#organization"},"potentialAction":[{"@type":"SearchAction","target":{"@type":"EntryPoint","urlTemplate":"https:\/\/tragento.com\/?s={search_term_string}"},"query-input":{"@type":"PropertyValueSpecification","valueRequired":true,"valueName":"search_term_string"}}],"inLanguage":"de"},{"@type":"Organization","@id":"https:\/\/tragento.com\/#organization","name":"Tragento","url":"https:\/\/tragento.com\/","logo":{"@type":"ImageObject","inLanguage":"de","@id":"https:\/\/tragento.com\/#\/schema\/logo\/image\/","url":"https:\/\/tragento.com\/wp-content\/uploads\/2026\/08\/Wordpress-Transparent.png","contentUrl":"https:\/\/tragento.com\/wp-content\/uploads\/2026\/08\/Wordpress-Transparent.png","width":512,"height":512,"caption":"Tragento"},"image":{"@id":"https:\/\/tragento.com\/#\/schema\/logo\/image\/"},"sameAs":["https:\/\/www.facebook.com\/profile.php?id=61567461024345"],"email":"info@tragento.com","vatID":"HR80113219655"},{"@type":"Person","@id":"https:\/\/tragento.com\/#\/schema\/person\/90a4711289a0230e41987dc84e2a8f1f","name":"stipan.spaija","image":{"@type":"ImageObject","inLanguage":"de","@id":"https:\/\/secure.gravatar.com\/avatar\/46ef65dabb1d8437d028b65b563fda6f57826810ab502a7f951be82634843f60?s=96&d=mm&r=g","url":"https:\/\/secure.gravatar.com\/avatar\/46ef65dabb1d8437d028b65b563fda6f57826810ab502a7f951be82634843f60?s=96&d=mm&r=g","contentUrl":"https:\/\/secure.gravatar.com\/avatar\/46ef65dabb1d8437d028b65b563fda6f57826810ab502a7f951be82634843f60?s=96&d=mm&r=g","caption":"stipan.spaija"},"birthDate":"1978-03-22","gender":"Male","knowsLanguage":["Croatian","English"],"url":"https:\/\/tragento.com\/de\/author\/stipan-spaija\/"}]}},"tragento_display_category":{"id":95,"name":"Luftfahrtindustrie","slug":"luftfahrtindustrie","link":"https:\/\/tragento.com\/de\/category\/avioindustrija\/"},"_links":{"self":[{"href":"https:\/\/tragento.com\/de\/wp-json\/wp\/v2\/posts\/12427","targetHints":{"allow":["GET"]}}],"collection":[{"href":"https:\/\/tragento.com\/de\/wp-json\/wp\/v2\/posts"}],"about":[{"href":"https:\/\/tragento.com\/de\/wp-json\/wp\/v2\/types\/post"}],"author":[{"embeddable":true,"href":"https:\/\/tragento.com\/de\/wp-json\/wp\/v2\/users\/2"}],"replies":[{"embeddable":true,"href":"https:\/\/tragento.com\/de\/wp-json\/wp\/v2\/comments?post=12427"}],"version-history":[{"count":1,"href":"https:\/\/tragento.com\/de\/wp-json\/wp\/v2\/posts\/12427\/revisions"}],"predecessor-version":[{"id":12429,"href":"https:\/\/tragento.com\/de\/wp-json\/wp\/v2\/posts\/12427\/revisions\/12429"}],"wp:featuredmedia":[{"embeddable":true,"href":"https:\/\/tragento.com\/de\/wp-json\/wp\/v2\/media\/12428"}],"wp:attachment":[{"href":"https:\/\/tragento.com\/de\/wp-json\/wp\/v2\/media?parent=12427"}],"wp:term":[{"taxonomy":"category","embeddable":true,"href":"https:\/\/tragento.com\/de\/wp-json\/wp\/v2\/categories?post=12427"},{"taxonomy":"post_tag","embeddable":true,"href":"https:\/\/tragento.com\/de\/wp-json\/wp\/v2\/tags?post=12427"}],"curies":[{"name":"WordPress","href":"https:\/\/api.w.org\/{rel}","templated":true}]}}