{"id":12414,"date":"2026-09-02T12:34:41","date_gmt":"2026-09-02T10:34:41","guid":{"rendered":"https:\/\/tragento.com\/?p=12414"},"modified":"2026-09-02T13:58:14","modified_gmt":"2026-09-02T11:58:14","slug":"der-flugverkehr-nimmt-wieder-zu-europa-verzeichnete-im-juli-die-hochste-auslastung","status":"publish","type":"post","link":"https:\/\/tragento.com\/de\/zracni-promet-ponovno-raste-europa-u-srpnju-imala-najvisu-popunjenost-letova\/","title":{"rendered":"Der Flugverkehr nimmt wieder zu"},"content":{"rendered":"<h3 id=\"h-globalna-potraznja-povecana-je-za-skromnih-0-2-posto-dok-aviokompanije-za-rujan-planiraju-gotovo-tri-posto-vise-sjedala\" class=\"wp-block-heading\">Die weltweite Nachfrage ist um bescheidene 0,2 Prozent gestiegen, w\u00e4hrend die Fluggesellschaften f\u00fcr September fast drei Prozent mehr Sitzpl\u00e4tze planen.<\/h3>\n\n\n\n<p class=\"wp-block-paragraph\">Weltweiter Personenverkehr <a href=\"https:\/\/tragento.com\/de\/kategorie\/luftfahrtindustrie\/\" data-type=\"category\" data-id=\"95\">Flugverkehr<\/a> Im Juli 2026 kehrte nach drei aufeinanderfolgenden Monaten mit R\u00fcckg\u00e4ngen wieder Wachstum ein. Nach den neuesten Daten der International Air Transport Association (IATA) lag die Gesamtnachfrage, gemessen in Passagierkilometern (RPK), um 0,2 Prozent \u00fcber dem Wert des Vorjahresmonats.<\/p>\n\n\n\n<p class=\"wp-block-paragraph\">Das relativ schwache Gesamtergebnis war in erster Linie auf einen R\u00fcckgang des Verkehrsaufkommens auf <a href=\"https:\/\/tragento.com\/de\/kategorie\/reiseziele\/\" data-type=\"category\" data-id=\"191\">Naher Osten<\/a> sowie eine schw\u00e4chere Nachfrage seitens nordamerikanischer Fluggesellschaften. Ohne Ber\u00fccksichtigung der Fluggesellschaften aus dem Nahen Osten stieg das weltweite Passagieraufkommen um 1,2 Prozent.<\/p>\n\n\n\n<p class=\"wp-block-paragraph\">Die Kapazit\u00e4t, gemessen in verf\u00fcgbaren Passagierkilometern (ASK), stieg um 0,3 Prozent. Die durchschnittliche Auslastung lag bei hohen 85,2 Prozent und damit 0,1 Prozentpunkte unter dem Wert vom Juli 2025.<\/p>\n\n\n\n<h2 id=\"h-europa-biljezi-stabilan-rast\" class=\"wp-block-heading\">Europa verzeichnet ein stetiges Wachstum<\/h2>\n\n\n\n<p class=\"wp-block-paragraph\">Die europ\u00e4ischen Fluggesellschaften verzeichneten im Juli einen Anstieg des gesamten Passagieraufkommens um 2,1 Prozent, w\u00e4hrend ihre Kapazit\u00e4t um 2,3 Prozent zunahm. Die Auslastung lag bei 87,7 Prozent und war damit die h\u00f6chste aller Regionen weltweit.<\/p>\n\n\n\n<p class=\"wp-block-paragraph\">Im internationalen Verkehr der europ\u00e4ischen Fluggesellschaften wurde ein noch besseres Ergebnis verzeichnet. Die Nachfrage stieg um 3,1 Prozent, w\u00e4hrend die Kapazit\u00e4t um fast denselben Wert, n\u00e4mlich 3,2 Prozent, zunahm.<\/p>\n\n\n\n<p class=\"wp-block-paragraph\">Insbesondere das Flugaufkommen zwischen Europa und Asien stieg um bis zu 12,1 Prozent. Dies war im Juli der st\u00e4rkste Anstieg unter allen wichtigen internationalen Flugkorridoren.<\/p>\n\n\n\n<h2 id=\"h-medunarodni-promet-jos-blago-zaostaje\" class=\"wp-block-heading\">Der internationale Handel hinkt nach wie vor etwas hinterher.<\/h2>\n\n\n\n<p class=\"wp-block-paragraph\">Die weltweite internationale Nachfrage ging im Vergleich zum Juli des Vorjahres um 0,1 Prozent zur\u00fcck. Dies stellt jedoch eine Verbesserung gegen\u00fcber dem R\u00fcckgang von 0,6 Prozent im Juni dar.<\/p>\n\n\n\n<p class=\"wp-block-paragraph\">Ohne die Ergebnisse der Fluggesellschaften aus dem Nahen Osten w\u00e4re das internationale Verkehrsaufkommen um 1,5 Prozent gestiegen. Die internationale Kapazit\u00e4t stieg um 0,3 Prozent, w\u00e4hrend die Auslastung um 0,3 Prozentpunkte auf 85,2 Prozent sank.<\/p>\n\n\n\n<p class=\"wp-block-paragraph\">Die Fluggesellschaften aus dem Nahen Osten verzeichneten einen R\u00fcckgang der internationalen Nachfrage um 9,5 Prozent. Das Ergebnis ist zwar weiterhin negativ, f\u00e4llt jedoch deutlich besser aus als der R\u00fcckgang um 13,9 Prozent im Juni, was auf eine allm\u00e4hliche Erholung des Flugverkehrs \u00fcber die Luftverkehrsknotenpunkte am Golf hindeutet.<\/p>\n\n\n\n<h2 id=\"h-domaci-promet-ponovno-u-plusu\" class=\"wp-block-heading\">Inlandsverkehr wieder in den schwarzen Zahlen<\/h2>\n\n\n\n<p class=\"wp-block-paragraph\">Der inl\u00e4ndische Passagierverkehr stieg nach zwei Monaten mit r\u00fcckl\u00e4ufigen Zahlen um 0,6 Prozent. Die Erholung war vor allem auf den chinesischen Markt zur\u00fcckzuf\u00fchren, wo die Nachfrage um 5,3 Prozent zunahm.<\/p>\n\n\n\n<p class=\"wp-block-paragraph\">Die Inlandsflugkapazit\u00e4t stieg weltweit um 0,2 Prozent, w\u00e4hrend die Auslastung 85,3 Prozent erreichte. Unter den wichtigsten M\u00e4rkten verzeichnete Brasilien mit einem Anstieg des Inlandsflugverkehrs um sechs Prozent das st\u00e4rkste Wachstum.<\/p>\n\n\n\n<h2 id=\"h-aviokompanije-povecavaju-broj-sjedala\" class=\"wp-block-heading\">Die Fluggesellschaften erh\u00f6hen die Anzahl der Sitzpl\u00e4tze<\/h2>\n\n\n\n<p class=\"wp-block-paragraph\">Die Flugpl\u00e4ne deuten darauf hin, dass die Fluggesellschaften davon ausgehen, dass die solide Nachfrage auch nach dem H\u00f6hepunkt der Sommersaison anhalten wird. Die weltweite Zahl der verf\u00fcgbaren Sitzpl\u00e4tze d\u00fcrfte im August um 1,9 Prozent und im September um 2,9 Prozent h\u00f6her ausfallen als im Vorjahr.<\/p>\n\n\n\n<p class=\"wp-block-paragraph\">F\u00fcr die Region Asien-Pazifik wird im September ein Kapazit\u00e4tsanstieg von 3,4 Prozent erwartet. Im Nahen Osten wird zwar weiterhin mit einer geringeren Anzahl an Sitzpl\u00e4tzen als im Vorjahr gerechnet, doch d\u00fcrfte sich der R\u00fcckgang allm\u00e4hlich abschw\u00e4chen.<\/p>\n\n\n\n<p class=\"wp-block-paragraph\">Die Chef\u00f6konomin der IATA, Marie Owens Thomsen, bewertete die Ergebnisse der Sommersaison als weitgehend positiv, insbesondere angesichts der hohen Treibstoffpreise, der wirtschaftlichen Unsicherheit und der geopolitischen Spannungen. Die angek\u00fcndigte Kapazit\u00e4tserh\u00f6hung zeigt, dass die Fluggesellschaften weiterhin an die Nachfrage in der zweiten Jahresh\u00e4lfte glauben.<\/p>\n\n\n\n<p class=\"wp-block-paragraph\">Ein ausf\u00fchrlicher Bericht ist abrufbar unter <a href=\"https:\/\/www.iata.org\/en\/iata-repository\/publications\/economic-reports\/air-passenger-market-analysis-july-2026\/\">Die Seiten der IATA<\/a>.<\/p>\n\n\n\n<p class=\"wp-block-paragraph\"><\/p>","protected":false},"excerpt":{"rendered":"<p>Globalna potra\u017enja pove\u0107ana je za skromnih 0,2 posto, dok aviokompanije za rujan planiraju gotovo tri posto vi\u0161e sjedala Globalni putni\u010dki zra\u010dni promet u srpnju 2026. vratio se rastu nakon tri uzastopna mjeseca pada. Prema najnovijim podacima Me\u0111unarodnog udru\u017eenja zra\u010dnog prijevoza (IATA), ukupna potra\u017enja, mjerena prihodnim&#8230;<\/p>","protected":false},"author":2,"featured_media":7481,"comment_status":"closed","ping_status":"closed","sticky":false,"template":"","format":"standard","meta":{"_tragento_display_category":0,"footnotes":""},"categories":[95,89],"tags":[69,71,93,77],"class_list":["post-12414","post","type-post","status-publish","format-standard","has-post-thumbnail","hentry","category-avioindustrija","category-vijesti","tag-analize","tag-aviokompanije","tag-iata","tag-trendovi-2026"],"yoast_head":"<!-- This site is optimized with the Yoast SEO Premium plugin v28.4 (Yoast SEO v28.4) - https:\/\/yoast.com\/product\/yoast-seo-premium-wordpress\/ -->\n<title>Zra\u010dni promet ponovno raste: IATA analiza podataka - Tragento<\/title>\n<meta name=\"description\" content=\"Zra\u010dni promet ponovno raste u srpnju 2026. godine. Saznajte vi\u0161e o globalnim trendovima i potra\u017enji u zra\u010dnom prijevozu.\" \/>\n<meta name=\"robots\" content=\"index, follow, max-snippet:-1, max-image-preview:large, max-video-preview:-1\" \/>\n<link rel=\"canonical\" href=\"https:\/\/tragento.com\/de\/der-flugverkehr-nimmt-wieder-zu-europa-verzeichnete-im-juli-die-hochste-auslastung\/\" \/>\n<meta property=\"og:locale\" content=\"de_DE\" \/>\n<meta property=\"og:type\" content=\"article\" \/>\n<meta property=\"og:title\" content=\"Zra\u010dni promet ponovno raste\" \/>\n<meta property=\"og:description\" content=\"Zra\u010dni promet ponovno raste u srpnju 2026. godine. Saznajte vi\u0161e o globalnim trendovima i potra\u017enji u zra\u010dnom prijevozu.\" \/>\n<meta property=\"og:url\" content=\"https:\/\/tragento.com\/de\/der-flugverkehr-nimmt-wieder-zu-europa-verzeichnete-im-juli-die-hochste-auslastung\/\" \/>\n<meta property=\"og:site_name\" content=\"Tragento\" \/>\n<meta property=\"article:publisher\" content=\"https:\/\/www.facebook.com\/profile.php?id=61567461024345\" \/>\n<meta property=\"article:published_time\" content=\"2026-09-02T10:34:41+00:00\" \/>\n<meta property=\"article:modified_time\" content=\"2026-09-02T11:58:14+00:00\" \/>\n<meta property=\"og:image\" content=\"https:\/\/tragento.com\/wp-content\/uploads\/2025\/12\/dsc-5998-2025-03-14-21-23-56-utc-scaled-1.jpg\" \/>\n\t<meta property=\"og:image:width\" content=\"2560\" \/>\n\t<meta property=\"og:image:height\" content=\"1709\" \/>\n\t<meta property=\"og:image:type\" content=\"image\/jpeg\" \/>\n<meta name=\"author\" content=\"stipan.spaija\" \/>\n<meta name=\"twitter:card\" content=\"summary_large_image\" \/>\n<meta name=\"twitter:label1\" content=\"Verfasst von\" \/>\n\t<meta name=\"twitter:data1\" content=\"stipan.spaija\" \/>\n\t<meta name=\"twitter:label2\" content=\"Gesch\u00e4tzte Lesezeit\" \/>\n\t<meta name=\"twitter:data2\" content=\"3\u00a0Minuten\" \/>\n<script type=\"application\/ld+json\" class=\"yoast-schema-graph\">{\"@context\":\"https:\\\/\\\/schema.org\",\"@graph\":[{\"@type\":\"Article\",\"@id\":\"https:\\\/\\\/tragento.com\\\/zracni-promet-ponovno-raste-europa-u-srpnju-imala-najvisu-popunjenost-letova\\\/#article\",\"isPartOf\":{\"@id\":\"https:\\\/\\\/tragento.com\\\/zracni-promet-ponovno-raste-europa-u-srpnju-imala-najvisu-popunjenost-letova\\\/\"},\"author\":{\"name\":\"stipan.spaija\",\"@id\":\"https:\\\/\\\/tragento.com\\\/#\\\/schema\\\/person\\\/90a4711289a0230e41987dc84e2a8f1f\"},\"headline\":\"Zra\u010dni promet ponovno raste\",\"datePublished\":\"2026-09-02T10:34:41+00:00\",\"dateModified\":\"2026-09-02T11:58:14+00:00\",\"mainEntityOfPage\":{\"@id\":\"https:\\\/\\\/tragento.com\\\/zracni-promet-ponovno-raste-europa-u-srpnju-imala-najvisu-popunjenost-letova\\\/\"},\"wordCount\":544,\"publisher\":{\"@id\":\"https:\\\/\\\/tragento.com\\\/#organization\"},\"image\":{\"@id\":\"https:\\\/\\\/tragento.com\\\/zracni-promet-ponovno-raste-europa-u-srpnju-imala-najvisu-popunjenost-letova\\\/#primaryimage\"},\"thumbnailUrl\":\"https:\\\/\\\/tragento.com\\\/wp-content\\\/uploads\\\/2025\\\/12\\\/dsc-5998-2025-03-14-21-23-56-utc-scaled-1.jpg\",\"keywords\":[\"analize\",\"aviokompanije\",\"iata\",\"trendovi 2026\"],\"articleSection\":[\"Avioindustrija\",\"Vijesti\"],\"inLanguage\":\"de\"},{\"@type\":\"WebPage\",\"@id\":\"https:\\\/\\\/tragento.com\\\/zracni-promet-ponovno-raste-europa-u-srpnju-imala-najvisu-popunjenost-letova\\\/\",\"url\":\"https:\\\/\\\/tragento.com\\\/zracni-promet-ponovno-raste-europa-u-srpnju-imala-najvisu-popunjenost-letova\\\/\",\"name\":\"Zra\u010dni promet ponovno raste: IATA analiza podataka - Tragento\",\"isPartOf\":{\"@id\":\"https:\\\/\\\/tragento.com\\\/#website\"},\"primaryImageOfPage\":{\"@id\":\"https:\\\/\\\/tragento.com\\\/zracni-promet-ponovno-raste-europa-u-srpnju-imala-najvisu-popunjenost-letova\\\/#primaryimage\"},\"image\":{\"@id\":\"https:\\\/\\\/tragento.com\\\/zracni-promet-ponovno-raste-europa-u-srpnju-imala-najvisu-popunjenost-letova\\\/#primaryimage\"},\"thumbnailUrl\":\"https:\\\/\\\/tragento.com\\\/wp-content\\\/uploads\\\/2025\\\/12\\\/dsc-5998-2025-03-14-21-23-56-utc-scaled-1.jpg\",\"datePublished\":\"2026-09-02T10:34:41+00:00\",\"dateModified\":\"2026-09-02T11:58:14+00:00\",\"description\":\"Zra\u010dni promet ponovno raste u srpnju 2026. godine. Saznajte vi\u0161e o globalnim trendovima i potra\u017enji u zra\u010dnom prijevozu.\",\"breadcrumb\":{\"@id\":\"https:\\\/\\\/tragento.com\\\/zracni-promet-ponovno-raste-europa-u-srpnju-imala-najvisu-popunjenost-letova\\\/#breadcrumb\"},\"inLanguage\":\"de\",\"potentialAction\":[{\"@type\":\"ReadAction\",\"target\":[\"https:\\\/\\\/tragento.com\\\/zracni-promet-ponovno-raste-europa-u-srpnju-imala-najvisu-popunjenost-letova\\\/\"]}]},{\"@type\":\"ImageObject\",\"inLanguage\":\"de\",\"@id\":\"https:\\\/\\\/tragento.com\\\/zracni-promet-ponovno-raste-europa-u-srpnju-imala-najvisu-popunjenost-letova\\\/#primaryimage\",\"url\":\"https:\\\/\\\/tragento.com\\\/wp-content\\\/uploads\\\/2025\\\/12\\\/dsc-5998-2025-03-14-21-23-56-utc-scaled-1.jpg\",\"contentUrl\":\"https:\\\/\\\/tragento.com\\\/wp-content\\\/uploads\\\/2025\\\/12\\\/dsc-5998-2025-03-14-21-23-56-utc-scaled-1.jpg\",\"width\":2560,\"height\":1709,\"caption\":\"Photo Envato\"},{\"@type\":\"BreadcrumbList\",\"@id\":\"https:\\\/\\\/tragento.com\\\/zracni-promet-ponovno-raste-europa-u-srpnju-imala-najvisu-popunjenost-letova\\\/#breadcrumb\",\"itemListElement\":[{\"@type\":\"ListItem\",\"position\":1,\"name\":\"Home\",\"item\":\"https:\\\/\\\/tragento.com\\\/\"},{\"@type\":\"ListItem\",\"position\":2,\"name\":\"Zra\u010dni promet ponovno raste\"}]},{\"@type\":\"WebSite\",\"@id\":\"https:\\\/\\\/tragento.com\\\/#website\",\"url\":\"https:\\\/\\\/tragento.com\\\/\",\"name\":\"Tragento\",\"description\":\"Your Trusted Travel Partner\",\"publisher\":{\"@id\":\"https:\\\/\\\/tragento.com\\\/#organization\"},\"potentialAction\":[{\"@type\":\"SearchAction\",\"target\":{\"@type\":\"EntryPoint\",\"urlTemplate\":\"https:\\\/\\\/tragento.com\\\/?s={search_term_string}\"},\"query-input\":{\"@type\":\"PropertyValueSpecification\",\"valueRequired\":true,\"valueName\":\"search_term_string\"}}],\"inLanguage\":\"de\"},{\"@type\":\"Organization\",\"@id\":\"https:\\\/\\\/tragento.com\\\/#organization\",\"name\":\"Tragento\",\"url\":\"https:\\\/\\\/tragento.com\\\/\",\"logo\":{\"@type\":\"ImageObject\",\"inLanguage\":\"de\",\"@id\":\"https:\\\/\\\/tragento.com\\\/#\\\/schema\\\/logo\\\/image\\\/\",\"url\":\"https:\\\/\\\/tragento.com\\\/wp-content\\\/uploads\\\/2026\\\/08\\\/Wordpress-Transparent.png\",\"contentUrl\":\"https:\\\/\\\/tragento.com\\\/wp-content\\\/uploads\\\/2026\\\/08\\\/Wordpress-Transparent.png\",\"width\":512,\"height\":512,\"caption\":\"Tragento\"},\"image\":{\"@id\":\"https:\\\/\\\/tragento.com\\\/#\\\/schema\\\/logo\\\/image\\\/\"},\"sameAs\":[\"https:\\\/\\\/www.facebook.com\\\/profile.php?id=61567461024345\"],\"email\":\"info@tragento.com\",\"vatID\":\"HR80113219655\"},{\"@type\":\"Person\",\"@id\":\"https:\\\/\\\/tragento.com\\\/#\\\/schema\\\/person\\\/90a4711289a0230e41987dc84e2a8f1f\",\"name\":\"stipan.spaija\",\"image\":{\"@type\":\"ImageObject\",\"inLanguage\":\"de\",\"@id\":\"https:\\\/\\\/secure.gravatar.com\\\/avatar\\\/46ef65dabb1d8437d028b65b563fda6f57826810ab502a7f951be82634843f60?s=96&d=mm&r=g\",\"url\":\"https:\\\/\\\/secure.gravatar.com\\\/avatar\\\/46ef65dabb1d8437d028b65b563fda6f57826810ab502a7f951be82634843f60?s=96&d=mm&r=g\",\"contentUrl\":\"https:\\\/\\\/secure.gravatar.com\\\/avatar\\\/46ef65dabb1d8437d028b65b563fda6f57826810ab502a7f951be82634843f60?s=96&d=mm&r=g\",\"caption\":\"stipan.spaija\"},\"birthDate\":\"1978-03-22\",\"gender\":\"Male\",\"knowsLanguage\":[\"Croatian\",\"English\"],\"url\":\"https:\\\/\\\/tragento.com\\\/de\\\/author\\\/stipan-spaija\\\/\"}]}<\/script>\n<!-- \/ Yoast SEO Premium plugin. -->","yoast_head_json":{"title":"Der Flugverkehr nimmt wieder zu: Datenanalyse der IATA \u2013 Tragento","description":"Im Juli 2026 wird das Flugverkehrsaufkommen voraussichtlich wieder zunehmen. Erfahren Sie mehr \u00fcber globale Trends und die Nachfrage im Luftverkehr.","robots":{"index":"index","follow":"follow","max-snippet":"max-snippet:-1","max-image-preview":"max-image-preview:large","max-video-preview":"max-video-preview:-1"},"canonical":"https:\/\/tragento.com\/de\/der-flugverkehr-nimmt-wieder-zu-europa-verzeichnete-im-juli-die-hochste-auslastung\/","og_locale":"de_DE","og_type":"article","og_title":"Zra\u010dni promet ponovno raste","og_description":"Zra\u010dni promet ponovno raste u srpnju 2026. godine. Saznajte vi\u0161e o globalnim trendovima i potra\u017enji u zra\u010dnom prijevozu.","og_url":"https:\/\/tragento.com\/de\/der-flugverkehr-nimmt-wieder-zu-europa-verzeichnete-im-juli-die-hochste-auslastung\/","og_site_name":"Tragento","article_publisher":"https:\/\/www.facebook.com\/profile.php?id=61567461024345","article_published_time":"2026-09-02T10:34:41+00:00","article_modified_time":"2026-09-02T11:58:14+00:00","og_image":[{"width":2560,"height":1709,"url":"https:\/\/tragento.com\/wp-content\/uploads\/2025\/12\/dsc-5998-2025-03-14-21-23-56-utc-scaled-1.jpg","type":"image\/jpeg"}],"author":"stipan.spaija","twitter_card":"summary_large_image","twitter_misc":{"Verfasst von":"stipan.spaija","Gesch\u00e4tzte Lesezeit":"3\u00a0Minuten"},"schema":{"@context":"https:\/\/schema.org","@graph":[{"@type":"Article","@id":"https:\/\/tragento.com\/zracni-promet-ponovno-raste-europa-u-srpnju-imala-najvisu-popunjenost-letova\/#article","isPartOf":{"@id":"https:\/\/tragento.com\/zracni-promet-ponovno-raste-europa-u-srpnju-imala-najvisu-popunjenost-letova\/"},"author":{"name":"stipan.spaija","@id":"https:\/\/tragento.com\/#\/schema\/person\/90a4711289a0230e41987dc84e2a8f1f"},"headline":"Zra\u010dni promet ponovno raste","datePublished":"2026-09-02T10:34:41+00:00","dateModified":"2026-09-02T11:58:14+00:00","mainEntityOfPage":{"@id":"https:\/\/tragento.com\/zracni-promet-ponovno-raste-europa-u-srpnju-imala-najvisu-popunjenost-letova\/"},"wordCount":544,"publisher":{"@id":"https:\/\/tragento.com\/#organization"},"image":{"@id":"https:\/\/tragento.com\/zracni-promet-ponovno-raste-europa-u-srpnju-imala-najvisu-popunjenost-letova\/#primaryimage"},"thumbnailUrl":"https:\/\/tragento.com\/wp-content\/uploads\/2025\/12\/dsc-5998-2025-03-14-21-23-56-utc-scaled-1.jpg","keywords":["analize","aviokompanije","iata","trendovi 2026"],"articleSection":["Avioindustrija","Vijesti"],"inLanguage":"de"},{"@type":"WebPage","@id":"https:\/\/tragento.com\/zracni-promet-ponovno-raste-europa-u-srpnju-imala-najvisu-popunjenost-letova\/","url":"https:\/\/tragento.com\/zracni-promet-ponovno-raste-europa-u-srpnju-imala-najvisu-popunjenost-letova\/","name":"Der Flugverkehr nimmt wieder zu: Datenanalyse der IATA \u2013 Tragento","isPartOf":{"@id":"https:\/\/tragento.com\/#website"},"primaryImageOfPage":{"@id":"https:\/\/tragento.com\/zracni-promet-ponovno-raste-europa-u-srpnju-imala-najvisu-popunjenost-letova\/#primaryimage"},"image":{"@id":"https:\/\/tragento.com\/zracni-promet-ponovno-raste-europa-u-srpnju-imala-najvisu-popunjenost-letova\/#primaryimage"},"thumbnailUrl":"https:\/\/tragento.com\/wp-content\/uploads\/2025\/12\/dsc-5998-2025-03-14-21-23-56-utc-scaled-1.jpg","datePublished":"2026-09-02T10:34:41+00:00","dateModified":"2026-09-02T11:58:14+00:00","description":"Im Juli 2026 wird das Flugverkehrsaufkommen voraussichtlich wieder zunehmen. Erfahren Sie mehr \u00fcber globale Trends und die Nachfrage im Luftverkehr.","breadcrumb":{"@id":"https:\/\/tragento.com\/zracni-promet-ponovno-raste-europa-u-srpnju-imala-najvisu-popunjenost-letova\/#breadcrumb"},"inLanguage":"de","potentialAction":[{"@type":"ReadAction","target":["https:\/\/tragento.com\/zracni-promet-ponovno-raste-europa-u-srpnju-imala-najvisu-popunjenost-letova\/"]}]},{"@type":"ImageObject","inLanguage":"de","@id":"https:\/\/tragento.com\/zracni-promet-ponovno-raste-europa-u-srpnju-imala-najvisu-popunjenost-letova\/#primaryimage","url":"https:\/\/tragento.com\/wp-content\/uploads\/2025\/12\/dsc-5998-2025-03-14-21-23-56-utc-scaled-1.jpg","contentUrl":"https:\/\/tragento.com\/wp-content\/uploads\/2025\/12\/dsc-5998-2025-03-14-21-23-56-utc-scaled-1.jpg","width":2560,"height":1709,"caption":"Photo Envato"},{"@type":"BreadcrumbList","@id":"https:\/\/tragento.com\/zracni-promet-ponovno-raste-europa-u-srpnju-imala-najvisu-popunjenost-letova\/#breadcrumb","itemListElement":[{"@type":"ListItem","position":1,"name":"Home","item":"https:\/\/tragento.com\/"},{"@type":"ListItem","position":2,"name":"Zra\u010dni promet ponovno raste"}]},{"@type":"WebSite","@id":"https:\/\/tragento.com\/#website","url":"https:\/\/tragento.com\/","name":"Tragento","description":"Ihr zuverl\u00e4ssiger Reisepartner","publisher":{"@id":"https:\/\/tragento.com\/#organization"},"potentialAction":[{"@type":"SearchAction","target":{"@type":"EntryPoint","urlTemplate":"https:\/\/tragento.com\/?s={search_term_string}"},"query-input":{"@type":"PropertyValueSpecification","valueRequired":true,"valueName":"search_term_string"}}],"inLanguage":"de"},{"@type":"Organization","@id":"https:\/\/tragento.com\/#organization","name":"Tragento","url":"https:\/\/tragento.com\/","logo":{"@type":"ImageObject","inLanguage":"de","@id":"https:\/\/tragento.com\/#\/schema\/logo\/image\/","url":"https:\/\/tragento.com\/wp-content\/uploads\/2026\/08\/Wordpress-Transparent.png","contentUrl":"https:\/\/tragento.com\/wp-content\/uploads\/2026\/08\/Wordpress-Transparent.png","width":512,"height":512,"caption":"Tragento"},"image":{"@id":"https:\/\/tragento.com\/#\/schema\/logo\/image\/"},"sameAs":["https:\/\/www.facebook.com\/profile.php?id=61567461024345"],"email":"info@tragento.com","vatID":"HR80113219655"},{"@type":"Person","@id":"https:\/\/tragento.com\/#\/schema\/person\/90a4711289a0230e41987dc84e2a8f1f","name":"stipan.spaija","image":{"@type":"ImageObject","inLanguage":"de","@id":"https:\/\/secure.gravatar.com\/avatar\/46ef65dabb1d8437d028b65b563fda6f57826810ab502a7f951be82634843f60?s=96&d=mm&r=g","url":"https:\/\/secure.gravatar.com\/avatar\/46ef65dabb1d8437d028b65b563fda6f57826810ab502a7f951be82634843f60?s=96&d=mm&r=g","contentUrl":"https:\/\/secure.gravatar.com\/avatar\/46ef65dabb1d8437d028b65b563fda6f57826810ab502a7f951be82634843f60?s=96&d=mm&r=g","caption":"stipan.spaija"},"birthDate":"1978-03-22","gender":"Male","knowsLanguage":["Croatian","English"],"url":"https:\/\/tragento.com\/de\/author\/stipan-spaija\/"}]}},"tragento_display_category":{"id":95,"name":"Luftfahrtindustrie","slug":"luftfahrtindustrie","link":"https:\/\/tragento.com\/de\/category\/avioindustrija\/"},"_links":{"self":[{"href":"https:\/\/tragento.com\/de\/wp-json\/wp\/v2\/posts\/12414","targetHints":{"allow":["GET"]}}],"collection":[{"href":"https:\/\/tragento.com\/de\/wp-json\/wp\/v2\/posts"}],"about":[{"href":"https:\/\/tragento.com\/de\/wp-json\/wp\/v2\/types\/post"}],"author":[{"embeddable":true,"href":"https:\/\/tragento.com\/de\/wp-json\/wp\/v2\/users\/2"}],"replies":[{"embeddable":true,"href":"https:\/\/tragento.com\/de\/wp-json\/wp\/v2\/comments?post=12414"}],"version-history":[{"count":2,"href":"https:\/\/tragento.com\/de\/wp-json\/wp\/v2\/posts\/12414\/revisions"}],"predecessor-version":[{"id":12423,"href":"https:\/\/tragento.com\/de\/wp-json\/wp\/v2\/posts\/12414\/revisions\/12423"}],"wp:featuredmedia":[{"embeddable":true,"href":"https:\/\/tragento.com\/de\/wp-json\/wp\/v2\/media\/7481"}],"wp:attachment":[{"href":"https:\/\/tragento.com\/de\/wp-json\/wp\/v2\/media?parent=12414"}],"wp:term":[{"taxonomy":"category","embeddable":true,"href":"https:\/\/tragento.com\/de\/wp-json\/wp\/v2\/categories?post=12414"},{"taxonomy":"post_tag","embeddable":true,"href":"https:\/\/tragento.com\/de\/wp-json\/wp\/v2\/tags?post=12414"}],"curies":[{"name":"WordPress","href":"https:\/\/api.w.org\/{rel}","templated":true}]}}