{"id":12403,"date":"2026-09-01T16:08:26","date_gmt":"2026-09-01T14:08:26","guid":{"rendered":"https:\/\/tragento.com\/?p=12403"},"modified":"2026-09-01T23:01:25","modified_gmt":"2026-09-01T21:01:25","slug":"der-tourismus-in-der-eu-legte-im-ersten-halbjahr-um-17-zu-die-starksten-zuwachse-wurden-in-slowenien-und-serbien-verzeichnet","status":"publish","type":"post","link":"https:\/\/tragento.com\/de\/eu-turizam-u-prvom-polugodistu-porastao-17-u-regiji-najveci-porast-slovenije-i-srbije\/","title":{"rendered":"Der Tourismus in der EU wuchs im ersten Halbjahr um 1,71 %: Die st\u00e4rksten Zuw\u00e4chse verzeichneten Slowenien und Serbien."},"content":{"rendered":"<p class=\"wp-block-paragraph\">In den ersten sechs Monaten des Jahres 2026. <a href=\"https:\/\/ec.europa.eu\/eurostat\/web\/products-eurostat-news\/w\/ddn-20260901-1\">Beherbergungsbetriebe in der EU<\/a> Es wurden 1,321 Milliarden \u00dcbernachtungen verzeichnet, 1,71 Prozent mehr als im Vorjahr. Bei einem vergleichbaren Querschnitt der L\u00e4nder der Region verzeichneten Slowenien und Serbien das st\u00e4rkste Wachstum, w\u00e4hrend Kroatien und Bosnien und Herzegowina mit einem deutlich moderateren Tempo in die zweite Jahresh\u00e4lfte starten.<\/p>\n\n\n\n<p class=\"wp-block-paragraph\">Der europ\u00e4ische Tourismus wuchs auch im Jahr 2026 weiter, doch die Zahlen zeigen, dass die Nachfrage nicht gleichm\u00e4\u00dfig verteilt ist. Laut Eurostat stiegen die \u00dcbernachtungen ausl\u00e4ndischer G\u00e4ste im ersten Halbjahr um 2,51 %, w\u00e4hrend das Inlandssegment um 0,9 % zulegte. Auf ausl\u00e4ndische G\u00e4ste entfiel fast die H\u00e4lfte aller \u00dcbernachtungen in der EU.<\/p>\n\n\n\n<h2 id=\"h-slovenija-i-srbija-iznad-europskog-prosjeka\" class=\"wp-block-heading\">Slowenien und Serbien liegen \u00fcber dem europ\u00e4ischen Durchschnitt<\/h2>\n\n\n\n<p class=\"wp-block-paragraph\">Unter den beobachteten M\u00e4rkten der Region <a href=\"https:\/\/www.stat.si\/StatWeb\/en\/News\/Index\/14493\">Slowenien ist das am schnellsten wachsende<\/a>. Von Januar bis Juni wurden dort 7,28 Millionen \u00dcbernachtungen verzeichnet, das hei\u00dft <strong>5,71 TP3T mehr<\/strong> sondern bereits ein Jahr zuvor. Die internationale Nachfrage war besonders stark: Ausl\u00e4ndische G\u00e4ste verzeichneten 5,2 Millionen \u00dcbernachtungen, was einem Anstieg von 6,81 % entspricht.<\/p>\n\n\n\n<p class=\"wp-block-paragraph\">Ein \u00e4hnliches Ergebnis wird verzeichnet <a href=\"https:\/\/publikacije.stat.gov.rs\/G2026\/HtmlE\/G20261205.html\">Serbien<\/a>. In der ersten Jahresh\u00e4lfte wurde das Ziel fast erreicht. <strong>5,99 Millionen \u00dcbernachtungen, 51 % mehr<\/strong> jedoch im gleichen Zeitraum des Jahres 2025. Die \u00dcbernachtungen inl\u00e4ndischer G\u00e4ste stiegen um 4,61 TP3T, die ausl\u00e4ndischer G\u00e4ste um 5,41 TP3T.<\/p>\n\n\n\n<p class=\"wp-block-paragraph\">Die Daten f\u00fcr Serbien sind hinsichtlich zweier wichtiger Kriterien mit der Analyse von Eurostat vergleichbar: Sie beziehen sich auf <strong>Januar\u2013Juni 2026.<\/strong> und Ma\u00dfnahmen <strong>\u00dcbernachtungen von Touristen<\/strong>. Es ist jedoch zu beachten, dass die nationalen Methoden nicht in jedem Detail mit den harmonisierten Eurostat-Statistiken \u00fcbereinstimmen.<\/p>\n\n\n\n<h2 id=\"h-hrvatska-na-0-5-bih-na-1\" class=\"wp-block-heading\">Kroatien mit 0,51 %, Bosnien und Herzegowina mit 11 %<\/h2>\n\n\n\n<p class=\"wp-block-paragraph\">Kroatien ist das mit Abstand beliebteste Reiseziel in der Region. Daher ist es schwierig, ein konstantes Wachstum aufrechtzuerhalten, und so weiter. <a href=\"https:\/\/podaci.dzs.hr\/2026\/hr\/121425\">Kroatien<\/a>  erzielte im gleichen Zeitraum 26 Millionen \u00dcbernachtungen, nur <strong>0,51 TP3T mehr<\/strong> als im Vorjahr. Dabei stiegen die \u00dcbernachtungen inl\u00e4ndischer G\u00e4ste um 7,71 %, w\u00e4hrend die der ausl\u00e4ndischen G\u00e4ste um 0,61 % zur\u00fcckgingen. Diese Entwicklung zeigt, dass der Inlandsmarkt die schw\u00e4chere internationale Nachfrage praktisch ausgeglichen hat.<\/p>\n\n\n\n<p class=\"wp-block-paragraph\"><a href=\"https:\/\/bhas.gov.ba\/data\/Publikacije\/Saopstenja\/2026\/TUR_02_2026_06_1_BS.pdf\">Bosnien und Herzegowina<\/a> Sie merkte an, <strong>1,82 Millionen \u00dcbernachtungen, was einem Wachstum von 11 % entspricht<\/strong>. Die \u00dcbernachtungen inl\u00e4ndischer G\u00e4ste stiegen um 4,31 %, w\u00e4hrend die \u00dcbernachtungen ausl\u00e4ndischer G\u00e4ste um 0,51 % zur\u00fcckgingen. Die Daten f\u00fcr Bosnien und Herzegowina beziehen sich auf das gesamte erste Halbjahr und auf denselben Basisindikator wie die Analyse von Eurostat, sodass sie f\u00fcr regionale Vergleiche geeignet sind.<\/p>\n\n\n\n<h2 id=\"h-regija-se-dijeli-na-dva-razlicita-tempa-rasta\" class=\"wp-block-heading\">Die Region weist zwei unterschiedliche Wachstumsraten auf.<\/h2>\n\n\n\n<p class=\"wp-block-paragraph\">Die bisherigen Zahlen zeigen eine recht deutliche Trennung. <strong>Slowenien und Serbien wachsen etwa dreimal so schnell wie der EU-Durchschnitt.<\/strong>, w\u00e4hrend Kroatien und Bosnien und Herzegowina darunter liegen. Noch interessanter ist, dass Kroatien und Bosnien und Herzegowina ihr Wachstum in erster Linie dank der Binnennachfrage aufrechterhalten, w\u00e4hrend auf EU-Ebene der internationale Tourismus die Hauptquelle f\u00fcr den Anstieg der \u00dcbernachtungszahlen ist.<\/p>\n\n\n\n<p class=\"wp-block-paragraph\">F\u00fcr Reiseveranstalter ist dies ein wichtiges Signal im Hinblick auf die letzte Jahresh\u00e4lfte. Das Wachstum der Nachfrage in Europa allein f\u00fchrt nicht automatisch zu einem Wachstum f\u00fcr jedes Reiseziel. Verf\u00fcgbarkeit, Preise, Produktstruktur und die F\u00e4higkeit, internationale G\u00e4ste auch au\u00dferhalb der Hochsaison im Sommer anzuziehen, entscheiden zunehmend dar\u00fcber, wer den gr\u00f6\u00dferen Marktanteil f\u00fcr sich gewinnen kann.<\/p>\n\n\n\n<p class=\"wp-block-paragraph\">Montenegro und Albanien <strong>sind in diesem Vergleich nicht ber\u00fccksichtigt<\/strong>. In den herangezogenen offiziellen Ver\u00f6ffentlichungen bezogen sich die von uns zuvor analysierten Daten auf einen anderen Zeitraum oder Indikator \u2013 beispielsweise nur auf den Juni oder auf die G\u00e4stezahl statt auf die \u00dcbernachtungszahlen. W\u00fcrde man diese Daten zusammen mit den Halbjahresdaten anderer L\u00e4nder ber\u00fccksichtigen, k\u00f6nnte dies daher einen irref\u00fchrenden Eindruck hinsichtlich der relativen Entwicklung vermitteln.<\/p>","protected":false},"excerpt":{"rendered":"<p>U prvih \u0161est mjeseci 2026. turisti\u010dki smje\u0161taj u EU ostvario je 1,321 milijardu no\u0107enja, 1,7% vi\u0161e nego godinu ranije. U usporedivom presjeku zemalja regije najve\u0107i rast bilje\u017ee Slovenija i Srbija, dok Hrvatska i Bosna i Hercegovina ulaze u drugi dio godine uz znatno skromniju dinamiku&#8230;.<\/p>","protected":false},"author":2,"featured_media":9011,"comment_status":"closed","ping_status":"closed","sticky":false,"template":"","format":"standard","meta":{"_tragento_display_category":81,"footnotes":""},"categories":[81,191,139,143],"tags":[69,77],"class_list":["post-12403","post","type-post","status-publish","format-standard","has-post-thumbnail","hentry","category-osvrti","category-destinacije","category-europa","category-turistickaindustrija","tag-analize","tag-trendovi-2026"],"yoast_head":"<!-- This site is optimized with the Yoast SEO Premium plugin v28.3 (Yoast SEO v28.3) - https:\/\/yoast.com\/product\/yoast-seo-premium-wordpress\/ -->\n<title>EU turizam: Irska, Malta i Slova\u010dka na vrhu - Tragento<\/title>\n<meta name=\"description\" content=\"Analizirajte EU turizam kroz najnovije statistike. Hrvatska slabi dok druge zemlje, poput Irske i Malte, rastu.\" \/>\n<meta name=\"robots\" content=\"index, follow, max-snippet:-1, max-image-preview:large, max-video-preview:-1\" \/>\n<link rel=\"canonical\" href=\"https:\/\/tragento.com\/de\/der-tourismus-in-der-eu-legte-im-ersten-halbjahr-um-17-zu-die-starksten-zuwachse-wurden-in-slowenien-und-serbien-verzeichnet\/\" \/>\n<meta property=\"og:locale\" content=\"de_DE\" \/>\n<meta property=\"og:type\" content=\"article\" \/>\n<meta property=\"og:title\" content=\"EU turizam u prvom polugodi\u0161tu porastao 1,7%: U regiji najve\u0107i porast Slovenije i Srbije\" \/>\n<meta property=\"og:description\" content=\"Analizirajte EU turizam kroz najnovije statistike. Hrvatska slabi dok druge zemlje, poput Irske i Malte, rastu.\" \/>\n<meta property=\"og:url\" content=\"https:\/\/tragento.com\/de\/der-tourismus-in-der-eu-legte-im-ersten-halbjahr-um-17-zu-die-starksten-zuwachse-wurden-in-slowenien-und-serbien-verzeichnet\/\" \/>\n<meta property=\"og:site_name\" content=\"Tragento\" \/>\n<meta property=\"article:publisher\" content=\"https:\/\/www.facebook.com\/profile.php?id=61567461024345\" \/>\n<meta property=\"article:published_time\" content=\"2026-09-01T14:08:26+00:00\" \/>\n<meta property=\"article:modified_time\" content=\"2026-09-01T21:01:25+00:00\" \/>\n<meta property=\"og:image\" content=\"https:\/\/tragento.com\/wp-content\/uploads\/2026\/04\/traveling-family-looking-on-bled-lake-slovenia-e-2025-03-09-08-20-31-utc-scaled-1.jpg\" \/>\n\t<meta property=\"og:image:width\" content=\"2560\" \/>\n\t<meta property=\"og:image:height\" content=\"1706\" \/>\n\t<meta property=\"og:image:type\" content=\"image\/jpeg\" \/>\n<meta name=\"author\" content=\"stipan.spaija\" \/>\n<meta name=\"twitter:card\" content=\"summary_large_image\" \/>\n<meta name=\"twitter:label1\" content=\"Verfasst von\" \/>\n\t<meta name=\"twitter:data1\" content=\"stipan.spaija\" \/>\n\t<meta name=\"twitter:label2\" content=\"Gesch\u00e4tzte Lesezeit\" \/>\n\t<meta name=\"twitter:data2\" content=\"3\u00a0Minuten\" \/>\n<script type=\"application\/ld+json\" class=\"yoast-schema-graph\">{\"@context\":\"https:\\\/\\\/schema.org\",\"@graph\":[{\"@type\":\"Article\",\"@id\":\"https:\\\/\\\/tragento.com\\\/eu-turizam-u-prvom-polugodistu-porastao-17-u-regiji-najveci-porast-slovenije-i-srbije\\\/#article\",\"isPartOf\":{\"@id\":\"https:\\\/\\\/tragento.com\\\/eu-turizam-u-prvom-polugodistu-porastao-17-u-regiji-najveci-porast-slovenije-i-srbije\\\/\"},\"author\":{\"name\":\"stipan.spaija\",\"@id\":\"https:\\\/\\\/tragento.com\\\/#\\\/schema\\\/person\\\/90a4711289a0230e41987dc84e2a8f1f\"},\"headline\":\"EU turizam u prvom polugodi\u0161tu porastao 1,7%: U regiji najve\u0107i porast Slovenije i Srbije\",\"datePublished\":\"2026-09-01T14:08:26+00:00\",\"dateModified\":\"2026-09-01T21:01:25+00:00\",\"mainEntityOfPage\":{\"@id\":\"https:\\\/\\\/tragento.com\\\/eu-turizam-u-prvom-polugodistu-porastao-17-u-regiji-najveci-porast-slovenije-i-srbije\\\/\"},\"wordCount\":531,\"publisher\":{\"@id\":\"https:\\\/\\\/tragento.com\\\/#organization\"},\"image\":{\"@id\":\"https:\\\/\\\/tragento.com\\\/eu-turizam-u-prvom-polugodistu-porastao-17-u-regiji-najveci-porast-slovenije-i-srbije\\\/#primaryimage\"},\"thumbnailUrl\":\"https:\\\/\\\/tragento.com\\\/wp-content\\\/uploads\\\/2026\\\/04\\\/traveling-family-looking-on-bled-lake-slovenia-e-2025-03-09-08-20-31-utc-scaled-1.jpg\",\"keywords\":[\"analize\",\"trendovi 2026\"],\"articleSection\":[\"Osvrti, Analize &amp; Intervjui\",\"Destinacije\",\"Europa\",\"Turisti\u010dka industrija\"],\"inLanguage\":\"de\"},{\"@type\":\"WebPage\",\"@id\":\"https:\\\/\\\/tragento.com\\\/eu-turizam-u-prvom-polugodistu-porastao-17-u-regiji-najveci-porast-slovenije-i-srbije\\\/\",\"url\":\"https:\\\/\\\/tragento.com\\\/eu-turizam-u-prvom-polugodistu-porastao-17-u-regiji-najveci-porast-slovenije-i-srbije\\\/\",\"name\":\"EU turizam: Irska, Malta i Slova\u010dka na vrhu - Tragento\",\"isPartOf\":{\"@id\":\"https:\\\/\\\/tragento.com\\\/#website\"},\"primaryImageOfPage\":{\"@id\":\"https:\\\/\\\/tragento.com\\\/eu-turizam-u-prvom-polugodistu-porastao-17-u-regiji-najveci-porast-slovenije-i-srbije\\\/#primaryimage\"},\"image\":{\"@id\":\"https:\\\/\\\/tragento.com\\\/eu-turizam-u-prvom-polugodistu-porastao-17-u-regiji-najveci-porast-slovenije-i-srbije\\\/#primaryimage\"},\"thumbnailUrl\":\"https:\\\/\\\/tragento.com\\\/wp-content\\\/uploads\\\/2026\\\/04\\\/traveling-family-looking-on-bled-lake-slovenia-e-2025-03-09-08-20-31-utc-scaled-1.jpg\",\"datePublished\":\"2026-09-01T14:08:26+00:00\",\"dateModified\":\"2026-09-01T21:01:25+00:00\",\"description\":\"Analizirajte EU turizam kroz najnovije statistike. Hrvatska slabi dok druge zemlje, poput Irske i Malte, rastu.\",\"breadcrumb\":{\"@id\":\"https:\\\/\\\/tragento.com\\\/eu-turizam-u-prvom-polugodistu-porastao-17-u-regiji-najveci-porast-slovenije-i-srbije\\\/#breadcrumb\"},\"inLanguage\":\"de\",\"potentialAction\":[{\"@type\":\"ReadAction\",\"target\":[\"https:\\\/\\\/tragento.com\\\/eu-turizam-u-prvom-polugodistu-porastao-17-u-regiji-najveci-porast-slovenije-i-srbije\\\/\"]}]},{\"@type\":\"ImageObject\",\"inLanguage\":\"de\",\"@id\":\"https:\\\/\\\/tragento.com\\\/eu-turizam-u-prvom-polugodistu-porastao-17-u-regiji-najveci-porast-slovenije-i-srbije\\\/#primaryimage\",\"url\":\"https:\\\/\\\/tragento.com\\\/wp-content\\\/uploads\\\/2026\\\/04\\\/traveling-family-looking-on-bled-lake-slovenia-e-2025-03-09-08-20-31-utc-scaled-1.jpg\",\"contentUrl\":\"https:\\\/\\\/tragento.com\\\/wp-content\\\/uploads\\\/2026\\\/04\\\/traveling-family-looking-on-bled-lake-slovenia-e-2025-03-09-08-20-31-utc-scaled-1.jpg\",\"width\":2560,\"height\":1706,\"caption\":\"Photo Envato\"},{\"@type\":\"BreadcrumbList\",\"@id\":\"https:\\\/\\\/tragento.com\\\/eu-turizam-u-prvom-polugodistu-porastao-17-u-regiji-najveci-porast-slovenije-i-srbije\\\/#breadcrumb\",\"itemListElement\":[{\"@type\":\"ListItem\",\"position\":1,\"name\":\"Home\",\"item\":\"https:\\\/\\\/tragento.com\\\/\"},{\"@type\":\"ListItem\",\"position\":2,\"name\":\"EU turizam u prvom polugodi\u0161tu porastao 1,7%: U regiji najve\u0107i porast Slovenije i Srbije\"}]},{\"@type\":\"WebSite\",\"@id\":\"https:\\\/\\\/tragento.com\\\/#website\",\"url\":\"https:\\\/\\\/tragento.com\\\/\",\"name\":\"Tragento\",\"description\":\"Your Trusted Travel Partner\",\"publisher\":{\"@id\":\"https:\\\/\\\/tragento.com\\\/#organization\"},\"potentialAction\":[{\"@type\":\"SearchAction\",\"target\":{\"@type\":\"EntryPoint\",\"urlTemplate\":\"https:\\\/\\\/tragento.com\\\/?s={search_term_string}\"},\"query-input\":{\"@type\":\"PropertyValueSpecification\",\"valueRequired\":true,\"valueName\":\"search_term_string\"}}],\"inLanguage\":\"de\"},{\"@type\":\"Organization\",\"@id\":\"https:\\\/\\\/tragento.com\\\/#organization\",\"name\":\"Tragento\",\"url\":\"https:\\\/\\\/tragento.com\\\/\",\"logo\":{\"@type\":\"ImageObject\",\"inLanguage\":\"de\",\"@id\":\"https:\\\/\\\/tragento.com\\\/#\\\/schema\\\/logo\\\/image\\\/\",\"url\":\"https:\\\/\\\/tragento.com\\\/wp-content\\\/uploads\\\/2026\\\/08\\\/Wordpress-Transparent.png\",\"contentUrl\":\"https:\\\/\\\/tragento.com\\\/wp-content\\\/uploads\\\/2026\\\/08\\\/Wordpress-Transparent.png\",\"width\":512,\"height\":512,\"caption\":\"Tragento\"},\"image\":{\"@id\":\"https:\\\/\\\/tragento.com\\\/#\\\/schema\\\/logo\\\/image\\\/\"},\"sameAs\":[\"https:\\\/\\\/www.facebook.com\\\/profile.php?id=61567461024345\"],\"email\":\"info@tragento.com\",\"vatID\":\"HR80113219655\"},{\"@type\":\"Person\",\"@id\":\"https:\\\/\\\/tragento.com\\\/#\\\/schema\\\/person\\\/90a4711289a0230e41987dc84e2a8f1f\",\"name\":\"stipan.spaija\",\"image\":{\"@type\":\"ImageObject\",\"inLanguage\":\"de\",\"@id\":\"https:\\\/\\\/secure.gravatar.com\\\/avatar\\\/46ef65dabb1d8437d028b65b563fda6f57826810ab502a7f951be82634843f60?s=96&d=mm&r=g\",\"url\":\"https:\\\/\\\/secure.gravatar.com\\\/avatar\\\/46ef65dabb1d8437d028b65b563fda6f57826810ab502a7f951be82634843f60?s=96&d=mm&r=g\",\"contentUrl\":\"https:\\\/\\\/secure.gravatar.com\\\/avatar\\\/46ef65dabb1d8437d028b65b563fda6f57826810ab502a7f951be82634843f60?s=96&d=mm&r=g\",\"caption\":\"stipan.spaija\"},\"birthDate\":\"1978-03-22\",\"gender\":\"Male\",\"knowsLanguage\":[\"Croatian\",\"English\"],\"url\":\"https:\\\/\\\/tragento.com\\\/de\\\/author\\\/stipan-spaija\\\/\"}]}<\/script>\n<!-- \/ Yoast SEO Premium plugin. -->","yoast_head_json":{"title":"EU-Tourismus: Irland, Malta und die Slowakei an der Spitze \u2013 Tragento","description":"Analysieren Sie den EU-Tourismus anhand der neuesten Statistiken. Kroatien verzeichnet einen R\u00fcckgang, w\u00e4hrend andere L\u00e4nder wie Irland und Malta ein Wachstum verzeichnen.","robots":{"index":"index","follow":"follow","max-snippet":"max-snippet:-1","max-image-preview":"max-image-preview:large","max-video-preview":"max-video-preview:-1"},"canonical":"https:\/\/tragento.com\/de\/der-tourismus-in-der-eu-legte-im-ersten-halbjahr-um-17-zu-die-starksten-zuwachse-wurden-in-slowenien-und-serbien-verzeichnet\/","og_locale":"de_DE","og_type":"article","og_title":"EU turizam u prvom polugodi\u0161tu porastao 1,7%: U regiji najve\u0107i porast Slovenije i Srbije","og_description":"Analizirajte EU turizam kroz najnovije statistike. Hrvatska slabi dok druge zemlje, poput Irske i Malte, rastu.","og_url":"https:\/\/tragento.com\/de\/der-tourismus-in-der-eu-legte-im-ersten-halbjahr-um-17-zu-die-starksten-zuwachse-wurden-in-slowenien-und-serbien-verzeichnet\/","og_site_name":"Tragento","article_publisher":"https:\/\/www.facebook.com\/profile.php?id=61567461024345","article_published_time":"2026-09-01T14:08:26+00:00","article_modified_time":"2026-09-01T21:01:25+00:00","og_image":[{"width":2560,"height":1706,"url":"https:\/\/tragento.com\/wp-content\/uploads\/2026\/04\/traveling-family-looking-on-bled-lake-slovenia-e-2025-03-09-08-20-31-utc-scaled-1.jpg","type":"image\/jpeg"}],"author":"stipan.spaija","twitter_card":"summary_large_image","twitter_misc":{"Verfasst von":"stipan.spaija","Gesch\u00e4tzte Lesezeit":"3\u00a0Minuten"},"schema":{"@context":"https:\/\/schema.org","@graph":[{"@type":"Article","@id":"https:\/\/tragento.com\/eu-turizam-u-prvom-polugodistu-porastao-17-u-regiji-najveci-porast-slovenije-i-srbije\/#article","isPartOf":{"@id":"https:\/\/tragento.com\/eu-turizam-u-prvom-polugodistu-porastao-17-u-regiji-najveci-porast-slovenije-i-srbije\/"},"author":{"name":"stipan.spaija","@id":"https:\/\/tragento.com\/#\/schema\/person\/90a4711289a0230e41987dc84e2a8f1f"},"headline":"EU turizam u prvom polugodi\u0161tu porastao 1,7%: U regiji najve\u0107i porast Slovenije i Srbije","datePublished":"2026-09-01T14:08:26+00:00","dateModified":"2026-09-01T21:01:25+00:00","mainEntityOfPage":{"@id":"https:\/\/tragento.com\/eu-turizam-u-prvom-polugodistu-porastao-17-u-regiji-najveci-porast-slovenije-i-srbije\/"},"wordCount":531,"publisher":{"@id":"https:\/\/tragento.com\/#organization"},"image":{"@id":"https:\/\/tragento.com\/eu-turizam-u-prvom-polugodistu-porastao-17-u-regiji-najveci-porast-slovenije-i-srbije\/#primaryimage"},"thumbnailUrl":"https:\/\/tragento.com\/wp-content\/uploads\/2026\/04\/traveling-family-looking-on-bled-lake-slovenia-e-2025-03-09-08-20-31-utc-scaled-1.jpg","keywords":["analize","trendovi 2026"],"articleSection":["Osvrti, Analize &amp; Intervjui","Destinacije","Europa","Turisti\u010dka industrija"],"inLanguage":"de"},{"@type":"WebPage","@id":"https:\/\/tragento.com\/eu-turizam-u-prvom-polugodistu-porastao-17-u-regiji-najveci-porast-slovenije-i-srbije\/","url":"https:\/\/tragento.com\/eu-turizam-u-prvom-polugodistu-porastao-17-u-regiji-najveci-porast-slovenije-i-srbije\/","name":"EU-Tourismus: Irland, Malta und die Slowakei an der Spitze \u2013 Tragento","isPartOf":{"@id":"https:\/\/tragento.com\/#website"},"primaryImageOfPage":{"@id":"https:\/\/tragento.com\/eu-turizam-u-prvom-polugodistu-porastao-17-u-regiji-najveci-porast-slovenije-i-srbije\/#primaryimage"},"image":{"@id":"https:\/\/tragento.com\/eu-turizam-u-prvom-polugodistu-porastao-17-u-regiji-najveci-porast-slovenije-i-srbije\/#primaryimage"},"thumbnailUrl":"https:\/\/tragento.com\/wp-content\/uploads\/2026\/04\/traveling-family-looking-on-bled-lake-slovenia-e-2025-03-09-08-20-31-utc-scaled-1.jpg","datePublished":"2026-09-01T14:08:26+00:00","dateModified":"2026-09-01T21:01:25+00:00","description":"Analysieren Sie den EU-Tourismus anhand der neuesten Statistiken. Kroatien verzeichnet einen R\u00fcckgang, w\u00e4hrend andere L\u00e4nder wie Irland und Malta ein Wachstum verzeichnen.","breadcrumb":{"@id":"https:\/\/tragento.com\/eu-turizam-u-prvom-polugodistu-porastao-17-u-regiji-najveci-porast-slovenije-i-srbije\/#breadcrumb"},"inLanguage":"de","potentialAction":[{"@type":"ReadAction","target":["https:\/\/tragento.com\/eu-turizam-u-prvom-polugodistu-porastao-17-u-regiji-najveci-porast-slovenije-i-srbije\/"]}]},{"@type":"ImageObject","inLanguage":"de","@id":"https:\/\/tragento.com\/eu-turizam-u-prvom-polugodistu-porastao-17-u-regiji-najveci-porast-slovenije-i-srbije\/#primaryimage","url":"https:\/\/tragento.com\/wp-content\/uploads\/2026\/04\/traveling-family-looking-on-bled-lake-slovenia-e-2025-03-09-08-20-31-utc-scaled-1.jpg","contentUrl":"https:\/\/tragento.com\/wp-content\/uploads\/2026\/04\/traveling-family-looking-on-bled-lake-slovenia-e-2025-03-09-08-20-31-utc-scaled-1.jpg","width":2560,"height":1706,"caption":"Photo Envato"},{"@type":"BreadcrumbList","@id":"https:\/\/tragento.com\/eu-turizam-u-prvom-polugodistu-porastao-17-u-regiji-najveci-porast-slovenije-i-srbije\/#breadcrumb","itemListElement":[{"@type":"ListItem","position":1,"name":"Home","item":"https:\/\/tragento.com\/"},{"@type":"ListItem","position":2,"name":"EU turizam u prvom polugodi\u0161tu porastao 1,7%: U regiji najve\u0107i porast Slovenije i Srbije"}]},{"@type":"WebSite","@id":"https:\/\/tragento.com\/#website","url":"https:\/\/tragento.com\/","name":"Tragento","description":"Ihr zuverl\u00e4ssiger Reisepartner","publisher":{"@id":"https:\/\/tragento.com\/#organization"},"potentialAction":[{"@type":"SearchAction","target":{"@type":"EntryPoint","urlTemplate":"https:\/\/tragento.com\/?s={search_term_string}"},"query-input":{"@type":"PropertyValueSpecification","valueRequired":true,"valueName":"search_term_string"}}],"inLanguage":"de"},{"@type":"Organization","@id":"https:\/\/tragento.com\/#organization","name":"Tragento","url":"https:\/\/tragento.com\/","logo":{"@type":"ImageObject","inLanguage":"de","@id":"https:\/\/tragento.com\/#\/schema\/logo\/image\/","url":"https:\/\/tragento.com\/wp-content\/uploads\/2026\/08\/Wordpress-Transparent.png","contentUrl":"https:\/\/tragento.com\/wp-content\/uploads\/2026\/08\/Wordpress-Transparent.png","width":512,"height":512,"caption":"Tragento"},"image":{"@id":"https:\/\/tragento.com\/#\/schema\/logo\/image\/"},"sameAs":["https:\/\/www.facebook.com\/profile.php?id=61567461024345"],"email":"info@tragento.com","vatID":"HR80113219655"},{"@type":"Person","@id":"https:\/\/tragento.com\/#\/schema\/person\/90a4711289a0230e41987dc84e2a8f1f","name":"stipan.spaija","image":{"@type":"ImageObject","inLanguage":"de","@id":"https:\/\/secure.gravatar.com\/avatar\/46ef65dabb1d8437d028b65b563fda6f57826810ab502a7f951be82634843f60?s=96&d=mm&r=g","url":"https:\/\/secure.gravatar.com\/avatar\/46ef65dabb1d8437d028b65b563fda6f57826810ab502a7f951be82634843f60?s=96&d=mm&r=g","contentUrl":"https:\/\/secure.gravatar.com\/avatar\/46ef65dabb1d8437d028b65b563fda6f57826810ab502a7f951be82634843f60?s=96&d=mm&r=g","caption":"stipan.spaija"},"birthDate":"1978-03-22","gender":"Male","knowsLanguage":["Croatian","English"],"url":"https:\/\/tragento.com\/de\/author\/stipan-spaija\/"}]}},"tragento_display_category":{"id":81,"name":"Rezensionen, Analysen und Interviews","slug":"bewertungen","link":"https:\/\/tragento.com\/de\/category\/osvrti\/"},"_links":{"self":[{"href":"https:\/\/tragento.com\/de\/wp-json\/wp\/v2\/posts\/12403","targetHints":{"allow":["GET"]}}],"collection":[{"href":"https:\/\/tragento.com\/de\/wp-json\/wp\/v2\/posts"}],"about":[{"href":"https:\/\/tragento.com\/de\/wp-json\/wp\/v2\/types\/post"}],"author":[{"embeddable":true,"href":"https:\/\/tragento.com\/de\/wp-json\/wp\/v2\/users\/2"}],"replies":[{"embeddable":true,"href":"https:\/\/tragento.com\/de\/wp-json\/wp\/v2\/comments?post=12403"}],"version-history":[{"count":3,"href":"https:\/\/tragento.com\/de\/wp-json\/wp\/v2\/posts\/12403\/revisions"}],"predecessor-version":[{"id":12409,"href":"https:\/\/tragento.com\/de\/wp-json\/wp\/v2\/posts\/12403\/revisions\/12409"}],"wp:featuredmedia":[{"embeddable":true,"href":"https:\/\/tragento.com\/de\/wp-json\/wp\/v2\/media\/9011"}],"wp:attachment":[{"href":"https:\/\/tragento.com\/de\/wp-json\/wp\/v2\/media?parent=12403"}],"wp:term":[{"taxonomy":"category","embeddable":true,"href":"https:\/\/tragento.com\/de\/wp-json\/wp\/v2\/categories?post=12403"},{"taxonomy":"post_tag","embeddable":true,"href":"https:\/\/tragento.com\/de\/wp-json\/wp\/v2\/tags?post=12403"}],"curies":[{"name":"WordPress","href":"https:\/\/api.w.org\/{rel}","templated":true}]}}