{"id":12388,"date":"2026-08-31T15:21:22","date_gmt":"2026-08-31T13:21:22","guid":{"rendered":"https:\/\/tragento.com\/?p=12388"},"modified":"2026-08-31T15:21:24","modified_gmt":"2026-08-31T13:21:24","slug":"niederlande-am-9-september-ist-mit-beeintrachtigungen-im-offentlichen-nahverkehr-zu-rechnen-da-ein-24-stundiger-streik-angekundigt-wurde","status":"publish","type":"post","link":"https:\/\/tragento.com\/de\/nizozemska-9-rujna-ostaje-bez-javnog-prijevoza-najavljen-24-satni-strajk\/","title":{"rendered":"In den Niederlanden f\u00e4llt am 9. September der \u00f6ffentliche Nahverkehr aus: 24-Stunden-Streik angek\u00fcndigt"},"content":{"rendered":"<p class=\"wp-block-paragraph\">Reisende, die am 9. September eine Reise durch die Niederlande planen, m\u00fcssen mit erheblichen Beeintr\u00e4chtigungen rechnen. Der Streik wird sich auf den Schienenverkehr sowie auf den st\u00e4dtischen und regionalen \u00f6ffentlichen Nahverkehr auswirken; die Besch\u00e4ftigten der NS und von ProRail wurden zur Teilnahme an dem Arbeitskampf aufgerufen.<\/p>\n\n\n\n<p class=\"wp-block-paragraph\">Die niederl\u00e4ndischen Gewerkschaften bereiten f\u00fcr Mittwoch, den 9. September 2026, einen landesweiten 24-st\u00fcndigen Streik im \u00f6ffentlichen Nahverkehr vor. Die FNV hat die Besch\u00e4ftigten im Schienenverkehr sowie im Regional- und Nahverkehr zur Teilnahme aufgerufen, w\u00e4hrend der CNV die Teilnahme seiner Mitglieder im \u00f6ffentlichen Nahverkehr, darunter bei der NS und dem Schieneninfrastrukturbetreiber ProRail, best\u00e4tigt hat.<\/p>\n\n\n\n<h2 id=\"h-vlakovi-autobusi-tramvaji-i-metro-pod-pritiskom-strajka\" class=\"wp-block-heading\">Z\u00fcge, Busse, Stra\u00dfenbahnen und die U-Bahn sind von Streiks betroffen.<\/h2>\n\n\n\n<p class=\"wp-block-paragraph\">Nach Angaben des nationalen Nahverkehrsplaners 9292 wird der Streik voraussichtlich 24 Stunden dauern und den \u00f6ffentlichen Nahverkehr im ganzen Land betreffen. Im Regionalverkehr beginnt die Arbeitsniederlegung mit Beginn der Tagesschicht, w\u00e4hrend die Gewerkschaft FNV voraussichtlich im Laufe des Septembers die genauen Start- und Endzeiten des Streiks f\u00fcr den Stadt- und Schienenverkehr bekannt geben wird.<\/p>\n\n\n\n<p class=\"wp-block-paragraph\">Der Grund f\u00fcr die Aktion sind nicht die Verhandlungen eines einzelnen Verkehrsunternehmens. Die Gewerkschaften protestieren gegen geplante K\u00fcrzungen im niederl\u00e4ndischen Sozialversicherungssystem, insbesondere gegen \u00c4nderungen im Bereich der Arbeitslosen- und Erwerbsunf\u00e4higkeitsleistungen. Nach Angaben der FNV belaufen sich die geplanten Einsparungen auf 6,8 Milliarden Euro.<\/p>\n\n\n\n<p class=\"wp-block-paragraph\">Die CNV best\u00e4tigte jedoch, dass sich ihre Mitglieder dem Streik anschlie\u00dfen w\u00fcrden, nachdem die Regierung nicht von ihren geplanten Ma\u00dfnahmen abger\u00fcckt war.<\/p>\n\n\n\n<h2 id=\"h-problem-za-avio-putnike-i-organizatore-putovanja\" class=\"wp-block-heading\">Ein Problem f\u00fcr Flugreisende und Reiseveranstalter<\/h2>\n\n\n\n<p class=\"wp-block-paragraph\">F\u00fcr die Tourismusbranche wird es am 9. September nicht nur um ausgefallene Z\u00fcge gehen. Die Beeintr\u00e4chtigungen k\u00f6nnten sich auf den Transfer zu Hotels, Gesch\u00e4ftsreisen, Gruppenprogramme und die Ankunft von Reisenden auswirken, die nach ihrem Flug auf Bahn- und Stadtverkehrsverbindungen angewiesen sind.<\/p>\n\n\n\n<p class=\"wp-block-paragraph\">Reiserouten \u00fcber Amsterdam und den Flughafen Schiphol sind besonders heikel, da der \u00f6ffentliche Nahverkehr eine wichtige Rolle bei der Verteilung der Passagiere in die Stadt und zu anderen Zielen in den Niederlanden spielt.<\/p>\n\n\n\n<p class=\"wp-block-paragraph\"><\/p>\n\n\n\n<p class=\"wp-block-paragraph\"><\/p>","protected":false},"excerpt":{"rendered":"<p>Putnici koji 9. rujna planiraju putovanje kroz Nizozemsku morat \u0107e ra\u010dunati na ozbiljne poreme\u0107aje. \u0160trajkom su obuhva\u0107eni \u017eeljeznica, gradski i regionalni javni prijevoz, a me\u0111u pozvanima na prekid rada su i zaposlenici NS-a i ProRaila. Nizozemski sindikati pripremaju nacionalni 24-satni \u0161trajk javnog prijevoza za srijedu,&#8230;<\/p>","protected":false},"author":2,"featured_media":7754,"comment_status":"closed","ping_status":"closed","sticky":false,"template":"","format":"standard","meta":{"_tragento_display_category":0,"footnotes":""},"categories":[89],"tags":[427,210],"class_list":["post-12388","post","type-post","status-publish","format-standard","has-post-thumbnail","hentry","category-vijesti","tag-nizozemska","tag-strajk-2"],"yoast_head":"<!-- This site is optimized with the Yoast SEO Premium plugin v28.3 (Yoast SEO v28.3) - https:\/\/yoast.com\/product\/yoast-seo-premium-wordpress\/ -->\n<title>Nizozemska 9. rujna ostaje bez javnog prijevoza - Tragento<\/title>\n<meta name=\"description\" content=\"Putnici u Nizozemskoj moraju o\u010dekivati poreme\u0107aje 9. rujna zbog najavljenog 24-satnog \u0161trajka javnog prijevoza.\" \/>\n<meta name=\"robots\" content=\"index, follow, max-snippet:-1, max-image-preview:large, max-video-preview:-1\" \/>\n<link rel=\"canonical\" href=\"https:\/\/tragento.com\/de\/niederlande-am-9-september-ist-mit-beeintrachtigungen-im-offentlichen-nahverkehr-zu-rechnen-da-ein-24-stundiger-streik-angekundigt-wurde\/\" \/>\n<meta property=\"og:locale\" content=\"de_DE\" \/>\n<meta property=\"og:type\" content=\"article\" \/>\n<meta property=\"og:title\" content=\"Nizozemska 9. rujna ostaje bez javnog prijevoza: najavljen 24-satni \u0161trajk\" \/>\n<meta property=\"og:description\" content=\"Putnici u Nizozemskoj moraju o\u010dekivati poreme\u0107aje 9. rujna zbog najavljenog 24-satnog \u0161trajka javnog prijevoza.\" \/>\n<meta property=\"og:url\" content=\"https:\/\/tragento.com\/de\/niederlande-am-9-september-ist-mit-beeintrachtigungen-im-offentlichen-nahverkehr-zu-rechnen-da-ein-24-stundiger-streik-angekundigt-wurde\/\" \/>\n<meta property=\"og:site_name\" content=\"Tragento\" \/>\n<meta property=\"article:publisher\" content=\"https:\/\/www.facebook.com\/profile.php?id=61567461024345\" \/>\n<meta property=\"article:published_time\" content=\"2026-08-31T13:21:22+00:00\" \/>\n<meta property=\"article:modified_time\" content=\"2026-08-31T13:21:24+00:00\" \/>\n<meta property=\"og:image\" content=\"https:\/\/tragento.com\/wp-content\/uploads\/2026\/01\/michal-parzuchowski-dmH3NWhYTHQ-unsplash-scaled-1.jpg\" \/>\n\t<meta property=\"og:image:width\" content=\"2560\" \/>\n\t<meta property=\"og:image:height\" content=\"1706\" \/>\n\t<meta property=\"og:image:type\" content=\"image\/jpeg\" \/>\n<meta name=\"author\" content=\"stipan.spaija\" \/>\n<meta name=\"twitter:card\" content=\"summary_large_image\" \/>\n<meta name=\"twitter:label1\" content=\"Verfasst von\" \/>\n\t<meta name=\"twitter:data1\" content=\"stipan.spaija\" \/>\n\t<meta name=\"twitter:label2\" content=\"Gesch\u00e4tzte Lesezeit\" \/>\n\t<meta name=\"twitter:data2\" content=\"2\u00a0Minuten\" \/>\n<script type=\"application\/ld+json\" class=\"yoast-schema-graph\">{\"@context\":\"https:\\\/\\\/schema.org\",\"@graph\":[{\"@type\":\"Article\",\"@id\":\"https:\\\/\\\/tragento.com\\\/nizozemska-9-rujna-ostaje-bez-javnog-prijevoza-najavljen-24-satni-strajk\\\/#article\",\"isPartOf\":{\"@id\":\"https:\\\/\\\/tragento.com\\\/nizozemska-9-rujna-ostaje-bez-javnog-prijevoza-najavljen-24-satni-strajk\\\/\"},\"author\":{\"name\":\"stipan.spaija\",\"@id\":\"https:\\\/\\\/tragento.com\\\/#\\\/schema\\\/person\\\/90a4711289a0230e41987dc84e2a8f1f\"},\"headline\":\"Nizozemska 9. rujna ostaje bez javnog prijevoza: najavljen 24-satni \u0161trajk\",\"datePublished\":\"2026-08-31T13:21:22+00:00\",\"dateModified\":\"2026-08-31T13:21:24+00:00\",\"mainEntityOfPage\":{\"@id\":\"https:\\\/\\\/tragento.com\\\/nizozemska-9-rujna-ostaje-bez-javnog-prijevoza-najavljen-24-satni-strajk\\\/\"},\"wordCount\":281,\"publisher\":{\"@id\":\"https:\\\/\\\/tragento.com\\\/#organization\"},\"image\":{\"@id\":\"https:\\\/\\\/tragento.com\\\/nizozemska-9-rujna-ostaje-bez-javnog-prijevoza-najavljen-24-satni-strajk\\\/#primaryimage\"},\"thumbnailUrl\":\"https:\\\/\\\/tragento.com\\\/wp-content\\\/uploads\\\/2026\\\/01\\\/michal-parzuchowski-dmH3NWhYTHQ-unsplash-scaled-1.jpg\",\"keywords\":[\"nizozemska\",\"strajk\"],\"articleSection\":[\"Vijesti\"],\"inLanguage\":\"de\"},{\"@type\":\"WebPage\",\"@id\":\"https:\\\/\\\/tragento.com\\\/nizozemska-9-rujna-ostaje-bez-javnog-prijevoza-najavljen-24-satni-strajk\\\/\",\"url\":\"https:\\\/\\\/tragento.com\\\/nizozemska-9-rujna-ostaje-bez-javnog-prijevoza-najavljen-24-satni-strajk\\\/\",\"name\":\"Nizozemska 9. rujna ostaje bez javnog prijevoza - Tragento\",\"isPartOf\":{\"@id\":\"https:\\\/\\\/tragento.com\\\/#website\"},\"primaryImageOfPage\":{\"@id\":\"https:\\\/\\\/tragento.com\\\/nizozemska-9-rujna-ostaje-bez-javnog-prijevoza-najavljen-24-satni-strajk\\\/#primaryimage\"},\"image\":{\"@id\":\"https:\\\/\\\/tragento.com\\\/nizozemska-9-rujna-ostaje-bez-javnog-prijevoza-najavljen-24-satni-strajk\\\/#primaryimage\"},\"thumbnailUrl\":\"https:\\\/\\\/tragento.com\\\/wp-content\\\/uploads\\\/2026\\\/01\\\/michal-parzuchowski-dmH3NWhYTHQ-unsplash-scaled-1.jpg\",\"datePublished\":\"2026-08-31T13:21:22+00:00\",\"dateModified\":\"2026-08-31T13:21:24+00:00\",\"description\":\"Putnici u Nizozemskoj moraju o\u010dekivati poreme\u0107aje 9. rujna zbog najavljenog 24-satnog \u0161trajka javnog prijevoza.\",\"breadcrumb\":{\"@id\":\"https:\\\/\\\/tragento.com\\\/nizozemska-9-rujna-ostaje-bez-javnog-prijevoza-najavljen-24-satni-strajk\\\/#breadcrumb\"},\"inLanguage\":\"de\",\"potentialAction\":[{\"@type\":\"ReadAction\",\"target\":[\"https:\\\/\\\/tragento.com\\\/nizozemska-9-rujna-ostaje-bez-javnog-prijevoza-najavljen-24-satni-strajk\\\/\"]}]},{\"@type\":\"ImageObject\",\"inLanguage\":\"de\",\"@id\":\"https:\\\/\\\/tragento.com\\\/nizozemska-9-rujna-ostaje-bez-javnog-prijevoza-najavljen-24-satni-strajk\\\/#primaryimage\",\"url\":\"https:\\\/\\\/tragento.com\\\/wp-content\\\/uploads\\\/2026\\\/01\\\/michal-parzuchowski-dmH3NWhYTHQ-unsplash-scaled-1.jpg\",\"contentUrl\":\"https:\\\/\\\/tragento.com\\\/wp-content\\\/uploads\\\/2026\\\/01\\\/michal-parzuchowski-dmH3NWhYTHQ-unsplash-scaled-1.jpg\",\"width\":2560,\"height\":1706,\"caption\":\"Photo by Micha\u0142 Parzuchowski on Unsplash\"},{\"@type\":\"BreadcrumbList\",\"@id\":\"https:\\\/\\\/tragento.com\\\/nizozemska-9-rujna-ostaje-bez-javnog-prijevoza-najavljen-24-satni-strajk\\\/#breadcrumb\",\"itemListElement\":[{\"@type\":\"ListItem\",\"position\":1,\"name\":\"Home\",\"item\":\"https:\\\/\\\/tragento.com\\\/\"},{\"@type\":\"ListItem\",\"position\":2,\"name\":\"Nizozemska 9. rujna ostaje bez javnog prijevoza: najavljen 24-satni \u0161trajk\"}]},{\"@type\":\"WebSite\",\"@id\":\"https:\\\/\\\/tragento.com\\\/#website\",\"url\":\"https:\\\/\\\/tragento.com\\\/\",\"name\":\"Tragento\",\"description\":\"Your Trusted Travel Partner\",\"publisher\":{\"@id\":\"https:\\\/\\\/tragento.com\\\/#organization\"},\"potentialAction\":[{\"@type\":\"SearchAction\",\"target\":{\"@type\":\"EntryPoint\",\"urlTemplate\":\"https:\\\/\\\/tragento.com\\\/?s={search_term_string}\"},\"query-input\":{\"@type\":\"PropertyValueSpecification\",\"valueRequired\":true,\"valueName\":\"search_term_string\"}}],\"inLanguage\":\"de\"},{\"@type\":\"Organization\",\"@id\":\"https:\\\/\\\/tragento.com\\\/#organization\",\"name\":\"Tragento\",\"url\":\"https:\\\/\\\/tragento.com\\\/\",\"logo\":{\"@type\":\"ImageObject\",\"inLanguage\":\"de\",\"@id\":\"https:\\\/\\\/tragento.com\\\/#\\\/schema\\\/logo\\\/image\\\/\",\"url\":\"https:\\\/\\\/tragento.com\\\/wp-content\\\/uploads\\\/2026\\\/08\\\/Wordpress-Transparent.png\",\"contentUrl\":\"https:\\\/\\\/tragento.com\\\/wp-content\\\/uploads\\\/2026\\\/08\\\/Wordpress-Transparent.png\",\"width\":512,\"height\":512,\"caption\":\"Tragento\"},\"image\":{\"@id\":\"https:\\\/\\\/tragento.com\\\/#\\\/schema\\\/logo\\\/image\\\/\"},\"sameAs\":[\"https:\\\/\\\/www.facebook.com\\\/profile.php?id=61567461024345\"],\"email\":\"info@tragento.com\",\"vatID\":\"HR80113219655\"},{\"@type\":\"Person\",\"@id\":\"https:\\\/\\\/tragento.com\\\/#\\\/schema\\\/person\\\/90a4711289a0230e41987dc84e2a8f1f\",\"name\":\"stipan.spaija\",\"image\":{\"@type\":\"ImageObject\",\"inLanguage\":\"de\",\"@id\":\"https:\\\/\\\/secure.gravatar.com\\\/avatar\\\/46ef65dabb1d8437d028b65b563fda6f57826810ab502a7f951be82634843f60?s=96&d=mm&r=g\",\"url\":\"https:\\\/\\\/secure.gravatar.com\\\/avatar\\\/46ef65dabb1d8437d028b65b563fda6f57826810ab502a7f951be82634843f60?s=96&d=mm&r=g\",\"contentUrl\":\"https:\\\/\\\/secure.gravatar.com\\\/avatar\\\/46ef65dabb1d8437d028b65b563fda6f57826810ab502a7f951be82634843f60?s=96&d=mm&r=g\",\"caption\":\"stipan.spaija\"},\"birthDate\":\"1978-03-22\",\"gender\":\"Male\",\"knowsLanguage\":[\"Croatian\",\"English\"],\"url\":\"https:\\\/\\\/tragento.com\\\/de\\\/author\\\/stipan-spaija\\\/\"}]}<\/script>\n<!-- \/ Yoast SEO Premium plugin. -->","yoast_head_json":{"title":"In den Niederlanden f\u00e4llt am 9. September der \u00f6ffentliche Nahverkehr aus \u2013 Tragento","description":"Reisende in den Niederlanden m\u00fcssen sich am 9. September aufgrund eines geplanten 24-st\u00fcndigen Streiks im \u00f6ffentlichen Nahverkehr auf Beeintr\u00e4chtigungen einstellen.","robots":{"index":"index","follow":"follow","max-snippet":"max-snippet:-1","max-image-preview":"max-image-preview:large","max-video-preview":"max-video-preview:-1"},"canonical":"https:\/\/tragento.com\/de\/niederlande-am-9-september-ist-mit-beeintrachtigungen-im-offentlichen-nahverkehr-zu-rechnen-da-ein-24-stundiger-streik-angekundigt-wurde\/","og_locale":"de_DE","og_type":"article","og_title":"Nizozemska 9. rujna ostaje bez javnog prijevoza: najavljen 24-satni \u0161trajk","og_description":"Putnici u Nizozemskoj moraju o\u010dekivati poreme\u0107aje 9. rujna zbog najavljenog 24-satnog \u0161trajka javnog prijevoza.","og_url":"https:\/\/tragento.com\/de\/niederlande-am-9-september-ist-mit-beeintrachtigungen-im-offentlichen-nahverkehr-zu-rechnen-da-ein-24-stundiger-streik-angekundigt-wurde\/","og_site_name":"Tragento","article_publisher":"https:\/\/www.facebook.com\/profile.php?id=61567461024345","article_published_time":"2026-08-31T13:21:22+00:00","article_modified_time":"2026-08-31T13:21:24+00:00","og_image":[{"width":2560,"height":1706,"url":"https:\/\/tragento.com\/wp-content\/uploads\/2026\/01\/michal-parzuchowski-dmH3NWhYTHQ-unsplash-scaled-1.jpg","type":"image\/jpeg"}],"author":"stipan.spaija","twitter_card":"summary_large_image","twitter_misc":{"Verfasst von":"stipan.spaija","Gesch\u00e4tzte Lesezeit":"2\u00a0Minuten"},"schema":{"@context":"https:\/\/schema.org","@graph":[{"@type":"Article","@id":"https:\/\/tragento.com\/nizozemska-9-rujna-ostaje-bez-javnog-prijevoza-najavljen-24-satni-strajk\/#article","isPartOf":{"@id":"https:\/\/tragento.com\/nizozemska-9-rujna-ostaje-bez-javnog-prijevoza-najavljen-24-satni-strajk\/"},"author":{"name":"stipan.spaija","@id":"https:\/\/tragento.com\/#\/schema\/person\/90a4711289a0230e41987dc84e2a8f1f"},"headline":"Nizozemska 9. rujna ostaje bez javnog prijevoza: najavljen 24-satni \u0161trajk","datePublished":"2026-08-31T13:21:22+00:00","dateModified":"2026-08-31T13:21:24+00:00","mainEntityOfPage":{"@id":"https:\/\/tragento.com\/nizozemska-9-rujna-ostaje-bez-javnog-prijevoza-najavljen-24-satni-strajk\/"},"wordCount":281,"publisher":{"@id":"https:\/\/tragento.com\/#organization"},"image":{"@id":"https:\/\/tragento.com\/nizozemska-9-rujna-ostaje-bez-javnog-prijevoza-najavljen-24-satni-strajk\/#primaryimage"},"thumbnailUrl":"https:\/\/tragento.com\/wp-content\/uploads\/2026\/01\/michal-parzuchowski-dmH3NWhYTHQ-unsplash-scaled-1.jpg","keywords":["nizozemska","strajk"],"articleSection":["Vijesti"],"inLanguage":"de"},{"@type":"WebPage","@id":"https:\/\/tragento.com\/nizozemska-9-rujna-ostaje-bez-javnog-prijevoza-najavljen-24-satni-strajk\/","url":"https:\/\/tragento.com\/nizozemska-9-rujna-ostaje-bez-javnog-prijevoza-najavljen-24-satni-strajk\/","name":"In den Niederlanden f\u00e4llt am 9. September der \u00f6ffentliche Nahverkehr aus \u2013 Tragento","isPartOf":{"@id":"https:\/\/tragento.com\/#website"},"primaryImageOfPage":{"@id":"https:\/\/tragento.com\/nizozemska-9-rujna-ostaje-bez-javnog-prijevoza-najavljen-24-satni-strajk\/#primaryimage"},"image":{"@id":"https:\/\/tragento.com\/nizozemska-9-rujna-ostaje-bez-javnog-prijevoza-najavljen-24-satni-strajk\/#primaryimage"},"thumbnailUrl":"https:\/\/tragento.com\/wp-content\/uploads\/2026\/01\/michal-parzuchowski-dmH3NWhYTHQ-unsplash-scaled-1.jpg","datePublished":"2026-08-31T13:21:22+00:00","dateModified":"2026-08-31T13:21:24+00:00","description":"Reisende in den Niederlanden m\u00fcssen sich am 9. September aufgrund eines geplanten 24-st\u00fcndigen Streiks im \u00f6ffentlichen Nahverkehr auf Beeintr\u00e4chtigungen einstellen.","breadcrumb":{"@id":"https:\/\/tragento.com\/nizozemska-9-rujna-ostaje-bez-javnog-prijevoza-najavljen-24-satni-strajk\/#breadcrumb"},"inLanguage":"de","potentialAction":[{"@type":"ReadAction","target":["https:\/\/tragento.com\/nizozemska-9-rujna-ostaje-bez-javnog-prijevoza-najavljen-24-satni-strajk\/"]}]},{"@type":"ImageObject","inLanguage":"de","@id":"https:\/\/tragento.com\/nizozemska-9-rujna-ostaje-bez-javnog-prijevoza-najavljen-24-satni-strajk\/#primaryimage","url":"https:\/\/tragento.com\/wp-content\/uploads\/2026\/01\/michal-parzuchowski-dmH3NWhYTHQ-unsplash-scaled-1.jpg","contentUrl":"https:\/\/tragento.com\/wp-content\/uploads\/2026\/01\/michal-parzuchowski-dmH3NWhYTHQ-unsplash-scaled-1.jpg","width":2560,"height":1706,"caption":"Photo by Micha\u0142 Parzuchowski on Unsplash"},{"@type":"BreadcrumbList","@id":"https:\/\/tragento.com\/nizozemska-9-rujna-ostaje-bez-javnog-prijevoza-najavljen-24-satni-strajk\/#breadcrumb","itemListElement":[{"@type":"ListItem","position":1,"name":"Home","item":"https:\/\/tragento.com\/"},{"@type":"ListItem","position":2,"name":"Nizozemska 9. rujna ostaje bez javnog prijevoza: najavljen 24-satni \u0161trajk"}]},{"@type":"WebSite","@id":"https:\/\/tragento.com\/#website","url":"https:\/\/tragento.com\/","name":"Tragento","description":"Ihr zuverl\u00e4ssiger Reisepartner","publisher":{"@id":"https:\/\/tragento.com\/#organization"},"potentialAction":[{"@type":"SearchAction","target":{"@type":"EntryPoint","urlTemplate":"https:\/\/tragento.com\/?s={search_term_string}"},"query-input":{"@type":"PropertyValueSpecification","valueRequired":true,"valueName":"search_term_string"}}],"inLanguage":"de"},{"@type":"Organization","@id":"https:\/\/tragento.com\/#organization","name":"Tragento","url":"https:\/\/tragento.com\/","logo":{"@type":"ImageObject","inLanguage":"de","@id":"https:\/\/tragento.com\/#\/schema\/logo\/image\/","url":"https:\/\/tragento.com\/wp-content\/uploads\/2026\/08\/Wordpress-Transparent.png","contentUrl":"https:\/\/tragento.com\/wp-content\/uploads\/2026\/08\/Wordpress-Transparent.png","width":512,"height":512,"caption":"Tragento"},"image":{"@id":"https:\/\/tragento.com\/#\/schema\/logo\/image\/"},"sameAs":["https:\/\/www.facebook.com\/profile.php?id=61567461024345"],"email":"info@tragento.com","vatID":"HR80113219655"},{"@type":"Person","@id":"https:\/\/tragento.com\/#\/schema\/person\/90a4711289a0230e41987dc84e2a8f1f","name":"stipan.spaija","image":{"@type":"ImageObject","inLanguage":"de","@id":"https:\/\/secure.gravatar.com\/avatar\/46ef65dabb1d8437d028b65b563fda6f57826810ab502a7f951be82634843f60?s=96&d=mm&r=g","url":"https:\/\/secure.gravatar.com\/avatar\/46ef65dabb1d8437d028b65b563fda6f57826810ab502a7f951be82634843f60?s=96&d=mm&r=g","contentUrl":"https:\/\/secure.gravatar.com\/avatar\/46ef65dabb1d8437d028b65b563fda6f57826810ab502a7f951be82634843f60?s=96&d=mm&r=g","caption":"stipan.spaija"},"birthDate":"1978-03-22","gender":"Male","knowsLanguage":["Croatian","English"],"url":"https:\/\/tragento.com\/de\/author\/stipan-spaija\/"}]}},"tragento_display_category":{"id":89,"name":"Nachrichten","slug":"nachrichten","link":"https:\/\/tragento.com\/de\/category\/vijesti\/"},"_links":{"self":[{"href":"https:\/\/tragento.com\/de\/wp-json\/wp\/v2\/posts\/12388","targetHints":{"allow":["GET"]}}],"collection":[{"href":"https:\/\/tragento.com\/de\/wp-json\/wp\/v2\/posts"}],"about":[{"href":"https:\/\/tragento.com\/de\/wp-json\/wp\/v2\/types\/post"}],"author":[{"embeddable":true,"href":"https:\/\/tragento.com\/de\/wp-json\/wp\/v2\/users\/2"}],"replies":[{"embeddable":true,"href":"https:\/\/tragento.com\/de\/wp-json\/wp\/v2\/comments?post=12388"}],"version-history":[{"count":1,"href":"https:\/\/tragento.com\/de\/wp-json\/wp\/v2\/posts\/12388\/revisions"}],"predecessor-version":[{"id":12389,"href":"https:\/\/tragento.com\/de\/wp-json\/wp\/v2\/posts\/12388\/revisions\/12389"}],"wp:featuredmedia":[{"embeddable":true,"href":"https:\/\/tragento.com\/de\/wp-json\/wp\/v2\/media\/7754"}],"wp:attachment":[{"href":"https:\/\/tragento.com\/de\/wp-json\/wp\/v2\/media?parent=12388"}],"wp:term":[{"taxonomy":"category","embeddable":true,"href":"https:\/\/tragento.com\/de\/wp-json\/wp\/v2\/categories?post=12388"},{"taxonomy":"post_tag","embeddable":true,"href":"https:\/\/tragento.com\/de\/wp-json\/wp\/v2\/tags?post=12388"}],"curies":[{"name":"WordPress","href":"https:\/\/api.w.org\/{rel}","templated":true}]}}